{"id":13619,"date":"2022-10-14T08:58:12","date_gmt":"2022-10-14T11:58:12","guid":{"rendered":"https:\/\/acontecenafronteira.com.br\/?p=13619"},"modified":"2022-10-14T08:58:13","modified_gmt":"2022-10-14T11:58:13","slug":"delegado-francisco-sampaio-a-maior-decepcao-eleitoral-de-2022-em-foz","status":"publish","type":"post","link":"https:\/\/acontecenafronteira.com.br\/index.php\/2022\/10\/14\/delegado-francisco-sampaio-a-maior-decepcao-eleitoral-de-2022-em-foz\/","title":{"rendered":"Delegado Francisco Sampaio, A maior decep\u00e7\u00e3o eleitoral de 2022 em Foz"},"content":{"rendered":"\n<p><strong><em>Delegado Francisco Sampaio mostrou o derretimento do seu capital pol\u00edtico<\/em><\/strong><\/p>\n\n\n\n<p id=\"viewer-90c0z494\">A elei\u00e7\u00e3o de 2022 foi, realmente, surpreendente. Algumas pessoas j\u00e1 diziam que o delegado e vice prefeito Francisco Sampaio, n\u00e3o dispontaria em Foz e regi\u00e3o.<\/p>\n\n\n\n<p id=\"viewer-5cksv2458\">Sampaio \u00e9 delegado da Pol\u00edcia Civil e atualmente \u00e9 vice prefeito de Foz do Igua\u00e7u. O Delegado era a grande aposta de Chico Brasileiro para a sua sucess\u00e3o, at\u00e9 o mesmo repentinamente trocar de lado e come\u00e7ar a brigar com a gest\u00e3o e atacar o prefeito.<\/p>\n\n\n\n<p id=\"viewer-kurmm8364\">Em 2020, o Delegado, despontou em pesquisas e durante a campanha exibia sua popularidade com a popula\u00e7\u00e3o de Foz do Igua\u00e7u. Mas a partir de 2022, quando come\u00e7ou a fazer cr\u00edticas infundadas contra seu companheiro, vemos sua credibilidade cair perante a popula\u00e7\u00e3o de Foz.<\/p>\n\n\n\n<p id=\"viewer-74rae16423\">Nessa elei\u00e7\u00e3o \u00e0s urnas comprovaram o derretimento da sua for\u00e7a eleitoral. Enquanto a esposa do atual prefeito foi a candidata mais votada da cidade com 19.025 votos, Francisco Sampaio conquistou apenas 6.448 votos.<\/p>\n\n\n\n<p id=\"viewer-2vz5031523\">Agora, Sampaio, tenta se agarrar com o deputado federal Vermelho para viabilizar uma candidatura para o pr\u00f3ximo pleito. Mas, agora, com a pecha de tra\u00edra e sem toda a popularidade que tinha em 2020 n\u00e3o ser\u00e1 t\u00e3o f\u00e1cil se destacar nesse novo grupo.<\/p>\n\n\n\n<figure class=\"wp-block-image size-full\"><img loading=\"lazy\" decoding=\"async\" width=\"800\" height=\"445\" src=\"https:\/\/acontecenafronteira.com.br\/wp-content\/uploads\/2022\/10\/sampaio.jpg\" alt=\"\" class=\"wp-image-13620\" srcset=\"https:\/\/acontecenafronteira.com.br\/wp-content\/uploads\/2022\/10\/sampaio.jpg 800w, https:\/\/acontecenafronteira.com.br\/wp-content\/uploads\/2022\/10\/sampaio-300x167.jpg 300w, https:\/\/acontecenafronteira.com.br\/wp-content\/uploads\/2022\/10\/sampaio-768x427.jpg 768w\" sizes=\"auto, (max-width: 800px) 100vw, 800px\" \/><\/figure>\n","protected":false},"excerpt":{"rendered":"<p>Delegado Francisco Sampaio mostrou o derretimento do seu capital pol\u00edtico A elei\u00e7\u00e3o de 2022 foi, realmente, surpreendente. Algumas pessoas j\u00e1 diziam que o delegado e vice prefeito Francisco Sampaio, n\u00e3o dispontaria em Foz e regi\u00e3o. Sampaio \u00e9 delegado da Pol\u00edcia Civil e atualmente \u00e9 vice prefeito de Foz do Igua\u00e7u. O Delegado era a grande [&hellip;]<\/p>\n","protected":false},"author":2,"featured_media":13620,"comment_status":"open","ping_status":"open","sticky":false,"template":"","format":"standard","meta":{"om_disable_all_campaigns":false,"_monsterinsights_skip_tracking":false,"_monsterinsights_sitenote_active":false,"_monsterinsights_sitenote_note":"","_monsterinsights_sitenote_category":0,"footnotes":""},"categories":[24,19],"tags":[],"class_list":["post-13619","post","type-post","status-publish","format-standard","has-post-thumbnail","hentry","category-eleicoes","category-politica"],"_links":{"self":[{"href":"https:\/\/acontecenafronteira.com.br\/index.php\/wp-json\/wp\/v2\/posts\/13619","targetHints":{"allow":["GET"]}}],"collection":[{"href":"https:\/\/acontecenafronteira.com.br\/index.php\/wp-json\/wp\/v2\/posts"}],"about":[{"href":"https:\/\/acontecenafronteira.com.br\/index.php\/wp-json\/wp\/v2\/types\/post"}],"author":[{"embeddable":true,"href":"https:\/\/acontecenafronteira.com.br\/index.php\/wp-json\/wp\/v2\/users\/2"}],"replies":[{"embeddable":true,"href":"https:\/\/acontecenafronteira.com.br\/index.php\/wp-json\/wp\/v2\/comments?post=13619"}],"version-history":[{"count":1,"href":"https:\/\/acontecenafronteira.com.br\/index.php\/wp-json\/wp\/v2\/posts\/13619\/revisions"}],"predecessor-version":[{"id":13621,"href":"https:\/\/acontecenafronteira.com.br\/index.php\/wp-json\/wp\/v2\/posts\/13619\/revisions\/13621"}],"wp:featuredmedia":[{"embeddable":true,"href":"https:\/\/acontecenafronteira.com.br\/index.php\/wp-json\/wp\/v2\/media\/13620"}],"wp:attachment":[{"href":"https:\/\/acontecenafronteira.com.br\/index.php\/wp-json\/wp\/v2\/media?parent=13619"}],"wp:term":[{"taxonomy":"category","embeddable":true,"href":"https:\/\/acontecenafronteira.com.br\/index.php\/wp-json\/wp\/v2\/categories?post=13619"},{"taxonomy":"post_tag","embeddable":true,"href":"https:\/\/acontecenafronteira.com.br\/index.php\/wp-json\/wp\/v2\/tags?post=13619"}],"curies":[{"name":"wp","href":"https:\/\/api.w.org\/{rel}","templated":true}]}}