{"id":13550,"date":"2022-10-10T15:12:26","date_gmt":"2022-10-10T18:12:26","guid":{"rendered":"https:\/\/acontecenafronteira.com.br\/?p=13550"},"modified":"2022-10-10T15:12:27","modified_gmt":"2022-10-10T18:12:27","slug":"estao-abertas-as-inscricoes-para-ii-mostra-de-talentos-da-semana-do-servidor","status":"publish","type":"post","link":"https:\/\/acontecenafronteira.com.br\/index.php\/2022\/10\/10\/estao-abertas-as-inscricoes-para-ii-mostra-de-talentos-da-semana-do-servidor\/","title":{"rendered":"Est\u00e3o abertas as inscri\u00e7\u00f5es para \u201cII Mostra de Talentos\u201d da Semana do Servidor"},"content":{"rendered":"\n<p>Neste ano, \u201cShow de Talentos\u201d abrir\u00e1 a programa\u00e7\u00e3o da Feirinha Extra da JK, no dia 22 de outubro; evento contar\u00e1 com a apresenta\u00e7\u00e3o da banda \u201cRock de Galp\u00e3o\u201d<\/p>\n\n\n\n<p>As inscri\u00e7\u00f5es para a \u201cII Mostra de Talentos\u201d da Semana do Servidor est\u00e3o abertas at\u00e9 o dia 17 de outubro e podem ser feitas atrav\u00e9s do telefone (45) 99842-3151. Neste ano, a programa\u00e7\u00e3o se divide entre um evento na Funda\u00e7\u00e3o Cultural, no dia 21 de outubro, e \u00e0 Feirinha Extra da JK, no dia 22 de outubro, que ter\u00e1 como atra\u00e7\u00e3o principal a apresenta\u00e7\u00e3o da banda \u201cRock de Galp\u00e3o\u201d.<\/p>\n\n\n\n<p>De acordo com a diretora de Sa\u00fade Ocupacional, Carla Conrad de Lima, a programa\u00e7\u00e3o foi dividida por modalidades. Apresenta\u00e7\u00f5es de declama\u00e7\u00e3o de poesia, teatro e esquetes, por exemplo, acontecer\u00e3o na Funda\u00e7\u00e3o Cultural, no dia 21 de outubro, a partir das 19h. J\u00e1 dan\u00e7a e m\u00fasica, v\u00e3o integrar as atividades da Feira Extra da JK, no dia 22 de outubro, tamb\u00e9m a partir das 19h.<\/p>\n\n\n\n<p>Al\u00e9m do Show de Talentos, a programa\u00e7\u00e3o inova com uma exposi\u00e7\u00e3o de artesanato que se somar\u00e1 \u00e0s atra\u00e7\u00f5es da Feirinha Extra da JK. Os servidores interessados poder\u00e3o expor seus produtos em um estande montado especialmente para a \u201cMostra de Talentos\u201d.<\/p>\n\n\n\n<p>Oportunidade<\/p>\n\n\n\n<p>As apresenta\u00e7\u00f5es art\u00edsticas dos servidores abrir\u00e3o o palco da Pra\u00e7a da Paz para uma das bandas mais arrojadas e criativas do Sul do pa\u00eds, com releituras contempor\u00e2neas do cancioneiro do Sul. O grupo faz uma turn\u00ea em celebra\u00e7\u00e3o ao anivers\u00e1rio de 15 anos e chega \u00e0 cidade atrav\u00e9s de uma parceria entre a Prefeitura de Foz do Igua\u00e7u, Funda\u00e7\u00e3o Cultural e SESI.<\/p>\n\n\n\n<blockquote class=\"wp-block-quote is-layout-flow wp-block-quote-is-layout-flow\"><p>\u201cSer\u00e1 um momento muito especial e abre uma janela importante para divulga\u00e7\u00e3o dos nossos servidores que possuem talentos, mas muitas vezes, n\u00e3o possuem espa\u00e7os e oportunidades para compartilhar suas potencialidades art\u00edsticas\u201d, expressou a diretora da Sa\u00fade Ocupacional, Carla Conrad de Lima.<\/p><\/blockquote>\n\n\n\n<p>Expectativa<\/p>\n\n\n\n<p>A expectativa \u00e9 superar o n\u00famero de participantes do ano passado. Ser\u00e3o 30 vagas para apresenta\u00e7\u00f5es culturais e art\u00edsticas e 30 para a exposi\u00e7\u00e3o de artesanato.<\/p>\n\n\n\n<p>A amplia\u00e7\u00e3o das atra\u00e7\u00f5es reflete o compromisso da gest\u00e3o com a programa\u00e7\u00e3o voltada ao servidor. A primeira edi\u00e7\u00e3o da \u201cMostra de Talentos\u201d, no ano passado, mobilizou os servidores e revelou diversos talentos do funcionalismo p\u00fablico municipal. \u201cTemos o compromisso de sempre melhorar a oferta de a\u00e7\u00f5es para os servidores e percebemos que h\u00e1 uma grande ades\u00e3o em todas as iniciativas, porque elas promovem integra\u00e7\u00e3o, bem-estar e s\u00e3o motivacionais\u201d, expressou a Diretora de Sa\u00fade Ocupacional, Carla Conrad de Lima.<\/p>\n\n\n\n<p>Semana do Servidor<\/p>\n\n\n\n<p>A Semana do Servidor \u00e9 organizada pela Secretaria Municipal da Administra\u00e7\u00e3o, atrav\u00e9s da Diretoria Ocupacional da Sa\u00fade, em alus\u00e3o ao Dia do Servidor, celebrado em 28 de outubro. A programa\u00e7\u00e3o ser\u00e1 aberta no dia 24 de outubro e segue at\u00e9 o dia 27 com diversas atividades, entre competi\u00e7\u00f5es, palestras, workshops, entre outros.<\/p>\n\n\n\n<p>As tradicionais \u201cCaminhada\u201d e \u201cCorrida do Servidor\u201d tamb\u00e9m marcam a programa\u00e7\u00e3o do evento e est\u00e3o previstas para o dia 23 de outubro. Al\u00e9m da programa\u00e7\u00e3o oficial, as celebra\u00e7\u00f5es em alus\u00e3o do Dia do Servidor tiveram in\u00edcio ainda no m\u00eas passado, com a abertura dos torneios de futebol su\u00ed\u00e7o e v\u00f4lei de praia. Os torneios finais das competi\u00e7\u00f5es selar\u00e3o o encerramento da programa\u00e7\u00e3o, no dia 27 de outubro.<\/p>\n","protected":false},"excerpt":{"rendered":"<p>Neste ano, \u201cShow de Talentos\u201d abrir\u00e1 a programa\u00e7\u00e3o da Feirinha Extra da JK, no dia 22 de outubro; evento contar\u00e1 com a apresenta\u00e7\u00e3o da banda \u201cRock de Galp\u00e3o\u201d As inscri\u00e7\u00f5es para a \u201cII Mostra de Talentos\u201d da Semana do Servidor est\u00e3o abertas at\u00e9 o dia 17 de outubro e podem ser feitas atrav\u00e9s do telefone [&hellip;]<\/p>\n","protected":false},"author":2,"featured_media":13551,"comment_status":"open","ping_status":"open","sticky":false,"template":"","format":"standard","meta":{"om_disable_all_campaigns":false,"_monsterinsights_skip_tracking":false,"_monsterinsights_sitenote_active":false,"_monsterinsights_sitenote_note":"","_monsterinsights_sitenote_category":0,"footnotes":""},"categories":[4,3],"tags":[],"class_list":["post-13550","post","type-post","status-publish","format-standard","has-post-thumbnail","hentry","category-cidade","category-cultura"],"_links":{"self":[{"href":"https:\/\/acontecenafronteira.com.br\/index.php\/wp-json\/wp\/v2\/posts\/13550","targetHints":{"allow":["GET"]}}],"collection":[{"href":"https:\/\/acontecenafronteira.com.br\/index.php\/wp-json\/wp\/v2\/posts"}],"about":[{"href":"https:\/\/acontecenafronteira.com.br\/index.php\/wp-json\/wp\/v2\/types\/post"}],"author":[{"embeddable":true,"href":"https:\/\/acontecenafronteira.com.br\/index.php\/wp-json\/wp\/v2\/users\/2"}],"replies":[{"embeddable":true,"href":"https:\/\/acontecenafronteira.com.br\/index.php\/wp-json\/wp\/v2\/comments?post=13550"}],"version-history":[{"count":1,"href":"https:\/\/acontecenafronteira.com.br\/index.php\/wp-json\/wp\/v2\/posts\/13550\/revisions"}],"predecessor-version":[{"id":13552,"href":"https:\/\/acontecenafronteira.com.br\/index.php\/wp-json\/wp\/v2\/posts\/13550\/revisions\/13552"}],"wp:featuredmedia":[{"embeddable":true,"href":"https:\/\/acontecenafronteira.com.br\/index.php\/wp-json\/wp\/v2\/media\/13551"}],"wp:attachment":[{"href":"https:\/\/acontecenafronteira.com.br\/index.php\/wp-json\/wp\/v2\/media?parent=13550"}],"wp:term":[{"taxonomy":"category","embeddable":true,"href":"https:\/\/acontecenafronteira.com.br\/index.php\/wp-json\/wp\/v2\/categories?post=13550"},{"taxonomy":"post_tag","embeddable":true,"href":"https:\/\/acontecenafronteira.com.br\/index.php\/wp-json\/wp\/v2\/tags?post=13550"}],"curies":[{"name":"wp","href":"https:\/\/api.w.org\/{rel}","templated":true}]}}