{"id":13518,"date":"2022-10-10T13:40:38","date_gmt":"2022-10-10T16:40:38","guid":{"rendered":"https:\/\/acontecenafronteira.com.br\/?p=13518"},"modified":"2022-10-10T13:40:39","modified_gmt":"2022-10-10T16:40:39","slug":"saude-aplica-549-doses-de-vacinas-em-campanha-no-jardim-america","status":"publish","type":"post","link":"https:\/\/acontecenafronteira.com.br\/index.php\/2022\/10\/10\/saude-aplica-549-doses-de-vacinas-em-campanha-no-jardim-america\/","title":{"rendered":"Sa\u00fade aplica 549 doses de vacinas em campanha no Jardim Am\u00e9rica"},"content":{"rendered":"\n<p>Pr\u00f3xima a\u00e7\u00e3o em parceria com os clubes de Rotary acontecer\u00e1 no dia 22 de outubro, das 9h \u00e0s 15h, na UBS do Cidade Nova<\/p>\n\n\n\n<p>A Secretaria Municipal da Sa\u00fade aplicou 549 doses de vacinas em crian\u00e7as e adolescentes durante a mobiliza\u00e7\u00e3o do \u00faltimo s\u00e1bado (08), realizada na Unidade B\u00e1sica de Sa\u00fade do Jardim Am\u00e9rica em parceria com os Clubes de Rotary.<\/p>\n\n\n\n<p>Destas doses, 359 foram de rotina, aquelas que integram o Calend\u00e1rio Nacional de Vacina\u00e7\u00e3o e s\u00e3o disponibilizadas conforma a faixa et\u00e1ria. Tamb\u00e9m foram aplicadas 130 vacinas contra a gripe (Influenza), 60 contra a Covid e 95 crian\u00e7as de 1 a 4 anos receberam as gotinhas contra a paralisia infantil (Poliomielite).<\/p>\n\n\n\n<p>Esta foi a segunda a\u00e7\u00e3o realizada pela Prefeitura de Foz em parceria com o Rotary. Somadas as duas edi\u00e7\u00f5es, foram 999 doses aplicadas em crian\u00e7as e adolescentes de at\u00e9 15 anos. \u201cNa primeira mobiliza\u00e7\u00e3o, no Jardim S\u00e3o Paulo, 450 doses foram aplicadas e agora j\u00e1 tivemos um aumento, para 549. Apesar de ainda n\u00e3o alcan\u00e7armos a cobertura da P\u00f3lio, a a\u00e7\u00e3o tem trazido bons resultados e \u00e9 uma oportunidade para atualizar as carteirinhas de vacina\u00e7\u00e3o das crian\u00e7as\u201d, comentou a coordenadora do Programa de Imuniza\u00e7\u00e3o Adriana Izuka.<\/p>\n\n\n\n<p>As crian\u00e7as imunizadas tamb\u00e9m aproveitaram o s\u00e1bado para se divertir nos brinquedos infl\u00e1veis montados na quadra da Escola Elenice Milhoran\u00e7a, em frente \u00e0 UBS do Jardim Am\u00e9rica. O Rotary fez a distribui\u00e7\u00e3o de algod\u00e3o doce, pipoca e gelinho. O Z\u00e9 Gotinha e Maria Gotinha tamb\u00e9m marcaram presen\u00e7a e posaram para fotos com os pequenos.<\/p>\n\n\n\n<p>Vacina\u00e7\u00e3o<\/p>\n\n\n\n<p>Paralelo \u00e0 iniciativa na UBS do Jardim Am\u00e9rica, as equipes da Secretaria da Sa\u00fade estiveram no Parque Nacional do Igua\u00e7u no \u00faltimo s\u00e1bado e aplicaram 110 doses de vacinas nos trabalhadores. A pr\u00f3xima a\u00e7\u00e3o para crian\u00e7as e adolescentes acontecer\u00e1 no dia 22 de outubro, das 9h \u00e0s 15h, na Unidade de Sa\u00fade do Cidade Nova. As vacinas do calend\u00e1rio continuam dispon\u00edveis em todas as 29 unidades b\u00e1sicas de sa\u00fade de Foz do Igua\u00e7u.<\/p>\n\n\n\n<figure class=\"wp-block-gallery has-nested-images columns-default is-cropped wp-block-gallery-1 is-layout-flex wp-block-gallery-is-layout-flex\">\n<figure class=\"wp-block-image size-large\"><img loading=\"lazy\" decoding=\"async\" width=\"800\" height=\"550\" data-id=\"13523\" src=\"https:\/\/acontecenafronteira.com.br\/wp-content\/uploads\/2022\/10\/48ced4a2-b46c-47f4-8983-78a178019134.jpg\" alt=\"\" class=\"wp-image-13523\" srcset=\"https:\/\/acontecenafronteira.com.br\/wp-content\/uploads\/2022\/10\/48ced4a2-b46c-47f4-8983-78a178019134.jpg 800w, https:\/\/acontecenafronteira.com.br\/wp-content\/uploads\/2022\/10\/48ced4a2-b46c-47f4-8983-78a178019134-300x206.jpg 300w, https:\/\/acontecenafronteira.com.br\/wp-content\/uploads\/2022\/10\/48ced4a2-b46c-47f4-8983-78a178019134-768x528.jpg 768w\" sizes=\"auto, (max-width: 800px) 100vw, 800px\" \/><\/figure>\n\n\n\n<figure class=\"wp-block-image size-large\"><img loading=\"lazy\" decoding=\"async\" width=\"799\" height=\"533\" data-id=\"13521\" src=\"https:\/\/acontecenafronteira.com.br\/wp-content\/uploads\/2022\/10\/95c40628-a437-4f1e-8728-b7f85a66e44a.jpg\" alt=\"\" class=\"wp-image-13521\" srcset=\"https:\/\/acontecenafronteira.com.br\/wp-content\/uploads\/2022\/10\/95c40628-a437-4f1e-8728-b7f85a66e44a.jpg 799w, https:\/\/acontecenafronteira.com.br\/wp-content\/uploads\/2022\/10\/95c40628-a437-4f1e-8728-b7f85a66e44a-300x200.jpg 300w, https:\/\/acontecenafronteira.com.br\/wp-content\/uploads\/2022\/10\/95c40628-a437-4f1e-8728-b7f85a66e44a-768x512.jpg 768w\" sizes=\"auto, (max-width: 799px) 100vw, 799px\" \/><\/figure>\n\n\n\n<figure class=\"wp-block-image size-large\"><img loading=\"lazy\" decoding=\"async\" width=\"800\" height=\"533\" data-id=\"13522\" src=\"https:\/\/acontecenafronteira.com.br\/wp-content\/uploads\/2022\/10\/113b0a88-e19c-47ab-af7c-1a2e752f4bef.jpg\" alt=\"\" class=\"wp-image-13522\" srcset=\"https:\/\/acontecenafronteira.com.br\/wp-content\/uploads\/2022\/10\/113b0a88-e19c-47ab-af7c-1a2e752f4bef.jpg 800w, https:\/\/acontecenafronteira.com.br\/wp-content\/uploads\/2022\/10\/113b0a88-e19c-47ab-af7c-1a2e752f4bef-300x200.jpg 300w, https:\/\/acontecenafronteira.com.br\/wp-content\/uploads\/2022\/10\/113b0a88-e19c-47ab-af7c-1a2e752f4bef-768x512.jpg 768w\" sizes=\"auto, (max-width: 800px) 100vw, 800px\" \/><\/figure>\n\n\n\n<figure class=\"wp-block-image size-large\"><img loading=\"lazy\" decoding=\"async\" width=\"799\" height=\"562\" data-id=\"13520\" src=\"https:\/\/acontecenafronteira.com.br\/wp-content\/uploads\/2022\/10\/0f499285-de11-49dc-99f9-c7a2954f0dd3.jpg\" alt=\"\" class=\"wp-image-13520\" srcset=\"https:\/\/acontecenafronteira.com.br\/wp-content\/uploads\/2022\/10\/0f499285-de11-49dc-99f9-c7a2954f0dd3.jpg 799w, https:\/\/acontecenafronteira.com.br\/wp-content\/uploads\/2022\/10\/0f499285-de11-49dc-99f9-c7a2954f0dd3-300x211.jpg 300w, https:\/\/acontecenafronteira.com.br\/wp-content\/uploads\/2022\/10\/0f499285-de11-49dc-99f9-c7a2954f0dd3-768x540.jpg 768w\" sizes=\"auto, (max-width: 799px) 100vw, 799px\" \/><\/figure>\n\n\n\n<figure class=\"wp-block-image size-large\"><img loading=\"lazy\" decoding=\"async\" width=\"800\" height=\"564\" data-id=\"13519\" src=\"https:\/\/acontecenafronteira.com.br\/wp-content\/uploads\/2022\/10\/d12df04c-3fbb-4a82-8cef-3e2133ce9bf2.jpg\" alt=\"\" class=\"wp-image-13519\" srcset=\"https:\/\/acontecenafronteira.com.br\/wp-content\/uploads\/2022\/10\/d12df04c-3fbb-4a82-8cef-3e2133ce9bf2.jpg 800w, https:\/\/acontecenafronteira.com.br\/wp-content\/uploads\/2022\/10\/d12df04c-3fbb-4a82-8cef-3e2133ce9bf2-300x212.jpg 300w, https:\/\/acontecenafronteira.com.br\/wp-content\/uploads\/2022\/10\/d12df04c-3fbb-4a82-8cef-3e2133ce9bf2-768x541.jpg 768w\" sizes=\"auto, (max-width: 800px) 100vw, 800px\" \/><\/figure>\n<\/figure>\n","protected":false},"excerpt":{"rendered":"<p>Pr\u00f3xima a\u00e7\u00e3o em parceria com os clubes de Rotary acontecer\u00e1 no dia 22 de outubro, das 9h \u00e0s 15h, na UBS do Cidade Nova A Secretaria Municipal da Sa\u00fade aplicou 549 doses de vacinas em crian\u00e7as e adolescentes durante a mobiliza\u00e7\u00e3o do \u00faltimo s\u00e1bado (08), realizada na Unidade B\u00e1sica de Sa\u00fade do Jardim Am\u00e9rica em [&hellip;]<\/p>\n","protected":false},"author":2,"featured_media":13519,"comment_status":"open","ping_status":"open","sticky":false,"template":"","format":"standard","meta":{"om_disable_all_campaigns":false,"_monsterinsights_skip_tracking":false,"_monsterinsights_sitenote_active":false,"_monsterinsights_sitenote_note":"","_monsterinsights_sitenote_category":0,"footnotes":""},"categories":[4,10],"tags":[],"class_list":["post-13518","post","type-post","status-publish","format-standard","has-post-thumbnail","hentry","category-cidade","category-saude"],"_links":{"self":[{"href":"https:\/\/acontecenafronteira.com.br\/index.php\/wp-json\/wp\/v2\/posts\/13518","targetHints":{"allow":["GET"]}}],"collection":[{"href":"https:\/\/acontecenafronteira.com.br\/index.php\/wp-json\/wp\/v2\/posts"}],"about":[{"href":"https:\/\/acontecenafronteira.com.br\/index.php\/wp-json\/wp\/v2\/types\/post"}],"author":[{"embeddable":true,"href":"https:\/\/acontecenafronteira.com.br\/index.php\/wp-json\/wp\/v2\/users\/2"}],"replies":[{"embeddable":true,"href":"https:\/\/acontecenafronteira.com.br\/index.php\/wp-json\/wp\/v2\/comments?post=13518"}],"version-history":[{"count":1,"href":"https:\/\/acontecenafronteira.com.br\/index.php\/wp-json\/wp\/v2\/posts\/13518\/revisions"}],"predecessor-version":[{"id":13524,"href":"https:\/\/acontecenafronteira.com.br\/index.php\/wp-json\/wp\/v2\/posts\/13518\/revisions\/13524"}],"wp:featuredmedia":[{"embeddable":true,"href":"https:\/\/acontecenafronteira.com.br\/index.php\/wp-json\/wp\/v2\/media\/13519"}],"wp:attachment":[{"href":"https:\/\/acontecenafronteira.com.br\/index.php\/wp-json\/wp\/v2\/media?parent=13518"}],"wp:term":[{"taxonomy":"category","embeddable":true,"href":"https:\/\/acontecenafronteira.com.br\/index.php\/wp-json\/wp\/v2\/categories?post=13518"},{"taxonomy":"post_tag","embeddable":true,"href":"https:\/\/acontecenafronteira.com.br\/index.php\/wp-json\/wp\/v2\/tags?post=13518"}],"curies":[{"name":"wp","href":"https:\/\/api.w.org\/{rel}","templated":true}]}}