{"id":13245,"date":"2022-09-28T11:06:57","date_gmt":"2022-09-28T14:06:57","guid":{"rendered":"https:\/\/acontecenafronteira.com.br\/?p=13245"},"modified":"2022-09-28T11:06:57","modified_gmt":"2022-09-28T14:06:57","slug":"parana-tera-lei-seca-das-8h-as-18h-de-domingo-2","status":"publish","type":"post","link":"https:\/\/acontecenafronteira.com.br\/index.php\/2022\/09\/28\/parana-tera-lei-seca-das-8h-as-18h-de-domingo-2\/","title":{"rendered":"Paran\u00e1 ter\u00e1 Lei Seca das 8h \u00e0s 18h de domingo (2)"},"content":{"rendered":"\n<p>A Secretaria de Seguran\u00e7a P\u00fablico Paran\u00e1 (Sesp), determinou nesta ter\u00e7a-feira (27), a proibi\u00e7\u00e3o da venda e consumo de bebidas alco\u00f3licas em locais p\u00fablicos entre 8h e 18h de domingo (2), durante o primeiro turno das elei\u00e7\u00f5es gerais.<\/p>\n\n\n\n<p>O secret\u00e1rio da Sesp, Wagner Mesquita, disse que a medida \u00e9 preventiva, com objetivo de manter a ordem durante a elei\u00e7\u00e3o. \u201c\u00c9 uma medida que poderia at\u00e9 ser prolongada mas est\u00e1 sendo tomada de forma muito comedida. [\u2026] Medida de bom senso, dentro de um limite de bom senso\u201d.<\/p>\n\n\n\n<p>Mesquita ressaltou ainda, a proibi\u00e7\u00e3o do uso do celular dentro da gabine de vota\u00e7\u00e3o e do porto de arma, com exe\u00e7\u00e3o apenas para policiais em servi\u00e7o.<\/p>\n\n\n\n<p>A Associa\u00e7\u00e3o Brasileira de Bares e Casas Noturnas do Paran\u00e1 (Abrabar), havia enviado um of\u00edcio a Secretaria de Seguran\u00e7a pedindo a n\u00e3o proibi\u00e7\u00e3o da venda e consumo de bebidas no dia da elei\u00e7\u00e3o. Agora, a Abrabar avalia alguma medida para recorrer da decis\u00e3o.<\/p>\n\n\n\n<p>At\u00e9 agora, cinco estados, al\u00e9m do Paran\u00e1, v\u00e3o adotar a \u201cLei Seca\u201d. S\u00e3o eles: Amazonas, Rio Grande do Norte, Roraima, Maranh\u00e3o e Mato Grosso do Sul.<\/p>\n","protected":false},"excerpt":{"rendered":"<p>A Secretaria de Seguran\u00e7a P\u00fablico Paran\u00e1 (Sesp), determinou nesta ter\u00e7a-feira (27), a proibi\u00e7\u00e3o da venda e consumo de bebidas alco\u00f3licas em locais p\u00fablicos entre 8h e 18h de domingo (2), durante o primeiro turno das elei\u00e7\u00f5es gerais. O secret\u00e1rio da Sesp, Wagner Mesquita, disse que a medida \u00e9 preventiva, com objetivo de manter a ordem [&hellip;]<\/p>\n","protected":false},"author":2,"featured_media":13246,"comment_status":"open","ping_status":"open","sticky":false,"template":"","format":"standard","meta":{"om_disable_all_campaigns":false,"_monsterinsights_skip_tracking":false,"_monsterinsights_sitenote_active":false,"_monsterinsights_sitenote_note":"","_monsterinsights_sitenote_category":0,"footnotes":""},"categories":[24],"tags":[],"class_list":["post-13245","post","type-post","status-publish","format-standard","has-post-thumbnail","hentry","category-eleicoes"],"_links":{"self":[{"href":"https:\/\/acontecenafronteira.com.br\/index.php\/wp-json\/wp\/v2\/posts\/13245","targetHints":{"allow":["GET"]}}],"collection":[{"href":"https:\/\/acontecenafronteira.com.br\/index.php\/wp-json\/wp\/v2\/posts"}],"about":[{"href":"https:\/\/acontecenafronteira.com.br\/index.php\/wp-json\/wp\/v2\/types\/post"}],"author":[{"embeddable":true,"href":"https:\/\/acontecenafronteira.com.br\/index.php\/wp-json\/wp\/v2\/users\/2"}],"replies":[{"embeddable":true,"href":"https:\/\/acontecenafronteira.com.br\/index.php\/wp-json\/wp\/v2\/comments?post=13245"}],"version-history":[{"count":1,"href":"https:\/\/acontecenafronteira.com.br\/index.php\/wp-json\/wp\/v2\/posts\/13245\/revisions"}],"predecessor-version":[{"id":13247,"href":"https:\/\/acontecenafronteira.com.br\/index.php\/wp-json\/wp\/v2\/posts\/13245\/revisions\/13247"}],"wp:featuredmedia":[{"embeddable":true,"href":"https:\/\/acontecenafronteira.com.br\/index.php\/wp-json\/wp\/v2\/media\/13246"}],"wp:attachment":[{"href":"https:\/\/acontecenafronteira.com.br\/index.php\/wp-json\/wp\/v2\/media?parent=13245"}],"wp:term":[{"taxonomy":"category","embeddable":true,"href":"https:\/\/acontecenafronteira.com.br\/index.php\/wp-json\/wp\/v2\/categories?post=13245"},{"taxonomy":"post_tag","embeddable":true,"href":"https:\/\/acontecenafronteira.com.br\/index.php\/wp-json\/wp\/v2\/tags?post=13245"}],"curies":[{"name":"wp","href":"https:\/\/api.w.org\/{rel}","templated":true}]}}