{"id":13109,"date":"2022-09-21T13:58:21","date_gmt":"2022-09-21T16:58:21","guid":{"rendered":"https:\/\/acontecenafronteira.com.br\/?p=13109"},"modified":"2022-09-21T13:58:23","modified_gmt":"2022-09-21T16:58:23","slug":"foz-do-iguacu-ira-integrar-o-circuito-regional-de-cicloturismo-no-dia-16-de-outubro","status":"publish","type":"post","link":"https:\/\/acontecenafronteira.com.br\/index.php\/2022\/09\/21\/foz-do-iguacu-ira-integrar-o-circuito-regional-de-cicloturismo-no-dia-16-de-outubro\/","title":{"rendered":"Foz do Igua\u00e7u ir\u00e1 integrar o Circuito Regional de Cicloturismo no dia 16 de outubro"},"content":{"rendered":"\n<p>O percurso ser\u00e1 feito dentro do Parque Nacional do Igua\u00e7u e ter\u00e1 a participa\u00e7\u00e3o de ciclista de cidades do Oeste do estado<\/p>\n\n\n\n<p>No dia 16 de outubro, Foz do Igua\u00e7u ir\u00e1 receber a 10\u00ba etapa do Circuito Regional de Cicloturismo, que re\u00fane ciclistas da regi\u00e3o Oeste e tamb\u00e9m dos pa\u00edses vizinhos. As inscri\u00e7\u00f5es j\u00e1 est\u00e3o abertas e devem ser feitas pelo site: <a href=\"http:\/\/www.adeturcataratasecaminhos.org.br\/cicloturismo\" data-type=\"URL\" data-id=\"www.adeturcataratasecaminhos.org.br\/cicloturismo\">www.adeturcataratasecaminhos.org.br\/cicloturismo<\/a>.<\/p>\n\n\n\n<p>O percurso tem como paisagem as Cataratas do Igua\u00e7u, com parte do trajeto dentro do Parque Nacional do Igua\u00e7u. Os participantes ir\u00e3o se concentrar no Centro de Conven\u00e7\u00f5es antes de iniciar a prova.<\/p>\n\n\n\n<p>Ser\u00e3o dois trajetos para escolher: o maior ir\u00e1 percorrer 48,4 km, com grau de dificuldade moderado. O menor ser\u00e1 de 26,5 km, considerado leve. Os mapas podem ser conferidos no site: <a href=\"https:\/\/bit.ly\/3LxTZqT\">https:\/\/bit.ly\/3LxTZqT<\/a>.<\/p>\n\n\n\n<p>O primeiro lote de ingressos tem o valor de R$ 100 e pode ser comprado at\u00e9 o dia 9 de outubro, sem limite de inscritos. Haver\u00e1 ainda sorteio de diversos brindes aos participantes, como uma bicicleta e equipamentos.<\/p>\n\n\n\n<p>A organiza\u00e7\u00e3o do circuito \u00e9 feita pela Associa\u00e7\u00e3o de Desenvolvimento Tur\u00edstico Regional (ADETUR) e conta com o apoio da Itaipu Binacional, al\u00e9m da Prefeitura de Foz para a realiza\u00e7\u00e3o do evento na cidade.<\/p>\n","protected":false},"excerpt":{"rendered":"<p>O percurso ser\u00e1 feito dentro do Parque Nacional do Igua\u00e7u e ter\u00e1 a participa\u00e7\u00e3o de ciclista de cidades do Oeste do estado No dia 16 de outubro, Foz do Igua\u00e7u ir\u00e1 receber a 10\u00ba etapa do Circuito Regional de Cicloturismo, que re\u00fane ciclistas da regi\u00e3o Oeste e tamb\u00e9m dos pa\u00edses vizinhos. As inscri\u00e7\u00f5es j\u00e1 est\u00e3o [&hellip;]<\/p>\n","protected":false},"author":2,"featured_media":13110,"comment_status":"open","ping_status":"open","sticky":false,"template":"","format":"standard","meta":{"om_disable_all_campaigns":false,"_monsterinsights_skip_tracking":false,"_monsterinsights_sitenote_active":false,"_monsterinsights_sitenote_note":"","_monsterinsights_sitenote_category":0,"footnotes":""},"categories":[4,2],"tags":[],"class_list":["post-13109","post","type-post","status-publish","format-standard","has-post-thumbnail","hentry","category-cidade","category-esportes"],"_links":{"self":[{"href":"https:\/\/acontecenafronteira.com.br\/index.php\/wp-json\/wp\/v2\/posts\/13109","targetHints":{"allow":["GET"]}}],"collection":[{"href":"https:\/\/acontecenafronteira.com.br\/index.php\/wp-json\/wp\/v2\/posts"}],"about":[{"href":"https:\/\/acontecenafronteira.com.br\/index.php\/wp-json\/wp\/v2\/types\/post"}],"author":[{"embeddable":true,"href":"https:\/\/acontecenafronteira.com.br\/index.php\/wp-json\/wp\/v2\/users\/2"}],"replies":[{"embeddable":true,"href":"https:\/\/acontecenafronteira.com.br\/index.php\/wp-json\/wp\/v2\/comments?post=13109"}],"version-history":[{"count":1,"href":"https:\/\/acontecenafronteira.com.br\/index.php\/wp-json\/wp\/v2\/posts\/13109\/revisions"}],"predecessor-version":[{"id":13111,"href":"https:\/\/acontecenafronteira.com.br\/index.php\/wp-json\/wp\/v2\/posts\/13109\/revisions\/13111"}],"wp:featuredmedia":[{"embeddable":true,"href":"https:\/\/acontecenafronteira.com.br\/index.php\/wp-json\/wp\/v2\/media\/13110"}],"wp:attachment":[{"href":"https:\/\/acontecenafronteira.com.br\/index.php\/wp-json\/wp\/v2\/media?parent=13109"}],"wp:term":[{"taxonomy":"category","embeddable":true,"href":"https:\/\/acontecenafronteira.com.br\/index.php\/wp-json\/wp\/v2\/categories?post=13109"},{"taxonomy":"post_tag","embeddable":true,"href":"https:\/\/acontecenafronteira.com.br\/index.php\/wp-json\/wp\/v2\/tags?post=13109"}],"curies":[{"name":"wp","href":"https:\/\/api.w.org\/{rel}","templated":true}]}}