{"id":1295,"date":"2021-10-28T19:07:14","date_gmt":"2021-10-28T22:07:14","guid":{"rendered":"https:\/\/acontecenafronteira.com.br\/?p=1295"},"modified":"2021-10-28T19:07:15","modified_gmt":"2021-10-28T22:07:15","slug":"unidade-padre-italo-sera-referencia-para-atendimento-de-criancas-com-sintomas-respiratorios","status":"publish","type":"post","link":"https:\/\/acontecenafronteira.com.br\/index.php\/2021\/10\/28\/unidade-padre-italo-sera-referencia-para-atendimento-de-criancas-com-sintomas-respiratorios\/","title":{"rendered":"Unidade Padre \u00cdtalo ser\u00e1 refer\u00eancia para atendimento de crian\u00e7as com sintomas respirat\u00f3rios"},"content":{"rendered":"\n<p>Medida visa a melhor organiza\u00e7\u00e3o de fluxo dentro das unidades de pronto atendimento<\/p>\n\n\n\n<p> A partir do dia 3 de novembro, a Unidade de Sa\u00fade 24 horas Padre \u00cdtalo Paternoster, no Porto Meira, ser\u00e1 a refer\u00eancia para o atendimento de crian\u00e7as com sintomas respirat\u00f3rios. A decis\u00e3o da Secretaria Municipal da Sa\u00fade visa a melhor organiza\u00e7\u00e3o de fluxo dentro das unidades e UPAs (Unidades de Pronto Atendimento).\u00a0<br><br>Na unidade, a crian\u00e7a passar\u00e1 pelo acolhimento e far\u00e1 o teste r\u00e1pido para Covid-19 (Ant\u00edgeno) e com o resultado, ser\u00e3o dados os encaminhamentos adequados. \u201cSe a crian\u00e7a testar positivo, ela dever\u00e1 permanecer em isolamento e ser\u00e1 acompanhada pelas equipes de sa\u00fade. Casos graves ser\u00e3o encaminhados ao Pronto-Socorro Respirat\u00f3rio do Hospital Municipal\u201d, explicou a diretora de Aten\u00e7\u00e3o B\u00e1sica, Jaqueline Tontini.\u00a0<br><br>Com o resultado negativo, a fam\u00edlia receber\u00e1 o exame e poder\u00e1 procurar uma unidade b\u00e1sica de sa\u00fade para tratamento dos sintomas.\u00a0<br><br>Hoje, o atendimento para crian\u00e7as com sintomas respirat\u00f3rios \u00e9 feito nas UPAs 24 horas Dr. Walter Cavalcante Barbosa, no Morumbi, e Jo\u00e3o Samek, no Jardim das Palmeiras, al\u00e9m do Hospital Municipal. \u201cAo centralizar o atendimento infantil na Padre \u00cdtalo, otimizamos o fluxo e damos mais seguran\u00e7a e conforto para o usu\u00e1rio, al\u00e9m de desafogar o atendimento nas UPAs\u201d, disse a secret\u00e1ria de sa\u00fade Rosa Maria Jer\u00f4nymo.<br><br>A prioridade no atendimento \u00e9 para crian\u00e7as de at\u00e9 doze anos. Para os demais grupos (adolescentes a partir de 12 anos, adultos e idosos), a orienta\u00e7\u00e3o \u00e9 sempre procurar primeiro o Plant\u00e3o Covid. O acesso ao servi\u00e7o pode ser feito pelo telefone (45) 3521-1800 (Whatsapp e liga\u00e7\u00e3o) ou liga\u00e7\u00e3o gratuita pelo 0800 645 5655. O paciente passa por uma avalia\u00e7\u00e3o pr\u00e9via antes de ser encaminhado para a realiza\u00e7\u00e3o da coleta. <\/p>\n","protected":false},"excerpt":{"rendered":"<p>Medida visa a melhor organiza\u00e7\u00e3o de fluxo dentro das unidades de pronto atendimento A partir do dia 3 de novembro, a Unidade de Sa\u00fade 24 horas Padre \u00cdtalo Paternoster, no Porto Meira, ser\u00e1 a refer\u00eancia para o atendimento de crian\u00e7as com sintomas respirat\u00f3rios. A decis\u00e3o da Secretaria Municipal da Sa\u00fade visa a melhor organiza\u00e7\u00e3o de [&hellip;]<\/p>\n","protected":false},"author":2,"featured_media":1298,"comment_status":"open","ping_status":"open","sticky":false,"template":"","format":"standard","meta":{"om_disable_all_campaigns":false,"_monsterinsights_skip_tracking":false,"_monsterinsights_sitenote_active":false,"_monsterinsights_sitenote_note":"","_monsterinsights_sitenote_category":0,"footnotes":""},"categories":[10],"tags":[],"class_list":["post-1295","post","type-post","status-publish","format-standard","has-post-thumbnail","hentry","category-saude"],"_links":{"self":[{"href":"https:\/\/acontecenafronteira.com.br\/index.php\/wp-json\/wp\/v2\/posts\/1295","targetHints":{"allow":["GET"]}}],"collection":[{"href":"https:\/\/acontecenafronteira.com.br\/index.php\/wp-json\/wp\/v2\/posts"}],"about":[{"href":"https:\/\/acontecenafronteira.com.br\/index.php\/wp-json\/wp\/v2\/types\/post"}],"author":[{"embeddable":true,"href":"https:\/\/acontecenafronteira.com.br\/index.php\/wp-json\/wp\/v2\/users\/2"}],"replies":[{"embeddable":true,"href":"https:\/\/acontecenafronteira.com.br\/index.php\/wp-json\/wp\/v2\/comments?post=1295"}],"version-history":[{"count":1,"href":"https:\/\/acontecenafronteira.com.br\/index.php\/wp-json\/wp\/v2\/posts\/1295\/revisions"}],"predecessor-version":[{"id":1299,"href":"https:\/\/acontecenafronteira.com.br\/index.php\/wp-json\/wp\/v2\/posts\/1295\/revisions\/1299"}],"wp:featuredmedia":[{"embeddable":true,"href":"https:\/\/acontecenafronteira.com.br\/index.php\/wp-json\/wp\/v2\/media\/1298"}],"wp:attachment":[{"href":"https:\/\/acontecenafronteira.com.br\/index.php\/wp-json\/wp\/v2\/media?parent=1295"}],"wp:term":[{"taxonomy":"category","embeddable":true,"href":"https:\/\/acontecenafronteira.com.br\/index.php\/wp-json\/wp\/v2\/categories?post=1295"},{"taxonomy":"post_tag","embeddable":true,"href":"https:\/\/acontecenafronteira.com.br\/index.php\/wp-json\/wp\/v2\/tags?post=1295"}],"curies":[{"name":"wp","href":"https:\/\/api.w.org\/{rel}","templated":true}]}}