{"id":12912,"date":"2022-09-13T13:35:10","date_gmt":"2022-09-13T16:35:10","guid":{"rendered":"https:\/\/acontecenafronteira.com.br\/?p=12912"},"modified":"2022-09-13T13:35:38","modified_gmt":"2022-09-13T16:35:38","slug":"secretaria-da-educacao-vai-produzir-livro-de-receitas-em-homenagem-as-merendeiras","status":"publish","type":"post","link":"https:\/\/acontecenafronteira.com.br\/index.php\/2022\/09\/13\/secretaria-da-educacao-vai-produzir-livro-de-receitas-em-homenagem-as-merendeiras\/","title":{"rendered":"Secretaria da Educa\u00e7\u00e3o vai produzir livro de receitas em homenagem \u00e0s merendeiras"},"content":{"rendered":"\n<p>Receitas criativas que contribuem com a alimenta\u00e7\u00e3o saud\u00e1vel dos estudantes estar\u00e3o dispon\u00edveis em material impresso para o in\u00edcio do ano letivo de 2023<\/p>\n\n\n\n<p>A Divis\u00e3o de Alimenta\u00e7\u00e3o Escolar da Secretaria Municipal da Educa\u00e7\u00e3o vai produzir um livro em homenagem \u00e0s merendeiras e merendeiros criativos que atuam nas 50 escolas e 44 Cmeis (Centros Municipais de Educa\u00e7\u00e3o Infantil) de Foz do Igua\u00e7u. A proposta foi apresentada hoje (13) durante uma reuni\u00e3o no audit\u00f3rio da Acifi (Associa\u00e7\u00e3o Comercial e Empresarial de Foz).<\/p>\n\n\n\n<p>O intuito, conforme explicou a nutricionista da secretaria Aline Christmann, \u00e9 valorizar o trabalho destes profissionais e manter registradas as boas pr\u00e1ticas que t\u00eam contribu\u00eddo para a seguran\u00e7a alimentar e nutricional dos estudantes. \u201cTivemos uma resolu\u00e7\u00e3o do Governo Federal (em maio de 2020) que restringiu alguns alimentos que eram oferecidos na alimenta\u00e7\u00e3o escolar, especialmente o a\u00e7\u00facar, que pode ser ofertado apenas uma vez por m\u00eas. Nesse tempo, nossos merendeiros se reinventaram e desenvolveram muitas receitas criativas. Como forma de homenagear este trabalho t\u00e3o lindo, faremos um livro para deixar registrado na hist\u00f3ria deles\u201d, contou.<\/p>\n\n\n\n<p>O material, que ser\u00e1 distribu\u00eddo em todas as unidades de ensino, tamb\u00e9m servir\u00e1 de modelo para futuros profissionais que ingressarem na rede, com propostas de pratos saud\u00e1veis e instru\u00e7\u00f5es de preparo. \u201cA ideia \u00e9 reunir de 90 a 100 receitas com informa\u00e7\u00f5es sobre o prato, o nome da merendeira(o), da escola e fotos dos alunos\u201d, explicou Aline.<\/p>\n\n\n\n<p>Entre as receitas criativas e com boa aceitabilidade entre os estudantes est\u00e3o \u00e0s geleias de ma\u00e7\u00e3, morango, ma\u00e7\u00e3 com ab\u00f3bora e coco &#8211; todas sem adi\u00e7\u00e3o de a\u00e7\u00facar, al\u00e9m do bolo de banana e tortas de frutas sem adi\u00e7\u00e3o de farinha. Estas refei\u00e7\u00f5es somam-se aos card\u00e1pios elaborados pelas nutricionistas da Secretaria da Educa\u00e7\u00e3o, baseados no Programa Nacional de Alimenta\u00e7\u00e3o Escolar (PNAE).<\/p>\n\n\n\n<p>At\u00e9 o m\u00eas de novembro, as receitas dever\u00e3o ser enviadas para a Divis\u00e3o de Alimenta\u00e7\u00e3o Escolar, que far\u00e1 a sele\u00e7\u00e3o e montagem do livro. A expectativa \u00e9 lan\u00e7ar o material no in\u00edcio do ano letivo de 2023.<\/p>\n\n\n\n<figure class=\"wp-block-gallery has-nested-images columns-default is-cropped wp-block-gallery-1 is-layout-flex wp-block-gallery-is-layout-flex\">\n<figure class=\"wp-block-image size-large\"><img loading=\"lazy\" decoding=\"async\" width=\"1280\" height=\"854\" data-id=\"12914\" src=\"http:\/\/acontecenafronteira.com.br\/wp-content\/uploads\/2022\/09\/WhatsApp-Image-2022-09-13-at-13.31.38.jpeg\" alt=\"\" class=\"wp-image-12914\" srcset=\"https:\/\/acontecenafronteira.com.br\/wp-content\/uploads\/2022\/09\/WhatsApp-Image-2022-09-13-at-13.31.38.jpeg 1280w, https:\/\/acontecenafronteira.com.br\/wp-content\/uploads\/2022\/09\/WhatsApp-Image-2022-09-13-at-13.31.38-300x200.jpeg 300w, https:\/\/acontecenafronteira.com.br\/wp-content\/uploads\/2022\/09\/WhatsApp-Image-2022-09-13-at-13.31.38-1024x683.jpeg 1024w, https:\/\/acontecenafronteira.com.br\/wp-content\/uploads\/2022\/09\/WhatsApp-Image-2022-09-13-at-13.31.38-768x512.jpeg 768w\" sizes=\"auto, (max-width: 1280px) 100vw, 1280px\" \/><figcaption>Fotos: Thiago Dutra\/PMFI. An\u00fancio do Livro foi feito hoje (13) em reuni\u00e3o com merendeiras (os) e diretores das unidades escolares.<\/figcaption><\/figure>\n\n\n\n<figure class=\"wp-block-image size-large\"><img loading=\"lazy\" decoding=\"async\" width=\"1280\" height=\"854\" data-id=\"12913\" src=\"http:\/\/acontecenafronteira.com.br\/wp-content\/uploads\/2022\/09\/WhatsApp-Image-2022-09-13-at-13.31.38-1.jpeg\" alt=\"\" class=\"wp-image-12913\" srcset=\"https:\/\/acontecenafronteira.com.br\/wp-content\/uploads\/2022\/09\/WhatsApp-Image-2022-09-13-at-13.31.38-1.jpeg 1280w, https:\/\/acontecenafronteira.com.br\/wp-content\/uploads\/2022\/09\/WhatsApp-Image-2022-09-13-at-13.31.38-1-300x200.jpeg 300w, https:\/\/acontecenafronteira.com.br\/wp-content\/uploads\/2022\/09\/WhatsApp-Image-2022-09-13-at-13.31.38-1-1024x683.jpeg 1024w, https:\/\/acontecenafronteira.com.br\/wp-content\/uploads\/2022\/09\/WhatsApp-Image-2022-09-13-at-13.31.38-1-768x512.jpeg 768w\" sizes=\"auto, (max-width: 1280px) 100vw, 1280px\" \/><figcaption>Fotos: Thiago Dutra\/PMFI. An\u00fancio do Livro foi feito hoje (13) em reuni\u00e3o com merendeiras (os) e diretores das unidades escolares.<\/figcaption><\/figure>\n<\/figure>\n","protected":false},"excerpt":{"rendered":"<p>Receitas criativas que contribuem com a alimenta\u00e7\u00e3o saud\u00e1vel dos estudantes estar\u00e3o dispon\u00edveis em material impresso para o in\u00edcio do ano letivo de 2023 A Divis\u00e3o de Alimenta\u00e7\u00e3o Escolar da Secretaria Municipal da Educa\u00e7\u00e3o vai produzir um livro em homenagem \u00e0s merendeiras e merendeiros criativos que atuam nas 50 escolas e 44 Cmeis (Centros Municipais de [&hellip;]<\/p>\n","protected":false},"author":2,"featured_media":12913,"comment_status":"open","ping_status":"open","sticky":false,"template":"","format":"standard","meta":{"om_disable_all_campaigns":false,"_monsterinsights_skip_tracking":false,"_monsterinsights_sitenote_active":false,"_monsterinsights_sitenote_note":"","_monsterinsights_sitenote_category":0,"footnotes":""},"categories":[4,8],"tags":[],"class_list":["post-12912","post","type-post","status-publish","format-standard","has-post-thumbnail","hentry","category-cidade","category-educaca0"],"_links":{"self":[{"href":"https:\/\/acontecenafronteira.com.br\/index.php\/wp-json\/wp\/v2\/posts\/12912","targetHints":{"allow":["GET"]}}],"collection":[{"href":"https:\/\/acontecenafronteira.com.br\/index.php\/wp-json\/wp\/v2\/posts"}],"about":[{"href":"https:\/\/acontecenafronteira.com.br\/index.php\/wp-json\/wp\/v2\/types\/post"}],"author":[{"embeddable":true,"href":"https:\/\/acontecenafronteira.com.br\/index.php\/wp-json\/wp\/v2\/users\/2"}],"replies":[{"embeddable":true,"href":"https:\/\/acontecenafronteira.com.br\/index.php\/wp-json\/wp\/v2\/comments?post=12912"}],"version-history":[{"count":2,"href":"https:\/\/acontecenafronteira.com.br\/index.php\/wp-json\/wp\/v2\/posts\/12912\/revisions"}],"predecessor-version":[{"id":12917,"href":"https:\/\/acontecenafronteira.com.br\/index.php\/wp-json\/wp\/v2\/posts\/12912\/revisions\/12917"}],"wp:featuredmedia":[{"embeddable":true,"href":"https:\/\/acontecenafronteira.com.br\/index.php\/wp-json\/wp\/v2\/media\/12913"}],"wp:attachment":[{"href":"https:\/\/acontecenafronteira.com.br\/index.php\/wp-json\/wp\/v2\/media?parent=12912"}],"wp:term":[{"taxonomy":"category","embeddable":true,"href":"https:\/\/acontecenafronteira.com.br\/index.php\/wp-json\/wp\/v2\/categories?post=12912"},{"taxonomy":"post_tag","embeddable":true,"href":"https:\/\/acontecenafronteira.com.br\/index.php\/wp-json\/wp\/v2\/tags?post=12912"}],"curies":[{"name":"wp","href":"https:\/\/api.w.org\/{rel}","templated":true}]}}