{"id":12891,"date":"2022-09-13T13:25:27","date_gmt":"2022-09-13T16:25:27","guid":{"rendered":"https:\/\/acontecenafronteira.com.br\/?p=12891"},"modified":"2022-09-13T13:25:27","modified_gmt":"2022-09-13T16:25:27","slug":"municipio-alerta-para-o-risco-de-paralisia-infantil-em-criancas-sem-imunizacao","status":"publish","type":"post","link":"https:\/\/acontecenafronteira.com.br\/index.php\/2022\/09\/13\/municipio-alerta-para-o-risco-de-paralisia-infantil-em-criancas-sem-imunizacao\/","title":{"rendered":"Munic\u00edpio alerta para o risco de paralisia infantil em crian\u00e7as sem imuniza\u00e7\u00e3o"},"content":{"rendered":"\n<p>Apenas 32% das crian\u00e7as igua\u00e7uenses est\u00e3o vacinadas contra a poliomielite; o v\u00edrus j\u00e1 foi identificado em 45 pa\u00edses<\/p>\n\n\n\n<p>A baixa ades\u00e3o \u00e0 vacina contra a Poliomielite coloca crian\u00e7as menores de 5 anos de idade em situa\u00e7\u00e3o de vulnerabilidade para o v\u00edrus que compromete o sistema neurol\u00f3gico e pode levar \u00e0 \u00f3bito. A paralisia infantil estava eliminada no Brasil, por\u00e9m, voltou a assombrar antes da pandemia do coronav\u00edrus, com a queda nos n\u00fameros de vacina\u00e7\u00e3o.<\/p>\n\n\n\n<p>Em Foz do Igua\u00e7u, apenas 32% da faixa et\u00e1ria tomaram o imunizante, apesar das frequentes campanhas de vacina\u00e7\u00e3o e a\u00e7\u00f5es para sensibilizar a popula\u00e7\u00e3o, executadas pela Secretaria Municipal de Sa\u00fade. A Campanha Nacional prevista para todo o m\u00eas de agosto foi prorrogada at\u00e9 30 de setembro e, ainda assim, os n\u00fameros est\u00e3o distantes da meta.<\/p>\n\n\n\n<p>A secret\u00e1ria de Sa\u00fade, Jaqueline Tontini, alerta que n\u00e3o h\u00e1 tratamento espec\u00edfico para a Poliomielite e a manuten\u00e7\u00e3o de uma cobertura vacinal adequada \u00e9 fundamental para manter a popula\u00e7\u00e3o livre do v\u00edrus. \u201cNos \u00faltimos anos, as taxas de vacina\u00e7\u00e3o contra a doen\u00e7a ca\u00edram consideravelmente. A cobertura recomendada \u00e9 de 95%\u201d.<\/p>\n\n\n\n<p>Para melhorar a prote\u00e7\u00e3o, at\u00e9 o final deste m\u00eas, o munic\u00edpio est\u00e1 intensificando o trabalho de campo, por meio dos Agentes Comunit\u00e1rios de Sa\u00fade (busca ativa), e ampliando as estrat\u00e9gias de vacina\u00e7\u00e3o. Entre elas, uma parceria com os Rotarys Clubs de Foz do Igua\u00e7u.<\/p>\n\n\n\n<p>Neste s\u00e1bado (17), a a\u00e7\u00e3o acontece na Unidade B\u00e1sica de Sa\u00fade Jardim S\u00e3o Paulo II, das 9h \u00e0s 15h. Al\u00e9m de atualizar a carteirinha vacinal, as crian\u00e7as v\u00e3o poder se divertir em brinquedos infl\u00e1veis, cama el\u00e1stica, com pipoca, algod\u00e3o doce e a presen\u00e7a da trupe Risoterapia.<\/p>\n\n\n\n<p>Risco alto<\/p>\n\n\n\n<p>Adriana Izuka, coordenadora do Programa Municipal de Vacina\u00e7\u00e3o, ressalta que nos \u00faltimos anos as pessoas deixaram de se vacinar e a pandemia agravou o problema. \u201cSe a cobertura vacinal continuar a diminuir, existe uma amea\u00e7a de ocorr\u00eancia de casos no Brasil, como nos Estados Unidos e em alguns pa\u00edses da Europa e do Oriente\u201d, alertou.<\/p>\n\n\n\n<p>Segundo a coordenadora, a transmiss\u00e3o do v\u00edrus se d\u00e1 por meio do contato direto com fezes ou secre\u00e7\u00f5es eliminadas pela boca das pessoas contaminadas. \u201cA \u00fanica barreira para a Poliomielite \u00e9 a vacina. Contamos com o comprometimento das fam\u00edlias para proteger nossas crian\u00e7as\u201d, finalizou.<\/p>\n\n\n\n<p>Alerta mundial<\/p>\n\n\n\n<p>A Poliomielite foi identificada em 45 pa\u00edses que est\u00e3o em situa\u00e7\u00e3o de alerta, 33 deles em surto e dez com maior ou menor escala de alto risco de surto. O Brasil est\u00e1 entre os cinco pa\u00edses da Am\u00e9rica do Sul (Argentina, Paraguai, Bol\u00edvia, Equador e Brasil) e o Panam\u00e1 (Am\u00e9rica Central), com emin\u00eancia de retorno da doen\u00e7a.<\/p>\n\n\n\n<p>O estado de endemia foi declarado no Paquist\u00e3o e Afeganist\u00e3o. A aus\u00eancia de vacina\u00e7\u00e3o foi apontada em pelo menos 28 na\u00e7\u00f5es. No universo brasileiro, o \u00edndice de absten\u00e7\u00e3o da vacina \u00e9 de 70%.<\/p>\n","protected":false},"excerpt":{"rendered":"<p>Apenas 32% das crian\u00e7as igua\u00e7uenses est\u00e3o vacinadas contra a poliomielite; o v\u00edrus j\u00e1 foi identificado em 45 pa\u00edses A baixa ades\u00e3o \u00e0 vacina contra a Poliomielite coloca crian\u00e7as menores de 5 anos de idade em situa\u00e7\u00e3o de vulnerabilidade para o v\u00edrus que compromete o sistema neurol\u00f3gico e pode levar \u00e0 \u00f3bito. A paralisia infantil estava [&hellip;]<\/p>\n","protected":false},"author":2,"featured_media":12892,"comment_status":"open","ping_status":"open","sticky":false,"template":"","format":"standard","meta":{"om_disable_all_campaigns":false,"_monsterinsights_skip_tracking":false,"_monsterinsights_sitenote_active":false,"_monsterinsights_sitenote_note":"","_monsterinsights_sitenote_category":0,"footnotes":""},"categories":[4,10],"tags":[],"class_list":["post-12891","post","type-post","status-publish","format-standard","has-post-thumbnail","hentry","category-cidade","category-saude"],"_links":{"self":[{"href":"https:\/\/acontecenafronteira.com.br\/index.php\/wp-json\/wp\/v2\/posts\/12891","targetHints":{"allow":["GET"]}}],"collection":[{"href":"https:\/\/acontecenafronteira.com.br\/index.php\/wp-json\/wp\/v2\/posts"}],"about":[{"href":"https:\/\/acontecenafronteira.com.br\/index.php\/wp-json\/wp\/v2\/types\/post"}],"author":[{"embeddable":true,"href":"https:\/\/acontecenafronteira.com.br\/index.php\/wp-json\/wp\/v2\/users\/2"}],"replies":[{"embeddable":true,"href":"https:\/\/acontecenafronteira.com.br\/index.php\/wp-json\/wp\/v2\/comments?post=12891"}],"version-history":[{"count":1,"href":"https:\/\/acontecenafronteira.com.br\/index.php\/wp-json\/wp\/v2\/posts\/12891\/revisions"}],"predecessor-version":[{"id":12893,"href":"https:\/\/acontecenafronteira.com.br\/index.php\/wp-json\/wp\/v2\/posts\/12891\/revisions\/12893"}],"wp:featuredmedia":[{"embeddable":true,"href":"https:\/\/acontecenafronteira.com.br\/index.php\/wp-json\/wp\/v2\/media\/12892"}],"wp:attachment":[{"href":"https:\/\/acontecenafronteira.com.br\/index.php\/wp-json\/wp\/v2\/media?parent=12891"}],"wp:term":[{"taxonomy":"category","embeddable":true,"href":"https:\/\/acontecenafronteira.com.br\/index.php\/wp-json\/wp\/v2\/categories?post=12891"},{"taxonomy":"post_tag","embeddable":true,"href":"https:\/\/acontecenafronteira.com.br\/index.php\/wp-json\/wp\/v2\/tags?post=12891"}],"curies":[{"name":"wp","href":"https:\/\/api.w.org\/{rel}","templated":true}]}}