{"id":1288,"date":"2021-10-28T19:05:29","date_gmt":"2021-10-28T22:05:29","guid":{"rendered":"https:\/\/acontecenafronteira.com.br\/?p=1288"},"modified":"2021-10-28T19:05:30","modified_gmt":"2021-10-28T22:05:30","slug":"protocolos-do-destino-turistico-halal-serao-debatidos-por-grupo-de-trabalho-da-prefeitura","status":"publish","type":"post","link":"https:\/\/acontecenafronteira.com.br\/index.php\/2021\/10\/28\/protocolos-do-destino-turistico-halal-serao-debatidos-por-grupo-de-trabalho-da-prefeitura\/","title":{"rendered":"Protocolos do Destino Tur\u00edstico Halal ser\u00e3o debatidos por grupo de trabalho da Prefeitura"},"content":{"rendered":"\n<p>Representantes da C\u00e2mara de Com\u00e9rcio \u00c1rabe-Brasileira e da Certificadora Halal estiveram em Foz do Igua\u00e7u para alinhar as primeiras estrat\u00e9gias do plano de a\u00e7\u00e3o para consolidar o destino<\/p>\n\n\n\n<p><br>A Prefeitura de Foz do Igua\u00e7u deu in\u00edcio \u00e0s tratativas para a consolida\u00e7\u00e3o do munic\u00edpio como um destino tur\u00edstico Halal, voltado para atender a popula\u00e7\u00e3o \u00e1rabe e isl\u00e2mica. Nesta quinta-feira, 28, o prefeito Chico Brasileiro recebeu o diretor-executivo da Certificadora Halal, Ali Ahmad Saifi, e o vice-presidente das Rela\u00e7\u00f5es Internacionais da C\u00e2mara de Com\u00e9rcio \u00c1rabe-Brasileira (CCAB), Mohamad Orra Mourad.\u00a0<br><br>O encontro com o prefeito, organizado pela Diretoria de Assuntos Internacionais, serviu para apresentar informa\u00e7\u00f5es sobre a cidade e conversar sobre os protocolos adequados ao p\u00fablico mu\u00e7ulmano que os atrativos, rede hoteleira, gastron\u00f4mica e de servi\u00e7os poder\u00e3o seguir.\u00a0<br><br>Chico Brasileiro destacou o otimismo em rela\u00e7\u00e3o a esta nova etapa do turismo na cidade, que teve uma r\u00e1pida evolu\u00e7\u00e3o desde a assinatura do protocolo de inten\u00e7\u00f5es, realizado na Expo Dubai h\u00e1 poucas semanas.\u00a0<br><br>\u201cJ\u00e1 fomos muito elogiados por termos tido avan\u00e7os t\u00e3o significativos sobre os temas tratados na feira. A transforma\u00e7\u00e3o em destino Halal servir\u00e1 para quebrar barreiras e tornar a estadia mais confort\u00e1vel para esse p\u00fablico, que j\u00e1 pertence \u00e0 nossa cidade\u201d, diz Brasileiro.\u00a0<br><br>Para o representante da C\u00e2mara de Com\u00e9rcio \u00c1rabe-Brasileira, a futura certifica\u00e7\u00e3o ir\u00e1 apenas formalizar a rela\u00e7\u00e3o amig\u00e1vel e a receptividade que Foz do Igua\u00e7u j\u00e1 possui com o povo \u00e1rabe &#8211;\u00a0 atualmente s\u00e3o mais de 20 mil pessoas em Foz do Igua\u00e7u.\u00a0<\/p>\n\n\n\n<p>\u201cMe pergunto como isso ainda n\u00e3o havia acontecido antes. A cultura \u00e1rabe j\u00e1 est\u00e1 enraizada em Foz do Igua\u00e7u, nos sentimos em casa. Isso agora ser\u00e1 ampliado tamb\u00e9m aos visitantes e a cidade ter\u00e1 muito a ganhar futuramente\u201d, afirma Mohamad Murad.\u00a0<br><br><strong>Certifica\u00e7\u00e3o\u00a0<br><br><\/strong>A equipe tamb\u00e9m se reuniu com o secret\u00e1rio de Turismo e Projetos Estrat\u00e9gicos, Paulo Angeli, e com t\u00e9cnicos da pasta para definir as pr\u00f3ximas a\u00e7\u00f5es ainda em 2021.\u00a0<br><br>Al\u00e9m do grupo de trabalho com membros da Prefeitura e entidades parceiras, haver\u00e1 tamb\u00e9m uma apresenta\u00e7\u00e3o das propostas durante o Festival das Cataratas, entre os dias 1\u00ba a 3 de dezembro.\u00a0\u00a0<br><br>\u201cOuvimos diversas propostas que abrem a nossa mente a pensar de uma forma diferente. Isso abre um leque imenso para a cria\u00e7\u00e3o de empregos, nos posiciona com \u00eaxito na retomada do turismo e incentiva o trabalho. Isso n\u00e3o pode ficar s\u00f3 no papel, queremos ver a pr\u00e1tica\u201d, ressalta Angeli.\u00a0<br><br>Com as defini\u00e7\u00f5es ser\u00e1 poss\u00edvel iniciar um segundo passo, que \u00e9 a certifica\u00e7\u00e3o dos locais como um destino Halal, conforme afirma Ali Ahmad Saif, diretor-executivo da CDIAL HALAL, certificadora da Am\u00e9rica Latina vinculada aos principais \u00f3rg\u00e3os oficiais dos Emirados \u00c1rabes (EIAC) e do Golfo (GAC).<br><br>\u201cAbra\u00e7amos essa ideia porque vimos em Foz o verdadeiro potencial para um destino Halal. Toda marcha se inicia com um pequeno passo, por isso estamos tra\u00e7ando planos para colhermos frutos em curto prazo, mas sempre pensando no grande resultado futuro\u201d, frisa Ali Ahmad Saif.\u00a0<br><br>\u201cO passo agora \u00e9 inserir Foz do Igua\u00e7u no repert\u00f3rio tur\u00edstico e de eventos internacionais, voltado ao p\u00fablico \u00e1rabe, o apelo tur\u00edstico sustent\u00e1vel da cidade ir\u00e1 beneficiar o Brasil inteiro, pois esses turistas n\u00e3o ficar\u00e3o somente aqui\u201d, acredita o diretor de Assuntos Internacionais, Jihad Abu Ali.<br><br><strong>Aproxima\u00e7\u00e3o com o turismo local<br><br><\/strong>A agenda dos representantes \u00e1rabes ter\u00e1 ainda uma reuni\u00e3o com os membros do Conselho Municipal de Turismo (Comtur), para apresentar o que j\u00e1 est\u00e1 definido e as entidades do turismo ser\u00e3o envolvidas no planejamento do projeto.\u00a0<br><br>O secret\u00e1rio Paulo Angeli conta que ser\u00e1 necess\u00e1rio realizar um treinamento de equipes para abordagem e atendimento adequados ao p\u00fablico mu\u00e7ulmano. O treinamento \u00e9 voltado aos setores tur\u00edsticos e de servi\u00e7os, como hot\u00e9is, restaurantes, quiosques e similares.<br><br>Essas a\u00e7\u00f5es, segundo Ahmad, tornar\u00e3o Foz um local \u201cMuslim Friendly\u201d, ou seja, receptivo ao p\u00fablico mul\u00e7umano em quest\u00f5es que envolvem a alimenta\u00e7\u00e3o halal, quest\u00f5es culturais, entre outros aspectos.\u00a0<br><br>\u201cMesmo antes da certifica\u00e7\u00e3o Halal, isso j\u00e1 atesta ao p\u00fablico mu\u00e7ulmano a qualidade da produ\u00e7\u00e3o, da confiabilidade, da rastreabilidade e do cumprimento dos requisitos de seguran\u00e7a no processo de produ\u00e7\u00e3o de um produto ou na presta\u00e7\u00e3o de um servi\u00e7o\u201d, detalha Ali Ahmad Saif.\u00a0<br><br>\u201cO turista viaja, mas n\u00e3o quer estar em um pa\u00eds isl\u00e2mico, \u00e9 claro. Ele quer aproveitar o que a cidade pode oferecer, mas sem prejudicar aquilo no que acreditar e vive\u201d, complementa Mohamad Mourad.<\/p>\n\n\n\n<figure class=\"wp-block-gallery columns-3 is-cropped wp-block-gallery-1 is-layout-flex wp-block-gallery-is-layout-flex\"><ul class=\"blocks-gallery-grid\"><li class=\"blocks-gallery-item\"><figure><a href=\"https:\/\/acontecenafronteira.com.br\/wp-content\/uploads\/2021\/10\/WhatsApp-Image-2021-10-28-at-15.09.04-1.jpeg?v=1635458708\"><img loading=\"lazy\" decoding=\"async\" width=\"1024\" height=\"682\" src=\"https:\/\/acontecenafronteira.com.br\/wp-content\/uploads\/2021\/10\/WhatsApp-Image-2021-10-28-at-15.09.04-1-1024x682.jpeg?v=1635458708\" alt=\"\" data-id=\"1290\" data-full-url=\"https:\/\/acontecenafronteira.com.br\/wp-content\/uploads\/2021\/10\/WhatsApp-Image-2021-10-28-at-15.09.04-1.jpeg?v=1635458708\" data-link=\"https:\/\/acontecenafronteira.com.br\/?attachment_id=1290\" class=\"wp-image-1290\" srcset=\"https:\/\/acontecenafronteira.com.br\/wp-content\/uploads\/2021\/10\/WhatsApp-Image-2021-10-28-at-15.09.04-1-1024x682.jpeg?v=1635458708 1024w, https:\/\/acontecenafronteira.com.br\/wp-content\/uploads\/2021\/10\/WhatsApp-Image-2021-10-28-at-15.09.04-1-300x200.jpeg?v=1635458708 300w, https:\/\/acontecenafronteira.com.br\/wp-content\/uploads\/2021\/10\/WhatsApp-Image-2021-10-28-at-15.09.04-1-768x512.jpeg?v=1635458708 768w, https:\/\/acontecenafronteira.com.br\/wp-content\/uploads\/2021\/10\/WhatsApp-Image-2021-10-28-at-15.09.04-1.jpeg?v=1635458708 1280w\" sizes=\"auto, (max-width: 1024px) 100vw, 1024px\" \/><\/a><\/figure><\/li><li class=\"blocks-gallery-item\"><figure><a href=\"https:\/\/acontecenafronteira.com.br\/wp-content\/uploads\/2021\/10\/WhatsApp-Image-2021-10-28-at-15.09.02-3.jpeg?v=1635458709\"><img loading=\"lazy\" decoding=\"async\" width=\"1024\" height=\"682\" src=\"https:\/\/acontecenafronteira.com.br\/wp-content\/uploads\/2021\/10\/WhatsApp-Image-2021-10-28-at-15.09.02-3-1024x682.jpeg?v=1635458709\" alt=\"\" data-id=\"1291\" data-full-url=\"https:\/\/acontecenafronteira.com.br\/wp-content\/uploads\/2021\/10\/WhatsApp-Image-2021-10-28-at-15.09.02-3.jpeg?v=1635458709\" data-link=\"https:\/\/acontecenafronteira.com.br\/?attachment_id=1291\" class=\"wp-image-1291\" srcset=\"https:\/\/acontecenafronteira.com.br\/wp-content\/uploads\/2021\/10\/WhatsApp-Image-2021-10-28-at-15.09.02-3-1024x682.jpeg?v=1635458709 1024w, https:\/\/acontecenafronteira.com.br\/wp-content\/uploads\/2021\/10\/WhatsApp-Image-2021-10-28-at-15.09.02-3-300x200.jpeg?v=1635458709 300w, https:\/\/acontecenafronteira.com.br\/wp-content\/uploads\/2021\/10\/WhatsApp-Image-2021-10-28-at-15.09.02-3-768x512.jpeg?v=1635458709 768w, https:\/\/acontecenafronteira.com.br\/wp-content\/uploads\/2021\/10\/WhatsApp-Image-2021-10-28-at-15.09.02-3.jpeg?v=1635458709 1280w\" sizes=\"auto, (max-width: 1024px) 100vw, 1024px\" \/><\/a><\/figure><\/li><li class=\"blocks-gallery-item\"><figure><a href=\"https:\/\/acontecenafronteira.com.br\/wp-content\/uploads\/2021\/10\/WhatsApp-Image-2021-10-28-at-15.09.02-2.jpeg?v=1635458710\"><img loading=\"lazy\" decoding=\"async\" width=\"1024\" height=\"689\" src=\"https:\/\/acontecenafronteira.com.br\/wp-content\/uploads\/2021\/10\/WhatsApp-Image-2021-10-28-at-15.09.02-2-1024x689.jpeg?v=1635458710\" alt=\"\" data-id=\"1292\" data-full-url=\"https:\/\/acontecenafronteira.com.br\/wp-content\/uploads\/2021\/10\/WhatsApp-Image-2021-10-28-at-15.09.02-2.jpeg?v=1635458710\" data-link=\"https:\/\/acontecenafronteira.com.br\/?attachment_id=1292\" class=\"wp-image-1292\" srcset=\"https:\/\/acontecenafronteira.com.br\/wp-content\/uploads\/2021\/10\/WhatsApp-Image-2021-10-28-at-15.09.02-2-1024x689.jpeg?v=1635458710 1024w, https:\/\/acontecenafronteira.com.br\/wp-content\/uploads\/2021\/10\/WhatsApp-Image-2021-10-28-at-15.09.02-2-300x202.jpeg?v=1635458710 300w, https:\/\/acontecenafronteira.com.br\/wp-content\/uploads\/2021\/10\/WhatsApp-Image-2021-10-28-at-15.09.02-2-768x517.jpeg?v=1635458710 768w, https:\/\/acontecenafronteira.com.br\/wp-content\/uploads\/2021\/10\/WhatsApp-Image-2021-10-28-at-15.09.02-2.jpeg?v=1635458710 1280w\" sizes=\"auto, (max-width: 1024px) 100vw, 1024px\" \/><\/a><\/figure><\/li><\/ul><\/figure>\n","protected":false},"excerpt":{"rendered":"<p>Representantes da C\u00e2mara de Com\u00e9rcio \u00c1rabe-Brasileira e da Certificadora Halal estiveram em Foz do Igua\u00e7u para alinhar as primeiras estrat\u00e9gias do plano de a\u00e7\u00e3o para consolidar o destino A Prefeitura de Foz do Igua\u00e7u deu in\u00edcio \u00e0s tratativas para a consolida\u00e7\u00e3o do munic\u00edpio como um destino tur\u00edstico Halal, voltado para atender a popula\u00e7\u00e3o \u00e1rabe e [&hellip;]<\/p>\n","protected":false},"author":2,"featured_media":1293,"comment_status":"open","ping_status":"open","sticky":false,"template":"","format":"standard","meta":{"om_disable_all_campaigns":false,"_monsterinsights_skip_tracking":false,"_monsterinsights_sitenote_active":false,"_monsterinsights_sitenote_note":"","_monsterinsights_sitenote_category":0,"footnotes":""},"categories":[4,9],"tags":[],"class_list":["post-1288","post","type-post","status-publish","format-standard","has-post-thumbnail","hentry","category-cidade","category-turismo"],"_links":{"self":[{"href":"https:\/\/acontecenafronteira.com.br\/index.php\/wp-json\/wp\/v2\/posts\/1288","targetHints":{"allow":["GET"]}}],"collection":[{"href":"https:\/\/acontecenafronteira.com.br\/index.php\/wp-json\/wp\/v2\/posts"}],"about":[{"href":"https:\/\/acontecenafronteira.com.br\/index.php\/wp-json\/wp\/v2\/types\/post"}],"author":[{"embeddable":true,"href":"https:\/\/acontecenafronteira.com.br\/index.php\/wp-json\/wp\/v2\/users\/2"}],"replies":[{"embeddable":true,"href":"https:\/\/acontecenafronteira.com.br\/index.php\/wp-json\/wp\/v2\/comments?post=1288"}],"version-history":[{"count":1,"href":"https:\/\/acontecenafronteira.com.br\/index.php\/wp-json\/wp\/v2\/posts\/1288\/revisions"}],"predecessor-version":[{"id":1294,"href":"https:\/\/acontecenafronteira.com.br\/index.php\/wp-json\/wp\/v2\/posts\/1288\/revisions\/1294"}],"wp:featuredmedia":[{"embeddable":true,"href":"https:\/\/acontecenafronteira.com.br\/index.php\/wp-json\/wp\/v2\/media\/1293"}],"wp:attachment":[{"href":"https:\/\/acontecenafronteira.com.br\/index.php\/wp-json\/wp\/v2\/media?parent=1288"}],"wp:term":[{"taxonomy":"category","embeddable":true,"href":"https:\/\/acontecenafronteira.com.br\/index.php\/wp-json\/wp\/v2\/categories?post=1288"},{"taxonomy":"post_tag","embeddable":true,"href":"https:\/\/acontecenafronteira.com.br\/index.php\/wp-json\/wp\/v2\/tags?post=1288"}],"curies":[{"name":"wp","href":"https:\/\/api.w.org\/{rel}","templated":true}]}}