{"id":12861,"date":"2022-09-12T14:43:41","date_gmt":"2022-09-12T17:43:41","guid":{"rendered":"https:\/\/acontecenafronteira.com.br\/?p=12861"},"modified":"2022-09-12T14:50:45","modified_gmt":"2022-09-12T17:50:45","slug":"seis-feridos-e-uma-pessoa-morta-em-grave-acidente-na-br-277","status":"publish","type":"post","link":"https:\/\/acontecenafronteira.com.br\/index.php\/2022\/09\/12\/seis-feridos-e-uma-pessoa-morta-em-grave-acidente-na-br-277\/","title":{"rendered":"Seis feridos e uma pessoa morta em grave acidente na BR-277"},"content":{"rendered":"\n<figure class=\"wp-block-embed is-type-video is-provider-youtube wp-block-embed-youtube wp-embed-aspect-16-9 wp-has-aspect-ratio\"><div class=\"wp-block-embed__wrapper\">\nhttps:\/\/youtu.be\/ZYx0tQyRF5A\n<\/div><\/figure>\n\n\n\n<p>Na noite desse domingo (11), um grav\u00edssimo acidente mobilizou um grande aparato do Corpo de Bombeiros e SAMU na BR-277 km 630 em C\u00e9u Azul.<\/p>\n\n\n\n<p>Conforme apurado, dois ve\u00edculos colidiram violentamente de frente um contra o outro deixando cinco pessoas feridas, sendo que uma mulher que estava gr\u00e1vida n\u00e3o resistiu aos ferimentos e morreu no local.<\/p>\n\n\n\n<p>Ela foi identificada como Kelly Maria Quadros Nascimento. Os socorristas tentaram reanima-la por cerca de uma hora at\u00e9 que foi confirmada sua morte.&nbsp;<\/p>\n\n\n\n<p>Segundo o motorista do Corolla, ele seguia sentido Foz do Igua\u00e7u, com tr\u00eas pessoas no ve\u00edculo quando viu o Gol perdendo o controle invadindo a pista contr\u00e1ria causando o acidente.<\/p>\n\n\n\n<p>Uma ABTR, duas viaturas do Siate, SAMU e equipes da Pol\u00edcia Rodovi\u00e1ria Federal foram mobilizadas para registrar e sinalizar o acidente.<\/p>\n\n\n\n<p>O Corpo de Kelly foi encaminhado ao IML de Cascavel para os procedimentos de necr\u00f3psia e em seguida seria liberado aos familiares.<\/p>\n\n\n\n<p>Via: portal24.com.br\/<\/p>\n","protected":false},"excerpt":{"rendered":"<p>Na noite desse domingo (11), um grav\u00edssimo acidente mobilizou um grande aparato do Corpo de Bombeiros e SAMU na BR-277 km 630 em C\u00e9u Azul. Conforme apurado, dois ve\u00edculos colidiram violentamente de frente um contra o outro deixando cinco pessoas feridas, sendo que uma mulher que estava gr\u00e1vida n\u00e3o resistiu aos ferimentos e morreu no [&hellip;]<\/p>\n","protected":false},"author":2,"featured_media":12862,"comment_status":"open","ping_status":"open","sticky":false,"template":"","format":"standard","meta":{"om_disable_all_campaigns":false,"_monsterinsights_skip_tracking":false,"_monsterinsights_sitenote_active":false,"_monsterinsights_sitenote_note":"","_monsterinsights_sitenote_category":0,"footnotes":""},"categories":[16,4],"tags":[],"class_list":["post-12861","post","type-post","status-publish","format-standard","has-post-thumbnail","hentry","category-acidente","category-cidade"],"_links":{"self":[{"href":"https:\/\/acontecenafronteira.com.br\/index.php\/wp-json\/wp\/v2\/posts\/12861","targetHints":{"allow":["GET"]}}],"collection":[{"href":"https:\/\/acontecenafronteira.com.br\/index.php\/wp-json\/wp\/v2\/posts"}],"about":[{"href":"https:\/\/acontecenafronteira.com.br\/index.php\/wp-json\/wp\/v2\/types\/post"}],"author":[{"embeddable":true,"href":"https:\/\/acontecenafronteira.com.br\/index.php\/wp-json\/wp\/v2\/users\/2"}],"replies":[{"embeddable":true,"href":"https:\/\/acontecenafronteira.com.br\/index.php\/wp-json\/wp\/v2\/comments?post=12861"}],"version-history":[{"count":1,"href":"https:\/\/acontecenafronteira.com.br\/index.php\/wp-json\/wp\/v2\/posts\/12861\/revisions"}],"predecessor-version":[{"id":12863,"href":"https:\/\/acontecenafronteira.com.br\/index.php\/wp-json\/wp\/v2\/posts\/12861\/revisions\/12863"}],"wp:featuredmedia":[{"embeddable":true,"href":"https:\/\/acontecenafronteira.com.br\/index.php\/wp-json\/wp\/v2\/media\/12862"}],"wp:attachment":[{"href":"https:\/\/acontecenafronteira.com.br\/index.php\/wp-json\/wp\/v2\/media?parent=12861"}],"wp:term":[{"taxonomy":"category","embeddable":true,"href":"https:\/\/acontecenafronteira.com.br\/index.php\/wp-json\/wp\/v2\/categories?post=12861"},{"taxonomy":"post_tag","embeddable":true,"href":"https:\/\/acontecenafronteira.com.br\/index.php\/wp-json\/wp\/v2\/tags?post=12861"}],"curies":[{"name":"wp","href":"https:\/\/api.w.org\/{rel}","templated":true}]}}