{"id":1285,"date":"2021-10-28T19:03:47","date_gmt":"2021-10-28T22:03:47","guid":{"rendered":"https:\/\/acontecenafronteira.com.br\/?p=1285"},"modified":"2021-10-28T19:03:48","modified_gmt":"2021-10-28T22:03:48","slug":"boletim-28-10-2021-foz-registra-20-novos-casos-de-coronavirus-em-24-horas","status":"publish","type":"post","link":"https:\/\/acontecenafronteira.com.br\/index.php\/2021\/10\/28\/boletim-28-10-2021-foz-registra-20-novos-casos-de-coronavirus-em-24-horas\/","title":{"rendered":"Boletim 28\/10\/2021: Foz registra 20 novos casos de Coronav\u00edrus em 24 horas"},"content":{"rendered":"\n<p>A Vigil\u00e2ncia Epidemiol\u00f3gica de Foz do Igua\u00e7u confirma na data de hoje, 28\/10\/2021, 20 casos de COVID-19. No total, s\u00e3o 45.075 casos da doen\u00e7a no munic\u00edpio desde o in\u00edcio da pandemia. Destes, 43.775 pessoas j\u00e1 est\u00e3o recuperadas.<\/p>\n\n\n\n<p>Dos 20 novos casos, 09 s\u00e3o mulheres e 11 homens, com idades entre 12 anos e 49 anos. Entre eles, 01 est\u00e1 internado e os demais em isolamento domiciliar.<\/p>\n\n\n\n<p>Do total de casos ativos, 117 pessoas est\u00e3o em isolamento domiciliar, com sinais e sintomas leves, e 32 est\u00e3o internadas.<\/p>\n\n\n\n<p>\u00d3bito<\/p>\n\n\n\n<p>Foz do Igua\u00e7u n\u00e3o registrou \u00f3bito em consequ\u00eancia da covid-19. No total, s\u00e3o 1.151 mortes pela doen\u00e7a no munic\u00edpio desde o in\u00edcio da pandemia.<\/p>\n\n\n\n<div data-wp-interactive=\"core\/file\" class=\"wp-block-file\"><object data-wp-bind--hidden=\"!state.hasPdfPreview\" hidden class=\"wp-block-file__embed\" data=\"https:\/\/acontecenafronteira.com.br\/wp-content\/uploads\/2021\/10\/Painel_Coronavirus_-_Foz_do_Iguacu-2021-10-28T115944.387-2.pdf\" type=\"application\/pdf\" style=\"width:100%;height:600px\" aria-label=\"Incorpora\u00e7\u00e3o de Incorporado de Painel_Coronavirus_-_Foz_do_Iguacu-2021-10-28T115944.387-2..\"><\/object><a href=\"https:\/\/acontecenafronteira.com.br\/wp-content\/uploads\/2021\/10\/Painel_Coronavirus_-_Foz_do_Iguacu-2021-10-28T115944.387-2.pdf\">Painel_Coronavirus_-_Foz_do_Iguacu-2021-10-28T115944.387-2<\/a><a href=\"https:\/\/acontecenafronteira.com.br\/wp-content\/uploads\/2021\/10\/Painel_Coronavirus_-_Foz_do_Iguacu-2021-10-28T115944.387-2.pdf\" class=\"wp-block-file__button\" download>Baixar<\/a><\/div>\n\n\n\n<p><\/p>\n","protected":false},"excerpt":{"rendered":"<p>A Vigil\u00e2ncia Epidemiol\u00f3gica de Foz do Igua\u00e7u confirma na data de hoje, 28\/10\/2021, 20 casos de COVID-19. No total, s\u00e3o 45.075 casos da doen\u00e7a no munic\u00edpio desde o in\u00edcio da pandemia. Destes, 43.775 pessoas j\u00e1 est\u00e3o recuperadas. Dos 20 novos casos, 09 s\u00e3o mulheres e 11 homens, com idades entre 12 anos e 49 anos. [&hellip;]<\/p>\n","protected":false},"author":2,"featured_media":37,"comment_status":"open","ping_status":"open","sticky":false,"template":"","format":"standard","meta":{"om_disable_all_campaigns":false,"_monsterinsights_skip_tracking":false,"_monsterinsights_sitenote_active":false,"_monsterinsights_sitenote_note":"","_monsterinsights_sitenote_category":0,"footnotes":""},"categories":[4,7],"tags":[],"class_list":["post-1285","post","type-post","status-publish","format-standard","has-post-thumbnail","hentry","category-cidade","category-covid-19"],"_links":{"self":[{"href":"https:\/\/acontecenafronteira.com.br\/index.php\/wp-json\/wp\/v2\/posts\/1285","targetHints":{"allow":["GET"]}}],"collection":[{"href":"https:\/\/acontecenafronteira.com.br\/index.php\/wp-json\/wp\/v2\/posts"}],"about":[{"href":"https:\/\/acontecenafronteira.com.br\/index.php\/wp-json\/wp\/v2\/types\/post"}],"author":[{"embeddable":true,"href":"https:\/\/acontecenafronteira.com.br\/index.php\/wp-json\/wp\/v2\/users\/2"}],"replies":[{"embeddable":true,"href":"https:\/\/acontecenafronteira.com.br\/index.php\/wp-json\/wp\/v2\/comments?post=1285"}],"version-history":[{"count":1,"href":"https:\/\/acontecenafronteira.com.br\/index.php\/wp-json\/wp\/v2\/posts\/1285\/revisions"}],"predecessor-version":[{"id":1287,"href":"https:\/\/acontecenafronteira.com.br\/index.php\/wp-json\/wp\/v2\/posts\/1285\/revisions\/1287"}],"wp:featuredmedia":[{"embeddable":true,"href":"https:\/\/acontecenafronteira.com.br\/index.php\/wp-json\/wp\/v2\/media\/37"}],"wp:attachment":[{"href":"https:\/\/acontecenafronteira.com.br\/index.php\/wp-json\/wp\/v2\/media?parent=1285"}],"wp:term":[{"taxonomy":"category","embeddable":true,"href":"https:\/\/acontecenafronteira.com.br\/index.php\/wp-json\/wp\/v2\/categories?post=1285"},{"taxonomy":"post_tag","embeddable":true,"href":"https:\/\/acontecenafronteira.com.br\/index.php\/wp-json\/wp\/v2\/tags?post=1285"}],"curies":[{"name":"wp","href":"https:\/\/api.w.org\/{rel}","templated":true}]}}