{"id":12835,"date":"2022-09-09T08:05:40","date_gmt":"2022-09-09T11:05:40","guid":{"rendered":"https:\/\/acontecenafronteira.com.br\/?p=12835"},"modified":"2022-09-09T08:11:30","modified_gmt":"2022-09-09T11:11:30","slug":"gaeco-faz-operacao-na-camara-de-foz","status":"publish","type":"post","link":"https:\/\/acontecenafronteira.com.br\/index.php\/2022\/09\/09\/gaeco-faz-operacao-na-camara-de-foz\/","title":{"rendered":"Gaeco Faz Opera\u00e7\u00e3o na C\u00e2mara de Foz"},"content":{"rendered":"\n<p>Opera\u00e7\u00e3o visa investigar a chamada &#8220;Rachadinha&#8221;<\/p>\n\n\n\n<p>Nas primeiras horas da manha desta sexta-feira (09), o Gaeco de Foz do Igua\u00e7u j\u00e1 estava nas ruas para cumprir 9 mandatos de busca e apreens\u00e3o, sobre a denuncia de rachadinha na c\u00e2mara de vereadores de Foz do Igua\u00e7u. <\/p>\n\n\n\n<p>Inicialmente o \u00f3rg\u00e3o forneceu uma nota a imprensa.<\/p>\n\n\n\n<p>Em breve mat\u00e9ria completa !<\/p>\n\n\n\n<p> <\/p>\n\n\n\n<figure class=\"wp-block-image size-full\"><img loading=\"lazy\" decoding=\"async\" width=\"783\" height=\"799\" src=\"https:\/\/acontecenafronteira.com.br\/wp-content\/uploads\/2022\/09\/releasegaeco.png\" alt=\"\" class=\"wp-image-12836\" srcset=\"https:\/\/acontecenafronteira.com.br\/wp-content\/uploads\/2022\/09\/releasegaeco.png 783w, https:\/\/acontecenafronteira.com.br\/wp-content\/uploads\/2022\/09\/releasegaeco-294x300.png 294w, https:\/\/acontecenafronteira.com.br\/wp-content\/uploads\/2022\/09\/releasegaeco-768x784.png 768w\" sizes=\"auto, (max-width: 783px) 100vw, 783px\" \/><\/figure>\n","protected":false},"excerpt":{"rendered":"<p>Opera\u00e7\u00e3o visa investigar a chamada &#8220;Rachadinha&#8221; Nas primeiras horas da manha desta sexta-feira (09), o Gaeco de Foz do Igua\u00e7u j\u00e1 estava nas ruas para cumprir 9 mandatos de busca e apreens\u00e3o, sobre a denuncia de rachadinha na c\u00e2mara de vereadores de Foz do Igua\u00e7u. Inicialmente o \u00f3rg\u00e3o forneceu uma nota a imprensa. Em breve [&hellip;]<\/p>\n","protected":false},"author":2,"featured_media":12837,"comment_status":"open","ping_status":"open","sticky":false,"template":"","format":"standard","meta":{"om_disable_all_campaigns":false,"_monsterinsights_skip_tracking":false,"_monsterinsights_sitenote_active":false,"_monsterinsights_sitenote_note":"","_monsterinsights_sitenote_category":0,"footnotes":""},"categories":[4,19,20],"tags":[],"class_list":["post-12835","post","type-post","status-publish","format-standard","has-post-thumbnail","hentry","category-cidade","category-politica","category-seguranca"],"_links":{"self":[{"href":"https:\/\/acontecenafronteira.com.br\/index.php\/wp-json\/wp\/v2\/posts\/12835","targetHints":{"allow":["GET"]}}],"collection":[{"href":"https:\/\/acontecenafronteira.com.br\/index.php\/wp-json\/wp\/v2\/posts"}],"about":[{"href":"https:\/\/acontecenafronteira.com.br\/index.php\/wp-json\/wp\/v2\/types\/post"}],"author":[{"embeddable":true,"href":"https:\/\/acontecenafronteira.com.br\/index.php\/wp-json\/wp\/v2\/users\/2"}],"replies":[{"embeddable":true,"href":"https:\/\/acontecenafronteira.com.br\/index.php\/wp-json\/wp\/v2\/comments?post=12835"}],"version-history":[{"count":2,"href":"https:\/\/acontecenafronteira.com.br\/index.php\/wp-json\/wp\/v2\/posts\/12835\/revisions"}],"predecessor-version":[{"id":12839,"href":"https:\/\/acontecenafronteira.com.br\/index.php\/wp-json\/wp\/v2\/posts\/12835\/revisions\/12839"}],"wp:featuredmedia":[{"embeddable":true,"href":"https:\/\/acontecenafronteira.com.br\/index.php\/wp-json\/wp\/v2\/media\/12837"}],"wp:attachment":[{"href":"https:\/\/acontecenafronteira.com.br\/index.php\/wp-json\/wp\/v2\/media?parent=12835"}],"wp:term":[{"taxonomy":"category","embeddable":true,"href":"https:\/\/acontecenafronteira.com.br\/index.php\/wp-json\/wp\/v2\/categories?post=12835"},{"taxonomy":"post_tag","embeddable":true,"href":"https:\/\/acontecenafronteira.com.br\/index.php\/wp-json\/wp\/v2\/tags?post=12835"}],"curies":[{"name":"wp","href":"https:\/\/api.w.org\/{rel}","templated":true}]}}