{"id":12763,"date":"2022-09-06T12:58:45","date_gmt":"2022-09-06T15:58:45","guid":{"rendered":"https:\/\/acontecenafronteira.com.br\/?p=12763"},"modified":"2022-09-06T12:58:45","modified_gmt":"2022-09-06T15:58:45","slug":"populacao-de-foz-do-iguacu-pode-contribuir-com-plano-municipal-dos-direitos-da-pessoa-idosa","status":"publish","type":"post","link":"https:\/\/acontecenafronteira.com.br\/index.php\/2022\/09\/06\/populacao-de-foz-do-iguacu-pode-contribuir-com-plano-municipal-dos-direitos-da-pessoa-idosa\/","title":{"rendered":"<br>Popula\u00e7\u00e3o de Foz do Igua\u00e7u pode contribuir com Plano Municipal dos Direitos da Pessoa Idosa"},"content":{"rendered":"\n<p>Consulta p\u00fablica fica aberta at\u00e9 o dia 12 de setembro; documento est\u00e1 dispon\u00edvel no site da prefeitura<\/p>\n\n\n\n<p><em>Foto: Christian Rizzi\/PMFI.<\/em><br><br>O Plano Municipal dos Direitos da Pessoa Idosa de Foz do Igua\u00e7u 2022\/2025 est\u00e1 dispon\u00edvel para consulta e sugest\u00f5es da popula\u00e7\u00e3o no site da Prefeitura Municipal, por meio do link (<a href=\"https:\/\/www5.pmfi.pr.gov.br\/orgao-69\">https:\/\/www5.pmfi.pr.gov.br\/orgao-69<\/a>). O prazo para enviar considera\u00e7\u00f5es vai at\u00e9 o dia 12 de setembro.&nbsp;<br><br>O plano est\u00e1 estruturado em nove eixos, que envolvem as pol\u00edticas de Assist\u00eancia Social; Educa\u00e7\u00e3o; Sa\u00fade; Esporte e Lazer; Cultura; Habita\u00e7\u00e3o; Trabalho e Previd\u00eancia Social; Transporte; Mobilidade e Urbanismo; e Controle Social.<br><br>\u201cEm Foz, de acordo com os dados do \u00faltimo Censo (2010), 11,2% da popula\u00e7\u00e3o \u00e9 idosa. Precisamos construir pol\u00edticas para valorizar e combater a vulnerabilidade dos idosos, que devem ter suas necessidades atendidas em todos os eixos mencionados\u201d, destaca o secret\u00e1rio de Assist\u00eancia Social em exerc\u00edcio, Andr\u00e9 dos Santos.&nbsp;<br><br>A estrutura\u00e7\u00e3o do documento iniciou em maio deste ano, a partir da publica\u00e7\u00e3o do decreto n\u00ba 30.278, de 24 de maio de 2022, que instituiu o Grupo de Trabalho para Elabora\u00e7\u00e3o do Plano Municipal dos Direitos da Pessoa Idosa, formado por integrantes da gest\u00e3o municipal e do Conselho Municipal dos Direitos da Pessoa Idosa.&nbsp;<br><br>Com a cria\u00e7\u00e3o do grupo, foram formados subgrupos dentro das tem\u00e1ticas dos eixos do plano para otimizar e democratizar as discuss\u00f5es.&nbsp;<br><br><strong>Etapas<br><br><\/strong>A primeira tarefa do grupo foi avaliar o plano anterior para averiguar a situa\u00e7\u00e3o das pol\u00edticas, assim como para deliberar quais a\u00e7\u00f5es deveriam permanecer.&nbsp;<br><br>O segundo momento foi a elabora\u00e7\u00e3o de novas a\u00e7\u00f5es para compor o novo plano. Por \u00faltimo, todos os subgrupos fizeram a apresenta\u00e7\u00e3o das a\u00e7\u00f5es dos respectivos eixos e debateram as propostas.<br><br>O documento est\u00e1 dispon\u00edvel para consulta p\u00fablica no site da Prefeitura de Foz do Igua\u00e7u, por meio da p\u00e1gina da Secretaria Municipal de Assist\u00eancia Social. As sugest\u00f5es podem ser enviadas pelo e-mail gtrabalhosuasfoz@gmail.com.<\/p>\n","protected":false},"excerpt":{"rendered":"<p>Consulta p\u00fablica fica aberta at\u00e9 o dia 12 de setembro; documento est\u00e1 dispon\u00edvel no site da prefeitura Foto: Christian Rizzi\/PMFI. O Plano Municipal dos Direitos da Pessoa Idosa de Foz do Igua\u00e7u 2022\/2025 est\u00e1 dispon\u00edvel para consulta e sugest\u00f5es da popula\u00e7\u00e3o no site da Prefeitura Municipal, por meio do link (https:\/\/www5.pmfi.pr.gov.br\/orgao-69). O prazo para enviar [&hellip;]<\/p>\n","protected":false},"author":2,"featured_media":12765,"comment_status":"open","ping_status":"open","sticky":false,"template":"","format":"standard","meta":{"om_disable_all_campaigns":false,"_monsterinsights_skip_tracking":false,"_monsterinsights_sitenote_active":false,"_monsterinsights_sitenote_note":"","_monsterinsights_sitenote_category":0,"footnotes":""},"categories":[4],"tags":[],"class_list":["post-12763","post","type-post","status-publish","format-standard","has-post-thumbnail","hentry","category-cidade"],"_links":{"self":[{"href":"https:\/\/acontecenafronteira.com.br\/index.php\/wp-json\/wp\/v2\/posts\/12763","targetHints":{"allow":["GET"]}}],"collection":[{"href":"https:\/\/acontecenafronteira.com.br\/index.php\/wp-json\/wp\/v2\/posts"}],"about":[{"href":"https:\/\/acontecenafronteira.com.br\/index.php\/wp-json\/wp\/v2\/types\/post"}],"author":[{"embeddable":true,"href":"https:\/\/acontecenafronteira.com.br\/index.php\/wp-json\/wp\/v2\/users\/2"}],"replies":[{"embeddable":true,"href":"https:\/\/acontecenafronteira.com.br\/index.php\/wp-json\/wp\/v2\/comments?post=12763"}],"version-history":[{"count":1,"href":"https:\/\/acontecenafronteira.com.br\/index.php\/wp-json\/wp\/v2\/posts\/12763\/revisions"}],"predecessor-version":[{"id":12766,"href":"https:\/\/acontecenafronteira.com.br\/index.php\/wp-json\/wp\/v2\/posts\/12763\/revisions\/12766"}],"wp:featuredmedia":[{"embeddable":true,"href":"https:\/\/acontecenafronteira.com.br\/index.php\/wp-json\/wp\/v2\/media\/12765"}],"wp:attachment":[{"href":"https:\/\/acontecenafronteira.com.br\/index.php\/wp-json\/wp\/v2\/media?parent=12763"}],"wp:term":[{"taxonomy":"category","embeddable":true,"href":"https:\/\/acontecenafronteira.com.br\/index.php\/wp-json\/wp\/v2\/categories?post=12763"},{"taxonomy":"post_tag","embeddable":true,"href":"https:\/\/acontecenafronteira.com.br\/index.php\/wp-json\/wp\/v2\/tags?post=12763"}],"curies":[{"name":"wp","href":"https:\/\/api.w.org\/{rel}","templated":true}]}}