{"id":12691,"date":"2022-09-01T13:49:09","date_gmt":"2022-09-01T16:49:09","guid":{"rendered":"https:\/\/acontecenafronteira.com.br\/?p=12691"},"modified":"2022-09-01T13:49:10","modified_gmt":"2022-09-01T16:49:10","slug":"foz-do-iguacu-tem-o-segundo-caso-confirmado-de-monkeypox","status":"publish","type":"post","link":"https:\/\/acontecenafronteira.com.br\/index.php\/2022\/09\/01\/foz-do-iguacu-tem-o-segundo-caso-confirmado-de-monkeypox\/","title":{"rendered":"Foz do Igua\u00e7u tem o segundo caso confirmado de Monkeypox"},"content":{"rendered":"\n<p>Paciente \u00e9 do sexo masculino e est\u00e1 em bom estado de sa\u00fade; caso \u00e9 considerado importado e est\u00e1 sendo monitorado<\/p>\n\n\n\n<p>A Secretaria Municipal de Sa\u00fade confirmou o segundo caso de Monkeypox (doen\u00e7a popularmente conhecida como Var\u00edola dos Macacos) em Foz do Igua\u00e7u.<\/p>\n\n\n\n<p>O paciente \u00e9 do sexo masculino, com idade entre 30 a 39 anos. Ele cumpriu o isolamento domiciliar e est\u00e1 em bom estado de sa\u00fade. O Centro de Informa\u00e7\u00f5es Estrat\u00e9gicas em Vigil\u00e2ncia em Sa\u00fade (CIEVS) da Secretaria de Sa\u00fade acompanhou o caso, classificado como importado, uma vez que tem hist\u00f3rico de viagem dias antes do in\u00edcio dos sintomas.<\/p>\n\n\n\n<p>O diagn\u00f3stico foi feito no Instituto Adolfo Lutz &#8211; credenciado como Laborat\u00f3rio Nacional em Sa\u00fade P\u00fablica e Laborat\u00f3rio de Refer\u00eancia Macrorregional pelo Minist\u00e9rio da Sa\u00fade. Outros sete casos suspeitos est\u00e3o atualmente em investiga\u00e7\u00e3o no munic\u00edpio.<\/p>\n\n\n\n<p>O CIEVS Fronteira Foz do Igua\u00e7u ressalta a necessidade de refor\u00e7ar os cuidados em rela\u00e7\u00e3o \u00e0 Monkeypox, doen\u00e7a viral cuja transmiss\u00e3o ocorre entre humanos, por meio do contato direto pessoa a pessoa (pele, secre\u00e7\u00f5es) e exposi\u00e7\u00e3o pr\u00f3xima e prolongada com got\u00edculas e outras secre\u00e7\u00f5es respirat\u00f3rias.<\/p>\n\n\n\n<p>Os sintomas podem durar entre 2 a 4 semanas, e incluem erup\u00e7\u00e3o cut\u00e2nea, febre, calafrios, exaust\u00e3o, cefaleia, adenomegalia (\u00ednguas), dores musculares, dores nas costas, dor retal, sangramento retal e edema peniano. A pessoa infectada s\u00f3 deixa de transmitir o v\u00edrus quando as crostas desaparecem da pele.<\/p>\n\n\n\n<p>Em caso de sintomas, procure a Unidade B\u00e1sica de Sa\u00fade mais pr\u00f3xima para exames, orienta\u00e7\u00f5es e acompanhamento. Casos que preenchem a defini\u00e7\u00e3o de suspeito devem ser notificados imediatamente ao CIEVS Fronteira Foz do Igua\u00e7u pelo (45) 2105-8181|8197 ou e-mail cievsfoz@gmail.com.<\/p>\n\n\n\n<p>A principal forma de prote\u00e7\u00e3o contra a Monkeypox \u00e9 a preven\u00e7\u00e3o. Entre as orienta\u00e7\u00f5es, est\u00e3o lavar regularmente as m\u00e3os com \u00e1gua e sab\u00e3o ou utilizar \u00e1lcool em gel; uso de m\u00e1scara de prote\u00e7\u00e3o; evitar o contato direto com pessoas com suspeita ou confirma\u00e7\u00e3o da doen\u00e7a.<\/p>\n\n\n\n<p>As pessoas com suspeita ou com casos confirmados devem cumprir isolamento imediato, n\u00e3o compartilhar objetos e material de uso pessoal, tais como toalhas, roupas, len\u00e7\u00f3is, escovas de dente, talheres, at\u00e9 o t\u00e9rmino do per\u00edodo de transmiss\u00e3o.<\/p>\n","protected":false},"excerpt":{"rendered":"<p>Paciente \u00e9 do sexo masculino e est\u00e1 em bom estado de sa\u00fade; caso \u00e9 considerado importado e est\u00e1 sendo monitorado A Secretaria Municipal de Sa\u00fade confirmou o segundo caso de Monkeypox (doen\u00e7a popularmente conhecida como Var\u00edola dos Macacos) em Foz do Igua\u00e7u. O paciente \u00e9 do sexo masculino, com idade entre 30 a 39 anos. [&hellip;]<\/p>\n","protected":false},"author":2,"featured_media":12693,"comment_status":"open","ping_status":"open","sticky":false,"template":"","format":"standard","meta":{"om_disable_all_campaigns":false,"_monsterinsights_skip_tracking":false,"_monsterinsights_sitenote_active":false,"_monsterinsights_sitenote_note":"","_monsterinsights_sitenote_category":0,"footnotes":""},"categories":[4,10],"tags":[],"class_list":["post-12691","post","type-post","status-publish","format-standard","has-post-thumbnail","hentry","category-cidade","category-saude"],"_links":{"self":[{"href":"https:\/\/acontecenafronteira.com.br\/index.php\/wp-json\/wp\/v2\/posts\/12691","targetHints":{"allow":["GET"]}}],"collection":[{"href":"https:\/\/acontecenafronteira.com.br\/index.php\/wp-json\/wp\/v2\/posts"}],"about":[{"href":"https:\/\/acontecenafronteira.com.br\/index.php\/wp-json\/wp\/v2\/types\/post"}],"author":[{"embeddable":true,"href":"https:\/\/acontecenafronteira.com.br\/index.php\/wp-json\/wp\/v2\/users\/2"}],"replies":[{"embeddable":true,"href":"https:\/\/acontecenafronteira.com.br\/index.php\/wp-json\/wp\/v2\/comments?post=12691"}],"version-history":[{"count":1,"href":"https:\/\/acontecenafronteira.com.br\/index.php\/wp-json\/wp\/v2\/posts\/12691\/revisions"}],"predecessor-version":[{"id":12694,"href":"https:\/\/acontecenafronteira.com.br\/index.php\/wp-json\/wp\/v2\/posts\/12691\/revisions\/12694"}],"wp:featuredmedia":[{"embeddable":true,"href":"https:\/\/acontecenafronteira.com.br\/index.php\/wp-json\/wp\/v2\/media\/12693"}],"wp:attachment":[{"href":"https:\/\/acontecenafronteira.com.br\/index.php\/wp-json\/wp\/v2\/media?parent=12691"}],"wp:term":[{"taxonomy":"category","embeddable":true,"href":"https:\/\/acontecenafronteira.com.br\/index.php\/wp-json\/wp\/v2\/categories?post=12691"},{"taxonomy":"post_tag","embeddable":true,"href":"https:\/\/acontecenafronteira.com.br\/index.php\/wp-json\/wp\/v2\/tags?post=12691"}],"curies":[{"name":"wp","href":"https:\/\/api.w.org\/{rel}","templated":true}]}}