{"id":12625,"date":"2022-08-29T13:57:50","date_gmt":"2022-08-29T16:57:50","guid":{"rendered":"https:\/\/acontecenafronteira.com.br\/?p=12625"},"modified":"2022-08-29T13:57:51","modified_gmt":"2022-08-29T16:57:51","slug":"bate-papo-na-recepcao-das-unidades-de-saude-esclarece-duvidas-e-melhora-atendimento","status":"publish","type":"post","link":"https:\/\/acontecenafronteira.com.br\/index.php\/2022\/08\/29\/bate-papo-na-recepcao-das-unidades-de-saude-esclarece-duvidas-e-melhora-atendimento\/","title":{"rendered":"Bate-papo na recep\u00e7\u00e3o das unidades de sa\u00fade esclarece d\u00favidas e melhora atendimento"},"content":{"rendered":"\n<p>A iniciativa visa fortalecer o v\u00ednculo com o paciente e levar informa\u00e7\u00f5es sobre programas e servi\u00e7os desenvolvidos pelas equipes da Estrat\u00e9gia Sa\u00fade da Fam\u00edlia<\/p>\n\n\n\n<p>Os atendimentos nas Unidades B\u00e1sicas de Sa\u00fade ganharam uma nova din\u00e2mica que est\u00e1 ampliando o acesso do igua\u00e7uense ao leque de servi\u00e7os do Programa Estrat\u00e9gia de Sa\u00fade da Fam\u00edlia. Enquanto aguardam atendimento na recep\u00e7\u00e3o, os pacientes conversam com o profissional de enfermagem, que tira d\u00favidas, fala sobre servi\u00e7os dispon\u00edveis e faz encaminhamentos para as equipes multiprofissionais.<br><br>A iniciativa \u00e9 da Diretoria de Aten\u00e7\u00e3o B\u00e1sica, da Secretaria Municipal de Sa\u00fade, que percebeu a falta de informa\u00e7\u00f5es sobre o funcionamento das Unidades B\u00e1sicas e o que ofertam para o cidad\u00e3o, problemas que aumentam a demanda por agenda m\u00e9dica e prejudicam a qualidade do atendimento dos usu\u00e1rios da rede p\u00fablica de sa\u00fade.<br><br>\u201cA meta \u00e9 a melhoria da qualidade de vida da popula\u00e7\u00e3o\u201d, explica a secret\u00e1ria de Sa\u00fade, Jaqueline Tontini. Ela ressalta que as equipes multiprofissionais t\u00eam uma lista de servi\u00e7os e programas que resultam diretamente na sa\u00fade do individuo. \u201cIncluindo esse paciente nas atividades da unidade, melhoramos a sua sa\u00fade. Isso significa menos fila e mais qualidade no atendimento\u201d.<br><br>A diretora de Aten\u00e7\u00e3o B\u00e1sica, M\u00e1rcia Batista, conta que \u00e9 um trabalho de \u201cformiguinha\u201d, mas que tem resultados positivos imediatos.&nbsp; \u201cUm vai contando para o outro e muitas vezes o paciente pode ser encaminhado para a equipe multiprofissional, sem passar por consulta,\u201d esclarece a diretora. \u201cInformado, ele \u00e9 acolhido, sai da fila e, se necess\u00e1rio, \u00e9 direcionado para algum grupo de atividade\u201d, exemplifica.<br><br>Judite Lorenzini \u00e9 moradora do Jardim S\u00e3o Roque. Chegou cedo na UBS para a consulta agendada e&nbsp; foi surpreendida pela conversa entre os presentes e a enfermeira. \u201cSoube que eu posso fazer minha fisioterapia aqui sem deslocar para outra regi\u00e3o. Foi esclarecedor esse bate-papo logo cedo. A gente se informa e n\u00e3o perde tempo\u201d, contou animada e bastante interessada nas demais atividades desenvolvidas dentro do distrito.&nbsp;&nbsp;<br><br><strong>Estrat\u00e9gia Sa\u00fade da Fam\u00edlia<br><br><\/strong>Entre os servi\u00e7os presentes na Estrat\u00e9gia da Sa\u00fade da Fam\u00edlia consta o acolhimento, que acontece no momento em que o paciente chega em uma UBS e recebe o direcionamento correto. A partir desse primeiro contato, s\u00e3o realizados acompanhamentos, agendamentos m\u00e9dicos e encaminhamentos para as equipes multiprofissionais.<br><br>Na equipe multi s\u00e3o monitorados os pacientes com doen\u00e7as cr\u00f4nicas como hipertens\u00e3o, diabetes, al\u00e9m dos tratamentos odontol\u00f3gicos, acompanhamentos com psic\u00f3logos, realizados pr\u00e9-natal e puericultura, renova\u00e7\u00e3o de receitas, aferi\u00e7\u00e3o de sinais vitais, curativos, entregas de preservativos e anticoncepcionais, exame preventivo, imuniza\u00e7\u00e3o, nebuliza\u00e7\u00e3o, testes r\u00e1pidos de gravidez, visita domiciliar e educa\u00e7\u00e3o em sa\u00fade com nutricionistas e gin\u00e1stica em grupo.<br><br>A conversa com os pacientes que aguardam atendimento nas UBS\u00b4s \u00e9 realizada nas primeiras horas da manh\u00e3 \u2013 entre 8h e 8h30 \u2013 por\u00e9m, a popula\u00e7\u00e3o pode buscar informa\u00e7\u00e3o com a equipe de enfermagem ou com o gerente da unidade sempre que tiver alguma d\u00favida sobre a oferta de servi\u00e7os e programas ou solicita\u00e7\u00e3o n\u00e3o atendida.<\/p>\n","protected":false},"excerpt":{"rendered":"<p>A iniciativa visa fortalecer o v\u00ednculo com o paciente e levar informa\u00e7\u00f5es sobre programas e servi\u00e7os desenvolvidos pelas equipes da Estrat\u00e9gia Sa\u00fade da Fam\u00edlia Os atendimentos nas Unidades B\u00e1sicas de Sa\u00fade ganharam uma nova din\u00e2mica que est\u00e1 ampliando o acesso do igua\u00e7uense ao leque de servi\u00e7os do Programa Estrat\u00e9gia de Sa\u00fade da Fam\u00edlia. Enquanto aguardam [&hellip;]<\/p>\n","protected":false},"author":2,"featured_media":12626,"comment_status":"open","ping_status":"open","sticky":false,"template":"","format":"standard","meta":{"om_disable_all_campaigns":false,"_monsterinsights_skip_tracking":false,"_monsterinsights_sitenote_active":false,"_monsterinsights_sitenote_note":"","_monsterinsights_sitenote_category":0,"footnotes":""},"categories":[4,10],"tags":[],"class_list":["post-12625","post","type-post","status-publish","format-standard","has-post-thumbnail","hentry","category-cidade","category-saude"],"_links":{"self":[{"href":"https:\/\/acontecenafronteira.com.br\/index.php\/wp-json\/wp\/v2\/posts\/12625","targetHints":{"allow":["GET"]}}],"collection":[{"href":"https:\/\/acontecenafronteira.com.br\/index.php\/wp-json\/wp\/v2\/posts"}],"about":[{"href":"https:\/\/acontecenafronteira.com.br\/index.php\/wp-json\/wp\/v2\/types\/post"}],"author":[{"embeddable":true,"href":"https:\/\/acontecenafronteira.com.br\/index.php\/wp-json\/wp\/v2\/users\/2"}],"replies":[{"embeddable":true,"href":"https:\/\/acontecenafronteira.com.br\/index.php\/wp-json\/wp\/v2\/comments?post=12625"}],"version-history":[{"count":1,"href":"https:\/\/acontecenafronteira.com.br\/index.php\/wp-json\/wp\/v2\/posts\/12625\/revisions"}],"predecessor-version":[{"id":12627,"href":"https:\/\/acontecenafronteira.com.br\/index.php\/wp-json\/wp\/v2\/posts\/12625\/revisions\/12627"}],"wp:featuredmedia":[{"embeddable":true,"href":"https:\/\/acontecenafronteira.com.br\/index.php\/wp-json\/wp\/v2\/media\/12626"}],"wp:attachment":[{"href":"https:\/\/acontecenafronteira.com.br\/index.php\/wp-json\/wp\/v2\/media?parent=12625"}],"wp:term":[{"taxonomy":"category","embeddable":true,"href":"https:\/\/acontecenafronteira.com.br\/index.php\/wp-json\/wp\/v2\/categories?post=12625"},{"taxonomy":"post_tag","embeddable":true,"href":"https:\/\/acontecenafronteira.com.br\/index.php\/wp-json\/wp\/v2\/tags?post=12625"}],"curies":[{"name":"wp","href":"https:\/\/api.w.org\/{rel}","templated":true}]}}