{"id":12564,"date":"2022-08-25T19:52:22","date_gmt":"2022-08-25T22:52:22","guid":{"rendered":"https:\/\/acontecenafronteira.com.br\/?p=12564"},"modified":"2022-08-25T19:52:24","modified_gmt":"2022-08-25T22:52:24","slug":"diretores-de-escolas-recebem-orientacoes-sobre-prestacao-de-contas-ao-tce-pr","status":"publish","type":"post","link":"https:\/\/acontecenafronteira.com.br\/index.php\/2022\/08\/25\/diretores-de-escolas-recebem-orientacoes-sobre-prestacao-de-contas-ao-tce-pr\/","title":{"rendered":"Diretores de escolas recebem orienta\u00e7\u00f5es sobre presta\u00e7\u00e3o de contas ao TCE-PR"},"content":{"rendered":"\n<p>Instru\u00e7\u00e3o Normativa atualizou a forma sobre como os munic\u00edpios devem prestar contas. \u00c1reas como sa\u00fade e educa\u00e7\u00e3o dever\u00e3o informar dados por meio dos sistemas eletr\u00f4nicos do Tribunal<\/p>\n\n\n\n<p>A Secretaria Municipal da Educa\u00e7\u00e3o realizou nesta quinta-feira (25) uma reuni\u00e3o com diretores (as) das 50 escolas da rede municipal de ensino para tratar sobre a nova Instru\u00e7\u00e3o Normativa do Tribunal de Contas do Paran\u00e1 (TCE-PR) que atualizou a forma sobre como os munic\u00edpios devem apresentar dados da execu\u00e7\u00e3o or\u00e7ament\u00e1ria e financeira da gest\u00e3o. O encontro aconteceu no audit\u00f3rio da Acifi.<\/p>\n\n\n\n<p>A nova metodologia incluiu a presta\u00e7\u00e3o de contas por parte dos secret\u00e1rios, diretores e coordenadores de escolas, Cmeis (Centros Municipais de Educa\u00e7\u00e3o Infantil) e tamb\u00e9m das unidades b\u00e1sicas de sa\u00fade. Eles ser\u00e3o respons\u00e1veis pelo fornecimento de informa\u00e7\u00f5es por meio de question\u00e1rios que j\u00e1 foram encaminhados pelo TCE.<\/p>\n\n\n\n<p>\u201cTodas as unidades de ensino j\u00e1 receberam o formul\u00e1rio e t\u00eam at\u00e9 o dia 16 de setembro para informar os dados, por meio dos sistemas eletr\u00f4nicos do TCE. As respostas variam muito da educa\u00e7\u00e3o infantil para o ensino fundamental, por isso organizamos encontros com os diretores para orient\u00e1-los e tirar d\u00favidas sobre os principais pontos\u201d, explicou a secret\u00e1ria Maria Justina da Silva. A reuni\u00e3o com diretores de Cmeis aconteceu no in\u00edcio desta semana no complexo Bordin.<\/p>\n\n\n\n<p>Mudan\u00e7as<\/p>\n\n\n\n<p>Entre os dados solicitados pelo Tribunal de Contas, est\u00e3o os projetos pol\u00edtico pedag\u00f3gicos das unidades de ensino, o envolvimento com a comunidade escolar, a estrutura das escolas, a inclus\u00e3o de alunos com defici\u00eancia ou transtornos globais, as salas de recursos, a exist\u00eancia de salas de leitura, \u00e1reas verdes, entre outros assuntos. Tamb\u00e9m ser\u00e3o acompanhadas as a\u00e7\u00f5es de governo empreendidas pelas prefeituras em rela\u00e7\u00e3o \u00e0 previd\u00eancia social, \u00e0 transpar\u00eancia, \u00e0 administra\u00e7\u00e3o financeira e ao relacionamento com os cidad\u00e3os.<\/p>\n\n\n\n<p>Dessa forma, o TCE pretende auxiliar os prefeitos na identifica\u00e7\u00e3o de oportunidades para melhorar a atua\u00e7\u00e3o governamental em rela\u00e7\u00e3o \u00e0s pol\u00edticas p\u00fablicas. Ao mesmo tempo, os pontos observados servir\u00e3o como base para o planejamento de futuras fiscaliza\u00e7\u00f5es da Corte.<\/p>\n","protected":false},"excerpt":{"rendered":"<p>Instru\u00e7\u00e3o Normativa atualizou a forma sobre como os munic\u00edpios devem prestar contas. \u00c1reas como sa\u00fade e educa\u00e7\u00e3o dever\u00e3o informar dados por meio dos sistemas eletr\u00f4nicos do Tribunal A Secretaria Municipal da Educa\u00e7\u00e3o realizou nesta quinta-feira (25) uma reuni\u00e3o com diretores (as) das 50 escolas da rede municipal de ensino para tratar sobre a nova Instru\u00e7\u00e3o [&hellip;]<\/p>\n","protected":false},"author":2,"featured_media":12565,"comment_status":"open","ping_status":"open","sticky":false,"template":"","format":"standard","meta":{"om_disable_all_campaigns":false,"_monsterinsights_skip_tracking":false,"_monsterinsights_sitenote_active":false,"_monsterinsights_sitenote_note":"","_monsterinsights_sitenote_category":0,"footnotes":""},"categories":[4,8],"tags":[],"class_list":["post-12564","post","type-post","status-publish","format-standard","has-post-thumbnail","hentry","category-cidade","category-educaca0"],"_links":{"self":[{"href":"https:\/\/acontecenafronteira.com.br\/index.php\/wp-json\/wp\/v2\/posts\/12564","targetHints":{"allow":["GET"]}}],"collection":[{"href":"https:\/\/acontecenafronteira.com.br\/index.php\/wp-json\/wp\/v2\/posts"}],"about":[{"href":"https:\/\/acontecenafronteira.com.br\/index.php\/wp-json\/wp\/v2\/types\/post"}],"author":[{"embeddable":true,"href":"https:\/\/acontecenafronteira.com.br\/index.php\/wp-json\/wp\/v2\/users\/2"}],"replies":[{"embeddable":true,"href":"https:\/\/acontecenafronteira.com.br\/index.php\/wp-json\/wp\/v2\/comments?post=12564"}],"version-history":[{"count":1,"href":"https:\/\/acontecenafronteira.com.br\/index.php\/wp-json\/wp\/v2\/posts\/12564\/revisions"}],"predecessor-version":[{"id":12566,"href":"https:\/\/acontecenafronteira.com.br\/index.php\/wp-json\/wp\/v2\/posts\/12564\/revisions\/12566"}],"wp:featuredmedia":[{"embeddable":true,"href":"https:\/\/acontecenafronteira.com.br\/index.php\/wp-json\/wp\/v2\/media\/12565"}],"wp:attachment":[{"href":"https:\/\/acontecenafronteira.com.br\/index.php\/wp-json\/wp\/v2\/media?parent=12564"}],"wp:term":[{"taxonomy":"category","embeddable":true,"href":"https:\/\/acontecenafronteira.com.br\/index.php\/wp-json\/wp\/v2\/categories?post=12564"},{"taxonomy":"post_tag","embeddable":true,"href":"https:\/\/acontecenafronteira.com.br\/index.php\/wp-json\/wp\/v2\/tags?post=12564"}],"curies":[{"name":"wp","href":"https:\/\/api.w.org\/{rel}","templated":true}]}}