{"id":12520,"date":"2022-08-25T19:40:06","date_gmt":"2022-08-25T22:40:06","guid":{"rendered":"https:\/\/acontecenafronteira.com.br\/?p=12520"},"modified":"2022-08-25T19:40:07","modified_gmt":"2022-08-25T22:40:07","slug":"olimpiadas-das-apaes-promove-a-integracao-da-rede-e-a-superacao-dos-atletas","status":"publish","type":"post","link":"https:\/\/acontecenafronteira.com.br\/index.php\/2022\/08\/25\/olimpiadas-das-apaes-promove-a-integracao-da-rede-e-a-superacao-dos-atletas\/","title":{"rendered":"Olimp\u00edadas das APAEs promove a integra\u00e7\u00e3o da rede e a supera\u00e7\u00e3o dos atletas"},"content":{"rendered":"\n<p>Trinta delega\u00e7\u00f5es do Paran\u00e1 participam das competi\u00e7\u00f5es em Foz do Igua\u00e7u; Jogos integram a Semana Nacional da Pessoa com Defici\u00eancia Intelectual e M\u00faltipla<\/p>\n\n\n\n<p><em>Foto: Thiago Dutra\/PMFI.<br><br><\/em>O primeiro dia de competi\u00e7\u00f5es da 22\u00aa Olimp\u00edadas Especiais das APAEs, nesta quarta-feira (24), est\u00e1 sendo marcado pela alegria e o entusiasmo de atletas e professores, que aguardavam por este momento h\u00e1 mais de dois anos. Ao todo, mais de 1.200 pessoas de 30 delega\u00e7\u00f5es do Estado participam dos jogos, que seguem at\u00e9 domingo (28) em Foz do Igua\u00e7u.<br><br>Pela manh\u00e3, no SESC, foram disputadas provas de gin\u00e1stica art\u00edstica, xadrez e futebol sete, tamb\u00e9m conhecido como futebol Society. Lucas, de 19 anos, estava ansioso para entrar em quadra. Essa \u00e9 a primeira vez que ele est\u00e1 longe de casa e aproveitando a experi\u00eancia. \u201cAqui \u00e9 tudo maravilhoso, estou ansioso, mas me divertindo muito. J\u00e1 fiz muitos amigos&#8221;, contou.<br><br>Lucas \u00e9 de Lupion\u00f3polis, na regi\u00e3o Norte do Paran\u00e1. O colega, Leonan, de 16 anos, prometeu muitos gols durante a partida. \u201cA gente vem pra jogar, mas tamb\u00e9m para fazer amizades. Estou muito feliz aqui\u201d, disse o aluno da APAE de Sertan\u00f3polis, regi\u00e3o metropolitana de Londrina.\u00a0<br><br>Para o coordenador estadual de educa\u00e7\u00e3o f\u00edsica das APAEs, Paulino Hykavei Junior, muito mais do que vencer uma competi\u00e7\u00e3o, os atletas buscam superar seus limites. \u201cAl\u00e9m dos benef\u00edcios do esporte, que s\u00e3o in\u00fameros, as competi\u00e7\u00f5es promovem a integra\u00e7\u00e3o social, a amizade, o respeito e principalmente, a busca pela autonomia, para viver melhor em sociedade\u201d, afirma. \u201cEles n\u00e3o est\u00e3o aqui somente em busca de medalhas, mas para concluir as provas, vencer seus limites, superar desafios\u201d, concluiu o educador.\u00a0<br><br>No Clube Gresfi, tamb\u00e9m pela manh\u00e3, os atletas de Foz do Igua\u00e7u disputavam o t\u00eanis de mesa com delega\u00e7\u00f5es de Paranagu\u00e1, Cascavel e outras cidades. \u201cA torcida \u00e9 para todo mundo. Aqui a gente comemora sempre, se ganhar ou perder\u201d, declarou a aluna Gisele, de 18 anos.\u00a0<br><br>As disputas seguem at\u00e9 domingo (28) em diversos locais da cidade, como o\u00a0 Gin\u00e1sio Costa Cavalcante, Clube Gresfi, Gin\u00e1sio Sebasti\u00e3o Flor, SESC, Col\u00e9gio Almirante Tamandar\u00e9, Gin\u00e1sio do Ouro Verde e Gin\u00e1sio do Morumbi. As competi\u00e7\u00f5es de atletismo \u2013 a principal modalidade com mais de 400 atletas \u2013 acontecem na Faculdade Unigua\u00e7u, em S\u00e3o Miguel do Igua\u00e7u. Confira\u00a0<strong><a href=\"https:\/\/drive.google.com\/file\/d\/1nSOU2kETSdUNNm2WCB6b_ZX2niSajJxG\/view?usp=sharing\">AQUI<\/a><\/strong>\u00a0a programa\u00e7\u00e3o completa dos jogos.<br><br><strong>Nacional\u00a0<br><br><\/strong>Da etapa estadual, ser\u00e3o selecionados os 120 melhores atletas que representar\u00e3o o Paran\u00e1\u00a0 na fase nacional, em dezembro, na cidade de Sergipe. \u201cAs olimp\u00edadas das Apaes s\u00e3o hist\u00f3ricas e uma das mais fortes do Brasil. Por conta da pandemia, ficamos dois anos sem o evento, e n\u00e3o s\u00f3 os atletas, mas os professores estavam ansiosos para vir a Foz, uma cidade bel\u00edssima. Fomos muito bem acolhidos e os alunos estavam contando os dias para viver este momento\u201d, disse o coordenador.<br><br>As Olimp\u00edadas Especiais das Apaes s\u00e3o promovidas pela Federa\u00e7\u00e3o Nacional das Apaes (Fenapaes) desde 1973. Em Foz do Igua\u00e7u, tem o apoio da Prefeitura, atrav\u00e9s da Secretaria de Esportes e Lazer.<\/p>\n\n\n\n<figure class=\"wp-block-gallery has-nested-images columns-default is-cropped wp-block-gallery-1 is-layout-flex wp-block-gallery-is-layout-flex\">\n<figure class=\"wp-block-image size-large is-style-default\"><img loading=\"lazy\" decoding=\"async\" width=\"799\" height=\"534\" data-id=\"12523\" src=\"https:\/\/acontecenafronteira.com.br\/wp-content\/uploads\/2022\/08\/WhatsApp-Image-2022-08-24-at-15.00.43-2.jpeg\" alt=\"\" class=\"wp-image-12523\" srcset=\"https:\/\/acontecenafronteira.com.br\/wp-content\/uploads\/2022\/08\/WhatsApp-Image-2022-08-24-at-15.00.43-2.jpeg 799w, https:\/\/acontecenafronteira.com.br\/wp-content\/uploads\/2022\/08\/WhatsApp-Image-2022-08-24-at-15.00.43-2-300x201.jpeg 300w, https:\/\/acontecenafronteira.com.br\/wp-content\/uploads\/2022\/08\/WhatsApp-Image-2022-08-24-at-15.00.43-2-768x513.jpeg 768w\" sizes=\"auto, (max-width: 799px) 100vw, 799px\" \/><\/figure>\n\n\n\n<figure class=\"wp-block-image size-large is-style-default\"><img loading=\"lazy\" decoding=\"async\" width=\"799\" height=\"534\" data-id=\"12525\" src=\"https:\/\/acontecenafronteira.com.br\/wp-content\/uploads\/2022\/08\/WhatsApp-Image-2022-08-24-at-15.00.43-1-1.jpeg\" alt=\"\" class=\"wp-image-12525\" srcset=\"https:\/\/acontecenafronteira.com.br\/wp-content\/uploads\/2022\/08\/WhatsApp-Image-2022-08-24-at-15.00.43-1-1.jpeg 799w, https:\/\/acontecenafronteira.com.br\/wp-content\/uploads\/2022\/08\/WhatsApp-Image-2022-08-24-at-15.00.43-1-1-300x201.jpeg 300w, https:\/\/acontecenafronteira.com.br\/wp-content\/uploads\/2022\/08\/WhatsApp-Image-2022-08-24-at-15.00.43-1-1-768x513.jpeg 768w\" sizes=\"auto, (max-width: 799px) 100vw, 799px\" \/><\/figure>\n\n\n\n<figure class=\"wp-block-image size-large is-style-default\"><img loading=\"lazy\" decoding=\"async\" width=\"799\" height=\"534\" data-id=\"12524\" src=\"https:\/\/acontecenafronteira.com.br\/wp-content\/uploads\/2022\/08\/WhatsApp-Image-2022-08-24-at-15.00.43.jpeg\" alt=\"\" class=\"wp-image-12524\" srcset=\"https:\/\/acontecenafronteira.com.br\/wp-content\/uploads\/2022\/08\/WhatsApp-Image-2022-08-24-at-15.00.43.jpeg 799w, https:\/\/acontecenafronteira.com.br\/wp-content\/uploads\/2022\/08\/WhatsApp-Image-2022-08-24-at-15.00.43-300x201.jpeg 300w, https:\/\/acontecenafronteira.com.br\/wp-content\/uploads\/2022\/08\/WhatsApp-Image-2022-08-24-at-15.00.43-768x513.jpeg 768w\" sizes=\"auto, (max-width: 799px) 100vw, 799px\" \/><\/figure>\n\n\n\n<figure class=\"wp-block-image size-large is-style-default\"><img loading=\"lazy\" decoding=\"async\" width=\"799\" height=\"534\" data-id=\"12526\" src=\"https:\/\/acontecenafronteira.com.br\/wp-content\/uploads\/2022\/08\/WhatsApp-Image-2022-08-24-at-15.00.42.jpeg\" alt=\"\" class=\"wp-image-12526\" srcset=\"https:\/\/acontecenafronteira.com.br\/wp-content\/uploads\/2022\/08\/WhatsApp-Image-2022-08-24-at-15.00.42.jpeg 799w, https:\/\/acontecenafronteira.com.br\/wp-content\/uploads\/2022\/08\/WhatsApp-Image-2022-08-24-at-15.00.42-300x201.jpeg 300w, https:\/\/acontecenafronteira.com.br\/wp-content\/uploads\/2022\/08\/WhatsApp-Image-2022-08-24-at-15.00.42-768x513.jpeg 768w\" sizes=\"auto, (max-width: 799px) 100vw, 799px\" \/><\/figure>\n<\/figure>\n","protected":false},"excerpt":{"rendered":"<p>Trinta delega\u00e7\u00f5es do Paran\u00e1 participam das competi\u00e7\u00f5es em Foz do Igua\u00e7u; Jogos integram a Semana Nacional da Pessoa com Defici\u00eancia Intelectual e M\u00faltipla Foto: Thiago Dutra\/PMFI. O primeiro dia de competi\u00e7\u00f5es da 22\u00aa Olimp\u00edadas Especiais das APAEs, nesta quarta-feira (24), est\u00e1 sendo marcado pela alegria e o entusiasmo de atletas e professores, que aguardavam por [&hellip;]<\/p>\n","protected":false},"author":2,"featured_media":12522,"comment_status":"open","ping_status":"open","sticky":false,"template":"","format":"standard","meta":{"om_disable_all_campaigns":false,"_monsterinsights_skip_tracking":false,"_monsterinsights_sitenote_active":false,"_monsterinsights_sitenote_note":"","_monsterinsights_sitenote_category":0,"footnotes":""},"categories":[4,2],"tags":[],"class_list":["post-12520","post","type-post","status-publish","format-standard","has-post-thumbnail","hentry","category-cidade","category-esportes"],"_links":{"self":[{"href":"https:\/\/acontecenafronteira.com.br\/index.php\/wp-json\/wp\/v2\/posts\/12520","targetHints":{"allow":["GET"]}}],"collection":[{"href":"https:\/\/acontecenafronteira.com.br\/index.php\/wp-json\/wp\/v2\/posts"}],"about":[{"href":"https:\/\/acontecenafronteira.com.br\/index.php\/wp-json\/wp\/v2\/types\/post"}],"author":[{"embeddable":true,"href":"https:\/\/acontecenafronteira.com.br\/index.php\/wp-json\/wp\/v2\/users\/2"}],"replies":[{"embeddable":true,"href":"https:\/\/acontecenafronteira.com.br\/index.php\/wp-json\/wp\/v2\/comments?post=12520"}],"version-history":[{"count":1,"href":"https:\/\/acontecenafronteira.com.br\/index.php\/wp-json\/wp\/v2\/posts\/12520\/revisions"}],"predecessor-version":[{"id":12527,"href":"https:\/\/acontecenafronteira.com.br\/index.php\/wp-json\/wp\/v2\/posts\/12520\/revisions\/12527"}],"wp:featuredmedia":[{"embeddable":true,"href":"https:\/\/acontecenafronteira.com.br\/index.php\/wp-json\/wp\/v2\/media\/12522"}],"wp:attachment":[{"href":"https:\/\/acontecenafronteira.com.br\/index.php\/wp-json\/wp\/v2\/media?parent=12520"}],"wp:term":[{"taxonomy":"category","embeddable":true,"href":"https:\/\/acontecenafronteira.com.br\/index.php\/wp-json\/wp\/v2\/categories?post=12520"},{"taxonomy":"post_tag","embeddable":true,"href":"https:\/\/acontecenafronteira.com.br\/index.php\/wp-json\/wp\/v2\/tags?post=12520"}],"curies":[{"name":"wp","href":"https:\/\/api.w.org\/{rel}","templated":true}]}}