{"id":12508,"date":"2022-08-24T14:01:58","date_gmt":"2022-08-24T17:01:58","guid":{"rendered":"https:\/\/acontecenafronteira.com.br\/?p=12508"},"modified":"2022-08-24T14:01:59","modified_gmt":"2022-08-24T17:01:59","slug":"servidores-da-educacao-participam-de-curso-de-formacao-de-brigadistas","status":"publish","type":"post","link":"https:\/\/acontecenafronteira.com.br\/index.php\/2022\/08\/24\/servidores-da-educacao-participam-de-curso-de-formacao-de-brigadistas\/","title":{"rendered":"Servidores da educa\u00e7\u00e3o participam de curso de forma\u00e7\u00e3o de brigadistas"},"content":{"rendered":"\n<p>Profissionais est\u00e3o sendo treinados sobre como agir em situa\u00e7\u00f5es de emerg\u00eancia nas escolas e Cmeis do munic\u00edpio<\/p>\n\n\n\n<p>A Secretaria Municipal da Educa\u00e7\u00e3o, em parceria com o 9\u00ba Grupamento do Corpo de Bombeiros de Foz do Igua\u00e7u, est\u00e1 promovendo um curso de forma\u00e7\u00e3o de brigadistas para os servidores que atuam nas unidades escolares do munic\u00edpio. O objetivo \u00e9 capacitar estes profissionais para atuar em situa\u00e7\u00f5es de emerg\u00eancia e riscos nas escolas e Cmeis (Centros Municipais de Educa\u00e7\u00e3o Infantil).\u00a0<br><br>A forma\u00e7\u00e3o, que inclui aulas te\u00f3ricas e pr\u00e1ticas, come\u00e7ou na segunda-feira (22) e segue nesta quarta (24) na Escola Municipal Jo\u00e3o XXIII, no Morumbi. O curso terminar\u00e1 no dia 30 de agosto, quando os 86 educadores \u2013 entre professores, secret\u00e1rios de escola e agentes de apoio &#8211; receber\u00e3o o certificado de participa\u00e7\u00e3o. O curso tem dura\u00e7\u00e3o de 68 horas, sendo 60 com aulas te\u00f3ricas \u00e0 distancia e 8 horas de aulas pr\u00e1ticas, envolvendo simulados.\u00a0<br><br>Durante as aulas, os servidores aprendem e desenvolvem t\u00e9cnicas sobre o plano de abandono escolar, preven\u00e7\u00e3o e seguran\u00e7a contra inc\u00eandio e p\u00e2nico, socorros de urg\u00eancia, preven\u00e7\u00e3o e combate a princ\u00edpios de inc\u00eandio.\u00a0<br><br>\u201cO programa ensina como agir em casos de emerg\u00eancia dentro da escola, de maneira ordenada. Com a capacita\u00e7\u00e3o destes profissionais em simulados e aulas pr\u00e1ticas, temos maior seguran\u00e7a dentro das unidades escolares\u201d, afirma a secret\u00e1ria da educa\u00e7\u00e3o, Maria Justina da Silva.\u00a0<br><br>Em setembro, a Secretaria da Educa\u00e7\u00e3o e o Corpo de Bombeiros ofertar\u00e3o uma reciclagem para cerca de 300 brigadistas que se formaram em 2019. \u201cO curso de forma\u00e7\u00e3o de brigadistas \u00e9 ofertado anualmente nas unidades escolares, mas por conta da pandemia tivemos uma interrup\u00e7\u00e3o de dois anos. Por isso, os brigadistas que se formaram em 2019 passar\u00e3o por uma reciclagem em setembro\u201d, explicou a secret\u00e1ria.<\/p>\n\n\n\n<figure class=\"wp-block-image size-large is-style-default\"><img loading=\"lazy\" decoding=\"async\" width=\"1024\" height=\"462\" src=\"https:\/\/acontecenafronteira.com.br\/wp-content\/uploads\/2022\/08\/WhatsApp-Image-2022-08-24-at-12.34.46-2-1024x462.jpeg\" alt=\"\" class=\"wp-image-12512\" srcset=\"https:\/\/acontecenafronteira.com.br\/wp-content\/uploads\/2022\/08\/WhatsApp-Image-2022-08-24-at-12.34.46-2-1024x462.jpeg 1024w, https:\/\/acontecenafronteira.com.br\/wp-content\/uploads\/2022\/08\/WhatsApp-Image-2022-08-24-at-12.34.46-2-300x135.jpeg 300w, https:\/\/acontecenafronteira.com.br\/wp-content\/uploads\/2022\/08\/WhatsApp-Image-2022-08-24-at-12.34.46-2-768x346.jpeg 768w, https:\/\/acontecenafronteira.com.br\/wp-content\/uploads\/2022\/08\/WhatsApp-Image-2022-08-24-at-12.34.46-2.jpeg 1156w\" sizes=\"auto, (max-width: 1024px) 100vw, 1024px\" \/><\/figure>\n\n\n\n<p><\/p>\n","protected":false},"excerpt":{"rendered":"<p>Profissionais est\u00e3o sendo treinados sobre como agir em situa\u00e7\u00f5es de emerg\u00eancia nas escolas e Cmeis do munic\u00edpio A Secretaria Municipal da Educa\u00e7\u00e3o, em parceria com o 9\u00ba Grupamento do Corpo de Bombeiros de Foz do Igua\u00e7u, est\u00e1 promovendo um curso de forma\u00e7\u00e3o de brigadistas para os servidores que atuam nas unidades escolares do munic\u00edpio. O [&hellip;]<\/p>\n","protected":false},"author":2,"featured_media":12511,"comment_status":"open","ping_status":"open","sticky":false,"template":"","format":"standard","meta":{"om_disable_all_campaigns":false,"_monsterinsights_skip_tracking":false,"_monsterinsights_sitenote_active":false,"_monsterinsights_sitenote_note":"","_monsterinsights_sitenote_category":0,"footnotes":""},"categories":[4],"tags":[],"class_list":["post-12508","post","type-post","status-publish","format-standard","has-post-thumbnail","hentry","category-cidade"],"_links":{"self":[{"href":"https:\/\/acontecenafronteira.com.br\/index.php\/wp-json\/wp\/v2\/posts\/12508","targetHints":{"allow":["GET"]}}],"collection":[{"href":"https:\/\/acontecenafronteira.com.br\/index.php\/wp-json\/wp\/v2\/posts"}],"about":[{"href":"https:\/\/acontecenafronteira.com.br\/index.php\/wp-json\/wp\/v2\/types\/post"}],"author":[{"embeddable":true,"href":"https:\/\/acontecenafronteira.com.br\/index.php\/wp-json\/wp\/v2\/users\/2"}],"replies":[{"embeddable":true,"href":"https:\/\/acontecenafronteira.com.br\/index.php\/wp-json\/wp\/v2\/comments?post=12508"}],"version-history":[{"count":1,"href":"https:\/\/acontecenafronteira.com.br\/index.php\/wp-json\/wp\/v2\/posts\/12508\/revisions"}],"predecessor-version":[{"id":12513,"href":"https:\/\/acontecenafronteira.com.br\/index.php\/wp-json\/wp\/v2\/posts\/12508\/revisions\/12513"}],"wp:featuredmedia":[{"embeddable":true,"href":"https:\/\/acontecenafronteira.com.br\/index.php\/wp-json\/wp\/v2\/media\/12511"}],"wp:attachment":[{"href":"https:\/\/acontecenafronteira.com.br\/index.php\/wp-json\/wp\/v2\/media?parent=12508"}],"wp:term":[{"taxonomy":"category","embeddable":true,"href":"https:\/\/acontecenafronteira.com.br\/index.php\/wp-json\/wp\/v2\/categories?post=12508"},{"taxonomy":"post_tag","embeddable":true,"href":"https:\/\/acontecenafronteira.com.br\/index.php\/wp-json\/wp\/v2\/tags?post=12508"}],"curies":[{"name":"wp","href":"https:\/\/api.w.org\/{rel}","templated":true}]}}