{"id":12504,"date":"2022-08-24T14:00:48","date_gmt":"2022-08-24T17:00:48","guid":{"rendered":"https:\/\/acontecenafronteira.com.br\/?p=12504"},"modified":"2022-08-24T14:00:48","modified_gmt":"2022-08-24T17:00:48","slug":"boletim-24-08-2022-foz-registra-158-novos-casos-de-coronavirus-na-semana-epidemiologica-33","status":"publish","type":"post","link":"https:\/\/acontecenafronteira.com.br\/index.php\/2022\/08\/24\/boletim-24-08-2022-foz-registra-158-novos-casos-de-coronavirus-na-semana-epidemiologica-33\/","title":{"rendered":"Boletim 24\/08\/2022: Foz registra 158 novos casos de Coronav\u00edrus na semana epidemiol\u00f3gica 33"},"content":{"rendered":"\n<p>A Vigil\u00e2ncia Epidemiol\u00f3gica de Foz do Igua\u00e7u confirma na data de hoje, 24\/08\/2022, 158 casos de COVID-19. No total, s\u00e3o 81.289 casos da doen\u00e7a no munic\u00edpio desde o in\u00edcio da pandemia.&nbsp;<br><br>Dos 158 novos casos, 99 s\u00e3o mulheres e 59 homens, com idades entre 06 meses e 96 anos. Entre eles, 118 encontram-se em isolamento domiciliar, 37 encerraram o per\u00edodo de isolamento e 04 pacientes foram a \u00f3bito.<br><\/p>\n\n\n\n<p><strong>\u00d3bitos<\/strong><br><\/p>\n\n\n\n<p>Foz do Igua\u00e7u registrou 4 \u00f3bitos em consequ\u00eancia da COVID-19 na semana epidemiol\u00f3gica 33. As v\u00edtimas s\u00e3o 3 mulheres com idade entre 75 a 81 anos e um homem com 79 anos.&nbsp; No total, s\u00e3o 1.294 mortes pela doen\u00e7a no munic\u00edpio desde o in\u00edcio da pandemia.<\/p>\n","protected":false},"excerpt":{"rendered":"<p>A Vigil\u00e2ncia Epidemiol\u00f3gica de Foz do Igua\u00e7u confirma na data de hoje, 24\/08\/2022, 158 casos de COVID-19. No total, s\u00e3o 81.289 casos da doen\u00e7a no munic\u00edpio desde o in\u00edcio da pandemia.&nbsp; Dos 158 novos casos, 99 s\u00e3o mulheres e 59 homens, com idades entre 06 meses e 96 anos. Entre eles, 118 encontram-se em isolamento [&hellip;]<\/p>\n","protected":false},"author":2,"featured_media":12506,"comment_status":"open","ping_status":"open","sticky":false,"template":"","format":"standard","meta":{"om_disable_all_campaigns":false,"_monsterinsights_skip_tracking":false,"_monsterinsights_sitenote_active":false,"_monsterinsights_sitenote_note":"","_monsterinsights_sitenote_category":0,"footnotes":""},"categories":[4,7],"tags":[],"class_list":["post-12504","post","type-post","status-publish","format-standard","has-post-thumbnail","hentry","category-cidade","category-covid-19"],"_links":{"self":[{"href":"https:\/\/acontecenafronteira.com.br\/index.php\/wp-json\/wp\/v2\/posts\/12504","targetHints":{"allow":["GET"]}}],"collection":[{"href":"https:\/\/acontecenafronteira.com.br\/index.php\/wp-json\/wp\/v2\/posts"}],"about":[{"href":"https:\/\/acontecenafronteira.com.br\/index.php\/wp-json\/wp\/v2\/types\/post"}],"author":[{"embeddable":true,"href":"https:\/\/acontecenafronteira.com.br\/index.php\/wp-json\/wp\/v2\/users\/2"}],"replies":[{"embeddable":true,"href":"https:\/\/acontecenafronteira.com.br\/index.php\/wp-json\/wp\/v2\/comments?post=12504"}],"version-history":[{"count":1,"href":"https:\/\/acontecenafronteira.com.br\/index.php\/wp-json\/wp\/v2\/posts\/12504\/revisions"}],"predecessor-version":[{"id":12507,"href":"https:\/\/acontecenafronteira.com.br\/index.php\/wp-json\/wp\/v2\/posts\/12504\/revisions\/12507"}],"wp:featuredmedia":[{"embeddable":true,"href":"https:\/\/acontecenafronteira.com.br\/index.php\/wp-json\/wp\/v2\/media\/12506"}],"wp:attachment":[{"href":"https:\/\/acontecenafronteira.com.br\/index.php\/wp-json\/wp\/v2\/media?parent=12504"}],"wp:term":[{"taxonomy":"category","embeddable":true,"href":"https:\/\/acontecenafronteira.com.br\/index.php\/wp-json\/wp\/v2\/categories?post=12504"},{"taxonomy":"post_tag","embeddable":true,"href":"https:\/\/acontecenafronteira.com.br\/index.php\/wp-json\/wp\/v2\/tags?post=12504"}],"curies":[{"name":"wp","href":"https:\/\/api.w.org\/{rel}","templated":true}]}}