{"id":12476,"date":"2022-08-24T13:59:43","date_gmt":"2022-08-24T16:59:43","guid":{"rendered":"https:\/\/acontecenafronteira.com.br\/?p=12476"},"modified":"2022-08-24T13:59:44","modified_gmt":"2022-08-24T16:59:44","slug":"vila-sertoes-iguacuenses-acompanham-ajustes-finais-das-maquinas-que-irao-competir-no-rally-dos-sertoes","status":"publish","type":"post","link":"https:\/\/acontecenafronteira.com.br\/index.php\/2022\/08\/24\/vila-sertoes-iguacuenses-acompanham-ajustes-finais-das-maquinas-que-irao-competir-no-rally-dos-sertoes\/","title":{"rendered":"Vila Sert\u00f5es: igua\u00e7uenses acompanham ajustes finais das m\u00e1quinas que ir\u00e3o competir no Rally dos Sert\u00f5es"},"content":{"rendered":"\n<p>O atrativo foi aberto nesta ter\u00e7a-feira, 23, e j\u00e1 pode ser conferido pelos igua\u00e7uenses; al\u00e9m das m\u00e1quinas, evento ainda conta com pra\u00e7a de alimenta\u00e7\u00e3o, lojas e estandes de artesanato<\/p>\n\n\n\n<p>O Parque de Exposi\u00e7\u00f5es Charrua, em Foz do Igua\u00e7u, j\u00e1 se transformou na Vila Sert\u00f5es. Nesta ter\u00e7a-feira (23), as equipes, pilotos e volunt\u00e1rios aceleraram os preparativos finais para a montagem dos espa\u00e7os que poder\u00e3o ser aproveitados pelos igua\u00e7uenses at\u00e9 a pr\u00f3xima sexta-feira (26).<\/p>\n\n\n\n<p>Celson Galhardes mora pr\u00f3ximo ao parque e estava passeando de bicicleta com a filha, Sarah, quando decidiu entrar para conferir a movimenta\u00e7\u00e3o das m\u00e1quinas e conhecer a estrutura.<\/p>\n\n\n\n<blockquote class=\"wp-block-quote is-layout-flow wp-block-quote-is-layout-flow\"><p>\u201cEstou acompanhando desde os primeiros dias da montagem e hoje entramos para aproveitar. Foz do Igua\u00e7u merecia um evento t\u00e3o grandioso como esse e fico ainda mais feliz por ser perto de casa. Sempre acompanhei pela TV, mas estar aqui \u00e9 muito melhor. Com certeza quero voltar nos pr\u00f3ximos dias\u201d, disse o morador.<\/p><\/blockquote>\n\n\n\n<figure class=\"wp-block-gallery has-nested-images columns-default is-cropped wp-block-gallery-1 is-layout-flex wp-block-gallery-is-layout-flex\">\n<figure class=\"wp-block-image size-large\"><img loading=\"lazy\" decoding=\"async\" width=\"1024\" height=\"461\" data-id=\"12491\" src=\"https:\/\/acontecenafronteira.com.br\/wp-content\/uploads\/2022\/08\/WhatsApp-Image-2022-08-24-at-13.53.07-1024x461.jpeg\" alt=\"\" class=\"wp-image-12491\" srcset=\"https:\/\/acontecenafronteira.com.br\/wp-content\/uploads\/2022\/08\/WhatsApp-Image-2022-08-24-at-13.53.07-1024x461.jpeg 1024w, https:\/\/acontecenafronteira.com.br\/wp-content\/uploads\/2022\/08\/WhatsApp-Image-2022-08-24-at-13.53.07-300x135.jpeg 300w, https:\/\/acontecenafronteira.com.br\/wp-content\/uploads\/2022\/08\/WhatsApp-Image-2022-08-24-at-13.53.07-768x346.jpeg 768w, https:\/\/acontecenafronteira.com.br\/wp-content\/uploads\/2022\/08\/WhatsApp-Image-2022-08-24-at-13.53.07-1536x691.jpeg 1536w, https:\/\/acontecenafronteira.com.br\/wp-content\/uploads\/2022\/08\/WhatsApp-Image-2022-08-24-at-13.53.07.jpeg 1600w\" sizes=\"auto, (max-width: 1024px) 100vw, 1024px\" \/><\/figure>\n\n\n\n<figure class=\"wp-block-image size-large\"><img loading=\"lazy\" decoding=\"async\" width=\"1024\" height=\"461\" data-id=\"12492\" src=\"https:\/\/acontecenafronteira.com.br\/wp-content\/uploads\/2022\/08\/WhatsApp-Image-2022-08-24-at-13.53.08-2-1024x461.jpeg\" alt=\"\" class=\"wp-image-12492\" srcset=\"https:\/\/acontecenafronteira.com.br\/wp-content\/uploads\/2022\/08\/WhatsApp-Image-2022-08-24-at-13.53.08-2-1024x461.jpeg 1024w, https:\/\/acontecenafronteira.com.br\/wp-content\/uploads\/2022\/08\/WhatsApp-Image-2022-08-24-at-13.53.08-2-300x135.jpeg 300w, https:\/\/acontecenafronteira.com.br\/wp-content\/uploads\/2022\/08\/WhatsApp-Image-2022-08-24-at-13.53.08-2-768x346.jpeg 768w, https:\/\/acontecenafronteira.com.br\/wp-content\/uploads\/2022\/08\/WhatsApp-Image-2022-08-24-at-13.53.08-2-1536x691.jpeg 1536w, https:\/\/acontecenafronteira.com.br\/wp-content\/uploads\/2022\/08\/WhatsApp-Image-2022-08-24-at-13.53.08-2.jpeg 1600w\" sizes=\"auto, (max-width: 1024px) 100vw, 1024px\" \/><\/figure>\n\n\n\n<figure class=\"wp-block-image size-large\"><img loading=\"lazy\" decoding=\"async\" width=\"1024\" height=\"461\" data-id=\"12493\" src=\"https:\/\/acontecenafronteira.com.br\/wp-content\/uploads\/2022\/08\/WhatsApp-Image-2022-08-24-at-13.53.08-1-1024x461.jpeg\" alt=\"\" class=\"wp-image-12493\" srcset=\"https:\/\/acontecenafronteira.com.br\/wp-content\/uploads\/2022\/08\/WhatsApp-Image-2022-08-24-at-13.53.08-1-1024x461.jpeg 1024w, https:\/\/acontecenafronteira.com.br\/wp-content\/uploads\/2022\/08\/WhatsApp-Image-2022-08-24-at-13.53.08-1-300x135.jpeg 300w, https:\/\/acontecenafronteira.com.br\/wp-content\/uploads\/2022\/08\/WhatsApp-Image-2022-08-24-at-13.53.08-1-768x346.jpeg 768w, https:\/\/acontecenafronteira.com.br\/wp-content\/uploads\/2022\/08\/WhatsApp-Image-2022-08-24-at-13.53.08-1-1536x691.jpeg 1536w, https:\/\/acontecenafronteira.com.br\/wp-content\/uploads\/2022\/08\/WhatsApp-Image-2022-08-24-at-13.53.08-1.jpeg 1600w\" sizes=\"auto, (max-width: 1024px) 100vw, 1024px\" \/><\/figure>\n\n\n\n<figure class=\"wp-block-image size-large\"><img loading=\"lazy\" decoding=\"async\" width=\"1024\" height=\"461\" data-id=\"12490\" src=\"https:\/\/acontecenafronteira.com.br\/wp-content\/uploads\/2022\/08\/WhatsApp-Image-2022-08-24-at-13.53.08-1024x461.jpeg\" alt=\"\" class=\"wp-image-12490\" srcset=\"https:\/\/acontecenafronteira.com.br\/wp-content\/uploads\/2022\/08\/WhatsApp-Image-2022-08-24-at-13.53.08-1024x461.jpeg 1024w, https:\/\/acontecenafronteira.com.br\/wp-content\/uploads\/2022\/08\/WhatsApp-Image-2022-08-24-at-13.53.08-300x135.jpeg 300w, https:\/\/acontecenafronteira.com.br\/wp-content\/uploads\/2022\/08\/WhatsApp-Image-2022-08-24-at-13.53.08-768x346.jpeg 768w, https:\/\/acontecenafronteira.com.br\/wp-content\/uploads\/2022\/08\/WhatsApp-Image-2022-08-24-at-13.53.08-1536x691.jpeg 1536w, https:\/\/acontecenafronteira.com.br\/wp-content\/uploads\/2022\/08\/WhatsApp-Image-2022-08-24-at-13.53.08.jpeg 1600w\" sizes=\"auto, (max-width: 1024px) 100vw, 1024px\" \/><\/figure>\n\n\n\n<figure class=\"wp-block-image size-large\"><img loading=\"lazy\" decoding=\"async\" width=\"1024\" height=\"461\" data-id=\"12494\" src=\"https:\/\/acontecenafronteira.com.br\/wp-content\/uploads\/2022\/08\/WhatsApp-Image-2022-08-24-at-13.53.18-1024x461.jpeg\" alt=\"\" class=\"wp-image-12494\" srcset=\"https:\/\/acontecenafronteira.com.br\/wp-content\/uploads\/2022\/08\/WhatsApp-Image-2022-08-24-at-13.53.18-1024x461.jpeg 1024w, https:\/\/acontecenafronteira.com.br\/wp-content\/uploads\/2022\/08\/WhatsApp-Image-2022-08-24-at-13.53.18-300x135.jpeg 300w, https:\/\/acontecenafronteira.com.br\/wp-content\/uploads\/2022\/08\/WhatsApp-Image-2022-08-24-at-13.53.18-768x346.jpeg 768w, https:\/\/acontecenafronteira.com.br\/wp-content\/uploads\/2022\/08\/WhatsApp-Image-2022-08-24-at-13.53.18-1536x691.jpeg 1536w, https:\/\/acontecenafronteira.com.br\/wp-content\/uploads\/2022\/08\/WhatsApp-Image-2022-08-24-at-13.53.18.jpeg 1600w\" sizes=\"auto, (max-width: 1024px) 100vw, 1024px\" \/><\/figure>\n<\/figure>\n\n\n\n<p>A Vila Sert\u00f5es j\u00e1 est\u00e1 aberta ao p\u00fablico e ter\u00e1 entrada franca. O hor\u00e1rio de funcionamento ser\u00e1 das 10h \u00e0s 22h. Quem visitar poder\u00e1 conhecer as tendas de cultura, turismo, pra\u00e7a de alimenta\u00e7\u00e3o, \u00e1reas de ativa\u00e7\u00f5es dos patrocinadores.<\/p>\n\n\n\n<p>Para a artes\u00e3 igua\u00e7uense, K\u00e1tia Chagas, o evento \u00e9 uma grande oportunidade de vendas e exposi\u00e7\u00e3o do trabalho. Al\u00e9m de produzir pe\u00e7as que remetem \u00e0 cultura da regi\u00e3o trinacional, ela ainda produziu produtos personalizados para o evento.<\/p>\n\n\n\n<blockquote class=\"wp-block-quote is-layout-flow wp-block-quote-is-layout-flow\"><p>\u201cGostei muito dessa oportunidade de estar aqui e mostrar a arte igua\u00e7uense, al\u00e9m de vender as pe\u00e7as e conseguir uma boa renda ao final do evento. Tenho certeza de que vai ser muito positivo\u201d, afirmou.<\/p><\/blockquote>\n\n\n\n<blockquote class=\"wp-block-quote is-layout-flow wp-block-quote-is-layout-flow\"><p>&#8220;Este \u00e9 um evento que traz pessoas de todo o pa\u00eds para o Destino Igua\u00e7u e que, al\u00e9m desses visitantes, ainda traz uma grande visibilidade para Foz do Igua\u00e7u no cen\u00e1rio nacional e at\u00e9 mesmo internacional, gerando grandes ganhos e oportunidades&#8221;, ressaltou o secret\u00e1rio municipal de Turismo e Projetos Estrat\u00e9gicos, Paulo Angeli.<\/p><\/blockquote>\n\n\n\n<p>Preparativos das equipes<\/p>\n\n\n\n<p>As imponentes carretas tamb\u00e9m integram as diversificadas atra\u00e7\u00f5es da Vila. As equipes dos mais de 300 pilotos finalizam os ajustes mec\u00e2nicos e t\u00e9cnicos dos ve\u00edculos, al\u00e9m da montagem dos paddocks que ir\u00e3o abrigas as m\u00e1quinas.<\/p>\n\n\n\n<p>Ao todo, ser\u00e3o 40 carros, 83 UTVs, 58 motos e um quadriciclo, que v\u00e3o disputar o t\u00edtulo da prova que completa 30 anos nesta edi\u00e7\u00e3o. A largada da prova ser\u00e1 no pr\u00f3ximo s\u00e1bado (27).<\/p>\n\n\n\n<p>O piloto Fabr\u00edcio Bianchini conta que, a partir de agora, o foco estar\u00e1 na busca de bons resultados para a largada da competi\u00e7\u00e3o. \u201cEstar celebrando os 30 anos de rally aqui em Foz est\u00e1 sendo uma grande experi\u00eancia. J\u00e1 estivemos aqui antes e a cidade traz uma emo\u00e7\u00e3o diferenciada. Vai ser muito bom estar entre amigos, viajar e conhecer lugares lindos\u201d, completou.<\/p>\n\n\n\n<p>De Minas Gerais veio a equipe Transm\u00e1quinas, com uma estrutura composta por tr\u00eas carros de competi\u00e7\u00e3o, carreta e \u00f4nibus para a equipe de apoio. Elder Lemes, chefe dos mec\u00e2nicos do time, detalhou os preparativos que iniciaram h\u00e1 mais de um ano.<\/p>\n\n\n\n<blockquote class=\"wp-block-quote is-layout-flow wp-block-quote-is-layout-flow\"><p>\u201cFoi uma longa jornada com a prepara\u00e7\u00e3o dos ve\u00edculos, atualiza\u00e7\u00f5es e viagens. Agora estamos nos \u00faltimos ajustes, prontos para largar e fazer uma grande prova com os nossos pilotos\u201d, finalizou.<\/p><\/blockquote>\n\n\n\n<figure class=\"wp-block-gallery has-nested-images columns-default is-cropped wp-block-gallery-2 is-layout-flex wp-block-gallery-is-layout-flex\">\n<figure class=\"wp-block-image size-large\"><img loading=\"lazy\" decoding=\"async\" width=\"799\" height=\"533\" data-id=\"12497\" src=\"https:\/\/acontecenafronteira.com.br\/wp-content\/uploads\/2022\/08\/WhatsApp-Image-2022-08-24-at-13.51.50-1.jpeg\" alt=\"\" class=\"wp-image-12497\" srcset=\"https:\/\/acontecenafronteira.com.br\/wp-content\/uploads\/2022\/08\/WhatsApp-Image-2022-08-24-at-13.51.50-1.jpeg 799w, https:\/\/acontecenafronteira.com.br\/wp-content\/uploads\/2022\/08\/WhatsApp-Image-2022-08-24-at-13.51.50-1-300x200.jpeg 300w, https:\/\/acontecenafronteira.com.br\/wp-content\/uploads\/2022\/08\/WhatsApp-Image-2022-08-24-at-13.51.50-1-768x512.jpeg 768w\" sizes=\"auto, (max-width: 799px) 100vw, 799px\" \/><\/figure>\n\n\n\n<figure class=\"wp-block-image size-large\"><img loading=\"lazy\" decoding=\"async\" width=\"799\" height=\"533\" data-id=\"12498\" src=\"https:\/\/acontecenafronteira.com.br\/wp-content\/uploads\/2022\/08\/WhatsApp-Image-2022-08-24-at-13.51.50.jpeg\" alt=\"\" class=\"wp-image-12498\" srcset=\"https:\/\/acontecenafronteira.com.br\/wp-content\/uploads\/2022\/08\/WhatsApp-Image-2022-08-24-at-13.51.50.jpeg 799w, https:\/\/acontecenafronteira.com.br\/wp-content\/uploads\/2022\/08\/WhatsApp-Image-2022-08-24-at-13.51.50-300x200.jpeg 300w, https:\/\/acontecenafronteira.com.br\/wp-content\/uploads\/2022\/08\/WhatsApp-Image-2022-08-24-at-13.51.50-768x512.jpeg 768w\" sizes=\"auto, (max-width: 799px) 100vw, 799px\" \/><\/figure>\n\n\n\n<figure class=\"wp-block-image size-large\"><img loading=\"lazy\" decoding=\"async\" width=\"799\" height=\"533\" data-id=\"12495\" src=\"https:\/\/acontecenafronteira.com.br\/wp-content\/uploads\/2022\/08\/WhatsApp-Image-2022-08-24-at-13.51.49-1.jpeg\" alt=\"\" class=\"wp-image-12495\" srcset=\"https:\/\/acontecenafronteira.com.br\/wp-content\/uploads\/2022\/08\/WhatsApp-Image-2022-08-24-at-13.51.49-1.jpeg 799w, https:\/\/acontecenafronteira.com.br\/wp-content\/uploads\/2022\/08\/WhatsApp-Image-2022-08-24-at-13.51.49-1-300x200.jpeg 300w, https:\/\/acontecenafronteira.com.br\/wp-content\/uploads\/2022\/08\/WhatsApp-Image-2022-08-24-at-13.51.49-1-768x512.jpeg 768w\" sizes=\"auto, (max-width: 799px) 100vw, 799px\" \/><\/figure>\n\n\n\n<figure class=\"wp-block-image size-large\"><img loading=\"lazy\" decoding=\"async\" width=\"799\" height=\"533\" data-id=\"12499\" src=\"https:\/\/acontecenafronteira.com.br\/wp-content\/uploads\/2022\/08\/WhatsApp-Image-2022-08-24-at-13.51.49.jpeg\" alt=\"\" class=\"wp-image-12499\" srcset=\"https:\/\/acontecenafronteira.com.br\/wp-content\/uploads\/2022\/08\/WhatsApp-Image-2022-08-24-at-13.51.49.jpeg 799w, https:\/\/acontecenafronteira.com.br\/wp-content\/uploads\/2022\/08\/WhatsApp-Image-2022-08-24-at-13.51.49-300x200.jpeg 300w, https:\/\/acontecenafronteira.com.br\/wp-content\/uploads\/2022\/08\/WhatsApp-Image-2022-08-24-at-13.51.49-768x512.jpeg 768w\" sizes=\"auto, (max-width: 799px) 100vw, 799px\" \/><\/figure>\n\n\n\n<figure class=\"wp-block-image size-large\"><img loading=\"lazy\" decoding=\"async\" width=\"1024\" height=\"461\" data-id=\"12496\" src=\"https:\/\/acontecenafronteira.com.br\/wp-content\/uploads\/2022\/08\/WhatsApp-Image-2022-08-24-at-13.53.07-1-1024x461.jpeg\" alt=\"\" class=\"wp-image-12496\" srcset=\"https:\/\/acontecenafronteira.com.br\/wp-content\/uploads\/2022\/08\/WhatsApp-Image-2022-08-24-at-13.53.07-1-1024x461.jpeg 1024w, https:\/\/acontecenafronteira.com.br\/wp-content\/uploads\/2022\/08\/WhatsApp-Image-2022-08-24-at-13.53.07-1-300x135.jpeg 300w, https:\/\/acontecenafronteira.com.br\/wp-content\/uploads\/2022\/08\/WhatsApp-Image-2022-08-24-at-13.53.07-1-768x346.jpeg 768w, https:\/\/acontecenafronteira.com.br\/wp-content\/uploads\/2022\/08\/WhatsApp-Image-2022-08-24-at-13.53.07-1-1536x691.jpeg 1536w, https:\/\/acontecenafronteira.com.br\/wp-content\/uploads\/2022\/08\/WhatsApp-Image-2022-08-24-at-13.53.07-1.jpeg 1600w\" sizes=\"auto, (max-width: 1024px) 100vw, 1024px\" \/><\/figure>\n<\/figure>\n","protected":false},"excerpt":{"rendered":"<p>O atrativo foi aberto nesta ter\u00e7a-feira, 23, e j\u00e1 pode ser conferido pelos igua\u00e7uenses; al\u00e9m das m\u00e1quinas, evento ainda conta com pra\u00e7a de alimenta\u00e7\u00e3o, lojas e estandes de artesanato O Parque de Exposi\u00e7\u00f5es Charrua, em Foz do Igua\u00e7u, j\u00e1 se transformou na Vila Sert\u00f5es. Nesta ter\u00e7a-feira (23), as equipes, pilotos e volunt\u00e1rios aceleraram os preparativos [&hellip;]<\/p>\n","protected":false},"author":2,"featured_media":12499,"comment_status":"open","ping_status":"open","sticky":false,"template":"","format":"standard","meta":{"om_disable_all_campaigns":false,"_monsterinsights_skip_tracking":false,"_monsterinsights_sitenote_active":false,"_monsterinsights_sitenote_note":"","_monsterinsights_sitenote_category":0,"footnotes":""},"categories":[4,13],"tags":[],"class_list":["post-12476","post","type-post","status-publish","format-standard","has-post-thumbnail","hentry","category-cidade","category-entretenimento"],"_links":{"self":[{"href":"https:\/\/acontecenafronteira.com.br\/index.php\/wp-json\/wp\/v2\/posts\/12476","targetHints":{"allow":["GET"]}}],"collection":[{"href":"https:\/\/acontecenafronteira.com.br\/index.php\/wp-json\/wp\/v2\/posts"}],"about":[{"href":"https:\/\/acontecenafronteira.com.br\/index.php\/wp-json\/wp\/v2\/types\/post"}],"author":[{"embeddable":true,"href":"https:\/\/acontecenafronteira.com.br\/index.php\/wp-json\/wp\/v2\/users\/2"}],"replies":[{"embeddable":true,"href":"https:\/\/acontecenafronteira.com.br\/index.php\/wp-json\/wp\/v2\/comments?post=12476"}],"version-history":[{"count":1,"href":"https:\/\/acontecenafronteira.com.br\/index.php\/wp-json\/wp\/v2\/posts\/12476\/revisions"}],"predecessor-version":[{"id":12502,"href":"https:\/\/acontecenafronteira.com.br\/index.php\/wp-json\/wp\/v2\/posts\/12476\/revisions\/12502"}],"wp:featuredmedia":[{"embeddable":true,"href":"https:\/\/acontecenafronteira.com.br\/index.php\/wp-json\/wp\/v2\/media\/12499"}],"wp:attachment":[{"href":"https:\/\/acontecenafronteira.com.br\/index.php\/wp-json\/wp\/v2\/media?parent=12476"}],"wp:term":[{"taxonomy":"category","embeddable":true,"href":"https:\/\/acontecenafronteira.com.br\/index.php\/wp-json\/wp\/v2\/categories?post=12476"},{"taxonomy":"post_tag","embeddable":true,"href":"https:\/\/acontecenafronteira.com.br\/index.php\/wp-json\/wp\/v2\/tags?post=12476"}],"curies":[{"name":"wp","href":"https:\/\/api.w.org\/{rel}","templated":true}]}}