{"id":12366,"date":"2022-08-19T11:02:34","date_gmt":"2022-08-19T14:02:34","guid":{"rendered":"https:\/\/acontecenafronteira.com.br\/?p=12366"},"modified":"2022-08-19T11:02:35","modified_gmt":"2022-08-19T14:02:35","slug":"primeira-etapa-das-obras-de-revitalizacao-do-bosque-guarani-comeca-nos-proximos-dias","status":"publish","type":"post","link":"https:\/\/acontecenafronteira.com.br\/index.php\/2022\/08\/19\/primeira-etapa-das-obras-de-revitalizacao-do-bosque-guarani-comeca-nos-proximos-dias\/","title":{"rendered":"Primeira etapa das obras de revitaliza\u00e7\u00e3o do Bosque Guarani come\u00e7a nos pr\u00f3ximos dias"},"content":{"rendered":"\n<p>Reforma das cal\u00e7adas, passarelas e adequa\u00e7\u00f5es de acessibilidade integram o projeto; licita\u00e7\u00e3o foi homologada nesta semana pela Prefeitura de Foz.<\/p>\n\n\n\n<p><em>Foto: Welyton Manoel\/PMFI.<br><br><\/em>A Prefeitura de Foz do Igua\u00e7u homologou, nesta semana, o processo licitat\u00f3rio para a primeira etapa das obras de revitaliza\u00e7\u00e3o do Bosque Guarani, no centro da cidade. As melhorias, que incluem a regulariza\u00e7\u00e3o e substitui\u00e7\u00e3o das cal\u00e7adas e adequa\u00e7\u00f5es \u00e0s normas de acessibilidade, devem come\u00e7ar nos pr\u00f3ximos dias, ap\u00f3s a assinatura da ordem de servi\u00e7o.&nbsp;<br><br>O projeto de revitaliza\u00e7\u00e3o vai garantir a funcionalidade do espa\u00e7o e melhores condi\u00e7\u00f5es de uso pela popula\u00e7\u00e3o. \u201cO Bosque Guarani ser\u00e1 o primeiro parque urbano da cidade. Com a retirada dos animais e as melhorias que come\u00e7am agora, teremos futuramente um local exemplo de preserva\u00e7\u00e3o do meio ambiente, educa\u00e7\u00e3o ambiental, lazer e visita\u00e7\u00e3o que a cidade merece, de promo\u00e7\u00e3o de atividades esportivas e de lazer, para exposi\u00e7\u00f5es e educa\u00e7\u00e3o ambiental\u201d, afirma o secret\u00e1rio de Turismo e Projetos Estrat\u00e9gicos, Paulo Angeli.&nbsp;<br><br>O investimento do Munic\u00edpio na obra ser\u00e1 de R$ 1,1 milh\u00e3o, recursos das Secretarias de Meio Ambiente e Turismo com apoio de uma emenda parlamentar de R$ 529.214,00 (repasse + contrapartida). O prazo de execu\u00e7\u00e3o \u00e9 de seis meses.&nbsp;<br><br><strong>Melhorias<br><br><\/strong>A \u00e1rea de conviv\u00eancia do Bosque receber\u00e1 uma ampla reforma nas cal\u00e7adas, com a retirada do piso de concreto para regulariza\u00e7\u00e3o do terreno, al\u00e9m da adequa\u00e7\u00e3o das rampas e escadas a fim de torn\u00e1-las acess\u00edveis. A equipe de profissionais foi cuidadosa ao projetar as melhorias nas cal\u00e7adas de modo a priorizar contornos de pequenos trechos de acessibilidade, evitando assim supress\u00e3o de \u00e1rvores.<br><br>No trecho interno devem ser executados piso em paver, rampas em concreto para acessibilidade, piso em petit pav\u00ea reaproveitados e demarca\u00e7\u00f5es. Nos locais onde h\u00e1 desn\u00edveis, devem ser executadas escadas para acesso.<br><br>As canaletas existentes que estiverem no trecho dever\u00e3o ser removidas a fim de serem instaladas novas, em concord\u00e2ncia com o projeto. No acesso externo, devem ser executados piso em paver e assentamento de guia conforme indica\u00e7\u00e3o do projeto.<br><br>Criado em 1996, o Bosque possui 4,5 hectares, sendo um remanescente da Mata Atl\u00e2ntica no centro da cidade.<\/p>\n","protected":false},"excerpt":{"rendered":"<p>Reforma das cal\u00e7adas, passarelas e adequa\u00e7\u00f5es de acessibilidade integram o projeto; licita\u00e7\u00e3o foi homologada nesta semana pela Prefeitura de Foz. Foto: Welyton Manoel\/PMFI. A Prefeitura de Foz do Igua\u00e7u homologou, nesta semana, o processo licitat\u00f3rio para a primeira etapa das obras de revitaliza\u00e7\u00e3o do Bosque Guarani, no centro da cidade. As melhorias, que incluem a [&hellip;]<\/p>\n","protected":false},"author":2,"featured_media":12368,"comment_status":"open","ping_status":"open","sticky":false,"template":"","format":"standard","meta":{"om_disable_all_campaigns":false,"_monsterinsights_skip_tracking":false,"_monsterinsights_sitenote_active":false,"_monsterinsights_sitenote_note":"","_monsterinsights_sitenote_category":0,"footnotes":""},"categories":[4,14],"tags":[],"class_list":["post-12366","post","type-post","status-publish","format-standard","has-post-thumbnail","hentry","category-cidade","category-obras"],"_links":{"self":[{"href":"https:\/\/acontecenafronteira.com.br\/index.php\/wp-json\/wp\/v2\/posts\/12366","targetHints":{"allow":["GET"]}}],"collection":[{"href":"https:\/\/acontecenafronteira.com.br\/index.php\/wp-json\/wp\/v2\/posts"}],"about":[{"href":"https:\/\/acontecenafronteira.com.br\/index.php\/wp-json\/wp\/v2\/types\/post"}],"author":[{"embeddable":true,"href":"https:\/\/acontecenafronteira.com.br\/index.php\/wp-json\/wp\/v2\/users\/2"}],"replies":[{"embeddable":true,"href":"https:\/\/acontecenafronteira.com.br\/index.php\/wp-json\/wp\/v2\/comments?post=12366"}],"version-history":[{"count":1,"href":"https:\/\/acontecenafronteira.com.br\/index.php\/wp-json\/wp\/v2\/posts\/12366\/revisions"}],"predecessor-version":[{"id":12369,"href":"https:\/\/acontecenafronteira.com.br\/index.php\/wp-json\/wp\/v2\/posts\/12366\/revisions\/12369"}],"wp:featuredmedia":[{"embeddable":true,"href":"https:\/\/acontecenafronteira.com.br\/index.php\/wp-json\/wp\/v2\/media\/12368"}],"wp:attachment":[{"href":"https:\/\/acontecenafronteira.com.br\/index.php\/wp-json\/wp\/v2\/media?parent=12366"}],"wp:term":[{"taxonomy":"category","embeddable":true,"href":"https:\/\/acontecenafronteira.com.br\/index.php\/wp-json\/wp\/v2\/categories?post=12366"},{"taxonomy":"post_tag","embeddable":true,"href":"https:\/\/acontecenafronteira.com.br\/index.php\/wp-json\/wp\/v2\/tags?post=12366"}],"curies":[{"name":"wp","href":"https:\/\/api.w.org\/{rel}","templated":true}]}}