{"id":12348,"date":"2022-08-19T10:55:51","date_gmt":"2022-08-19T13:55:51","guid":{"rendered":"https:\/\/acontecenafronteira.com.br\/?p=12348"},"modified":"2022-08-19T10:55:52","modified_gmt":"2022-08-19T13:55:52","slug":"fundacao-cultural-recebe-a-pianista-eudoxia-de-barros-nesta-sexta-feira-19","status":"publish","type":"post","link":"https:\/\/acontecenafronteira.com.br\/index.php\/2022\/08\/19\/fundacao-cultural-recebe-a-pianista-eudoxia-de-barros-nesta-sexta-feira-19\/","title":{"rendered":"Funda\u00e7\u00e3o Cultural recebe a pianista Eud\u00f3xia de Barros nesta sexta-feira (19)"},"content":{"rendered":"\n<p>A artista \u00e9 uma das mais consagradas do Brasil, tendo se apresentado em diversas cidades e capitais<\/p>\n\n\n\n<p>O palco da Funda\u00e7\u00e3o Cultural de Foz do Igua\u00e7u ir\u00e1 receber nesta sexta-feira (19) a pianista Eud\u00f3xia de Barros para o concerto \u201cM\u00fasica, doce m\u00fasica!\u201d. Os ingressos para a apresenta\u00e7\u00e3o j\u00e1 est\u00e3o encerrados e foram distribu\u00eddos gratuitamente para a popula\u00e7\u00e3o.<br><br>De acordo com diretor presidente da Funda\u00e7\u00e3o Cultural, Juca Rodrigues, o evento tem a inten\u00e7\u00e3o de ampliar o cen\u00e1rio de cultura do munic\u00edpio, com a apresenta\u00e7\u00e3o de uma das pianistas mais renomadas do Brasil.<br><br>\u201cPara Foz do Igua\u00e7u \u00e9 uma honra receber uma artista que j\u00e1 se apresentou em diversas capitais de todo o planeta, levando a cultura brasileira para todos. Os ingressos rapidamente esgotados j\u00e1 demonstram que temos p\u00fablico para eventos e aprecia\u00e7\u00e3o da arte\u201d, disse.<br><br><strong>Conhe\u00e7a a artista<br><br><\/strong>Eud\u00f3xia de Barros possui uma longa trajet\u00f3ria na m\u00fasica brasileira. Ela ocupa desde 1989 a cadeira n\u00famero 14 da Academia Brasileira de M\u00fasica.&nbsp;<br><br>No Brasil foi solista \u00e0 frente de v\u00e1rias orquestras, como a OSESP &#8211; Sinf\u00f4nica do Estado de S\u00e3o Paulo, Sinf\u00f4nica Municipal de S\u00e3o Paulo, Sinf\u00f4nica de Santo Andr\u00e9, Sinfonia Cultura, Sinf\u00f4nica da USP, Sinf\u00f4nica do Teatro Nacional de Bras\u00edlia, Sinf\u00f4nica de Porto Alegre, Sinf\u00f4nica Brasileira, Petrobr\u00e1s Sinf\u00f4nica, entre outras.<br><br>Apresentou concertos em v\u00e1rias cidades americanas, como Nova York, Washington, Houston, Em carreira internacional, esteve em concertos na Fran\u00e7a, Su\u00ed\u00e7a, Inglaterra, Portugal, Col\u00f4mbia, Equador, Peru, Paraguai, Uruguai, Bol\u00edvia, Panam\u00e1 e M\u00e9xico.<\/p>\n","protected":false},"excerpt":{"rendered":"<p>A artista \u00e9 uma das mais consagradas do Brasil, tendo se apresentado em diversas cidades e capitais O palco da Funda\u00e7\u00e3o Cultural de Foz do Igua\u00e7u ir\u00e1 receber nesta sexta-feira (19) a pianista Eud\u00f3xia de Barros para o concerto \u201cM\u00fasica, doce m\u00fasica!\u201d. Os ingressos para a apresenta\u00e7\u00e3o j\u00e1 est\u00e3o encerrados e foram distribu\u00eddos gratuitamente para [&hellip;]<\/p>\n","protected":false},"author":2,"featured_media":12350,"comment_status":"open","ping_status":"open","sticky":false,"template":"","format":"standard","meta":{"om_disable_all_campaigns":false,"_monsterinsights_skip_tracking":false,"_monsterinsights_sitenote_active":false,"_monsterinsights_sitenote_note":"","_monsterinsights_sitenote_category":0,"footnotes":""},"categories":[4],"tags":[],"class_list":["post-12348","post","type-post","status-publish","format-standard","has-post-thumbnail","hentry","category-cidade"],"_links":{"self":[{"href":"https:\/\/acontecenafronteira.com.br\/index.php\/wp-json\/wp\/v2\/posts\/12348","targetHints":{"allow":["GET"]}}],"collection":[{"href":"https:\/\/acontecenafronteira.com.br\/index.php\/wp-json\/wp\/v2\/posts"}],"about":[{"href":"https:\/\/acontecenafronteira.com.br\/index.php\/wp-json\/wp\/v2\/types\/post"}],"author":[{"embeddable":true,"href":"https:\/\/acontecenafronteira.com.br\/index.php\/wp-json\/wp\/v2\/users\/2"}],"replies":[{"embeddable":true,"href":"https:\/\/acontecenafronteira.com.br\/index.php\/wp-json\/wp\/v2\/comments?post=12348"}],"version-history":[{"count":1,"href":"https:\/\/acontecenafronteira.com.br\/index.php\/wp-json\/wp\/v2\/posts\/12348\/revisions"}],"predecessor-version":[{"id":12351,"href":"https:\/\/acontecenafronteira.com.br\/index.php\/wp-json\/wp\/v2\/posts\/12348\/revisions\/12351"}],"wp:featuredmedia":[{"embeddable":true,"href":"https:\/\/acontecenafronteira.com.br\/index.php\/wp-json\/wp\/v2\/media\/12350"}],"wp:attachment":[{"href":"https:\/\/acontecenafronteira.com.br\/index.php\/wp-json\/wp\/v2\/media?parent=12348"}],"wp:term":[{"taxonomy":"category","embeddable":true,"href":"https:\/\/acontecenafronteira.com.br\/index.php\/wp-json\/wp\/v2\/categories?post=12348"},{"taxonomy":"post_tag","embeddable":true,"href":"https:\/\/acontecenafronteira.com.br\/index.php\/wp-json\/wp\/v2\/tags?post=12348"}],"curies":[{"name":"wp","href":"https:\/\/api.w.org\/{rel}","templated":true}]}}