{"id":12213,"date":"2022-08-16T10:34:36","date_gmt":"2022-08-16T13:34:36","guid":{"rendered":"https:\/\/acontecenafronteira.com.br\/?p=12213"},"modified":"2022-08-16T10:34:36","modified_gmt":"2022-08-16T13:34:36","slug":"evento-em-alusao-ao-dia-dos-pais-emociona-servidores-da-secretaria-de-planejamento","status":"publish","type":"post","link":"https:\/\/acontecenafronteira.com.br\/index.php\/2022\/08\/16\/evento-em-alusao-ao-dia-dos-pais-emociona-servidores-da-secretaria-de-planejamento\/","title":{"rendered":"Evento em alus\u00e3o ao Dia dos Pais emociona servidores da Secretaria de Planejamento"},"content":{"rendered":"\n<p>Encontro contou com reflex\u00f5es sobre paternidade, homenagens, sorteio de brindes e entrega de lembrancinhas<\/p>\n\n\n\n<p>Os servidores da Secretaria Municipal de Planejamento e Capta\u00e7\u00e3o de Recursos tiveram um momento especial, em alus\u00e3o ao Dia dos Pais, na \u00faltima sexta-feira (12). Reflex\u00f5es sobre paternidade, homenagens, sorteio de brindes e entregas de lembrancinhas marcaram a atividade, que emocionou os funcion\u00e1rios da pasta.&nbsp;<br><br>O agente fiscal de preceitos Wanderley Cazula de Avelar conta que sentiu muito orgulho ao ter um momento para falar sobre os filhos e refletir sobre a paternidade com os colegas. \u201cAchei uma atividade muito bonita, pude falar sobre meus filhos com os colegas e senti muito orgulho por ter escutado elogios de uma filha que trabalha na prefeitura, como tamb\u00e9m sinto do meu outro filho\u201d, contou.&nbsp;<br><br>Criar conex\u00f5es e promover bem-estar s\u00e3o alguns dos objetivos da atividade organizada pela equipe de Recursos Humanos da Secretaria de Planejamento, com o apoio e a participa\u00e7\u00e3o do secret\u00e1rio da pasta, Leandro Costa.&nbsp;<br><br>\u201cN\u00e3o h\u00e1 como melhorar nossa entrega se n\u00e3o investirmos em melhores condi\u00e7\u00f5es aos servidores. Com isso, nossa equipe de RH, conduzida pela servidora Dilma, e algumas assistentes da pasta,&nbsp; Kellen e Crislayne, est\u00e3o sempre realizando alguma atividade para que possamos ampliar a conex\u00e3o do nosso time de colaboradores\u201d, explicou Costa.&nbsp;<br><br>Ele tamb\u00e9m se envolveu na din\u00e2mica e foi contagiado pela integra\u00e7\u00e3o. \u201cTivemos a oportunidade de receber o testemunho de cada um deles, respondendo a pergunta: &#8216;Como \u00e9 ser pai?&#8217;. Foi divertido e muito emocionante ouvir os relatos de cada um. Hist\u00f3rias lind\u00edssimas que aumentaram a conex\u00e3o entres os pais e permitiram um momento de relaxamento e divers\u00e3o a todos\u201d, expressou.&nbsp;<br><br>Foi o sentimento de integra\u00e7\u00e3o o que mais marcou o arquiteto Valdir Garbin. \u201cUm momento \u00fanico porque temos oportunidade de compartilharmos sobre a fam\u00edlia de cada um, isso engrandece o relacionamento entre a equipe pois aprendemos a ver nosso colega de uma forma diferente. Muito boa a iniciativa\u201d, comentou.&nbsp;<br><br>Ap\u00f3s serem tomados pela emo\u00e7\u00e3o, os pais foram homenageados com a entrega de lembrancinhas para marcar na mem\u00f3ria a data. A equipe tamb\u00e9m dedicou a celebra\u00e7\u00e3o ao prefeito Chico Brasileiro, que recebeu o mimo dos servidores.&nbsp; &nbsp;<br><br><strong>Humaniza\u00e7\u00e3o&nbsp;<br><br><\/strong>De acordo com a servidora, Dilma Brambilla, respons\u00e1vel pelo RH da pasta, a realiza\u00e7\u00e3o de atividades integrativas \u00e9 fundamental para valorizar o servidor, melhorar o ambiente de trabalho e aprimorar o atendimento \u00e0 comunidade.&nbsp;<br><br>\u201cEstas pequenas a\u00e7\u00f5es proporcionam momentos de reflex\u00e3o, conversa\u00e7\u00e3o e conhecimento entre os colaboradores, cria la\u00e7os de amizades e s\u00e3o a\u00e7\u00f5es que visam&nbsp; formar cada vez mais uma equipe comprometida e em sintonia com o objetivo maior que \u00e9 entregar um trabalho valoroso para o desenvolvimento pleno e organizado do nosso munic\u00edpio\u201d, enfatizou Dilma.&nbsp;<br><br><strong>Qualidade&nbsp;<br><br><\/strong>As a\u00e7\u00f5es desenvolvidas pela Secretaria de Planejamento contam com o apoio da Secretaria Municipal de Administra\u00e7\u00e3o, atrav\u00e9s da Diretoria de Sa\u00fade Ocupacional. \u201cN\u00f3s incentivamos e somos parceiros de atividades de endomarketing nas secretarias, porque entendemos que as din\u00e2micas de integra\u00e7\u00e3o, de escuta e de valoriza\u00e7\u00e3o s\u00e3o muito importantes para melhorar a qualidade de vida do servidor\u201d, comentou a diretora de Sa\u00fade Ocupacional, Carla Conrad de Lima.<\/p>\n","protected":false},"excerpt":{"rendered":"<p>Encontro contou com reflex\u00f5es sobre paternidade, homenagens, sorteio de brindes e entrega de lembrancinhas Os servidores da Secretaria Municipal de Planejamento e Capta\u00e7\u00e3o de Recursos tiveram um momento especial, em alus\u00e3o ao Dia dos Pais, na \u00faltima sexta-feira (12). Reflex\u00f5es sobre paternidade, homenagens, sorteio de brindes e entregas de lembrancinhas marcaram a atividade, que emocionou [&hellip;]<\/p>\n","protected":false},"author":2,"featured_media":12215,"comment_status":"open","ping_status":"open","sticky":false,"template":"","format":"standard","meta":{"om_disable_all_campaigns":false,"_monsterinsights_skip_tracking":false,"_monsterinsights_sitenote_active":false,"_monsterinsights_sitenote_note":"","_monsterinsights_sitenote_category":0,"footnotes":""},"categories":[4],"tags":[],"class_list":["post-12213","post","type-post","status-publish","format-standard","has-post-thumbnail","hentry","category-cidade"],"_links":{"self":[{"href":"https:\/\/acontecenafronteira.com.br\/index.php\/wp-json\/wp\/v2\/posts\/12213","targetHints":{"allow":["GET"]}}],"collection":[{"href":"https:\/\/acontecenafronteira.com.br\/index.php\/wp-json\/wp\/v2\/posts"}],"about":[{"href":"https:\/\/acontecenafronteira.com.br\/index.php\/wp-json\/wp\/v2\/types\/post"}],"author":[{"embeddable":true,"href":"https:\/\/acontecenafronteira.com.br\/index.php\/wp-json\/wp\/v2\/users\/2"}],"replies":[{"embeddable":true,"href":"https:\/\/acontecenafronteira.com.br\/index.php\/wp-json\/wp\/v2\/comments?post=12213"}],"version-history":[{"count":1,"href":"https:\/\/acontecenafronteira.com.br\/index.php\/wp-json\/wp\/v2\/posts\/12213\/revisions"}],"predecessor-version":[{"id":12216,"href":"https:\/\/acontecenafronteira.com.br\/index.php\/wp-json\/wp\/v2\/posts\/12213\/revisions\/12216"}],"wp:featuredmedia":[{"embeddable":true,"href":"https:\/\/acontecenafronteira.com.br\/index.php\/wp-json\/wp\/v2\/media\/12215"}],"wp:attachment":[{"href":"https:\/\/acontecenafronteira.com.br\/index.php\/wp-json\/wp\/v2\/media?parent=12213"}],"wp:term":[{"taxonomy":"category","embeddable":true,"href":"https:\/\/acontecenafronteira.com.br\/index.php\/wp-json\/wp\/v2\/categories?post=12213"},{"taxonomy":"post_tag","embeddable":true,"href":"https:\/\/acontecenafronteira.com.br\/index.php\/wp-json\/wp\/v2\/tags?post=12213"}],"curies":[{"name":"wp","href":"https:\/\/api.w.org\/{rel}","templated":true}]}}