{"id":12129,"date":"2022-08-11T10:58:44","date_gmt":"2022-08-11T13:58:44","guid":{"rendered":"https:\/\/acontecenafronteira.com.br\/?p=12129"},"modified":"2022-08-11T10:58:46","modified_gmt":"2022-08-11T13:58:46","slug":"diretor-presidente-ferroeste-apresenta-estudo-tecnico-economico-e-ambiental-do-terminal-ferroviario-em-foz-do-iguacu","status":"publish","type":"post","link":"https:\/\/acontecenafronteira.com.br\/index.php\/2022\/08\/11\/diretor-presidente-ferroeste-apresenta-estudo-tecnico-economico-e-ambiental-do-terminal-ferroviario-em-foz-do-iguacu\/","title":{"rendered":"Diretor presidente Ferroeste apresenta estudo t\u00e9cnico, econ\u00f4mico e ambiental do terminal ferrovi\u00e1rio em Foz do Igua\u00e7u"},"content":{"rendered":"\n<p>O encontro aconteceu na sede da Acifi e contou com a presen\u00e7a de empres\u00e1rios e investidores<\/p>\n\n\n\n<p><em>Foto: Thiago Dutra\/PMFI.<br><\/em><br>O prefeito Chico Brasileiro participou nesta quarta-feira (10) da apresenta\u00e7\u00e3o do Estudo de Viabilidade T\u00e9cnica, Econ\u00f4mica e Ambiental do terminal ferrovi\u00e1rio que ser\u00e1 constru\u00eddo em Foz do Igua\u00e7u, feita pelo diretor presidente da Ferroeste, Andr\u00e9 Luis Gon\u00e7alves.<br><br>O evento foi promovido pela Associa\u00e7\u00e3o Comercial de Foz do Igua\u00e7u (Acifi), Codefoz e Ferroeste. De acordo com Andr\u00e9 Gon\u00e7alves,a reuni\u00e3o teve como objetivo dar in\u00edcio ao projeto Ferroeste na regi\u00e3o, com estudos t\u00e9cnicos referentes ao terminal ferrovi\u00e1rio de Foz do Igua\u00e7u e da revitaliza\u00e7\u00e3o do terminal ferrovi\u00e1rio de Cascavel. \u201cHoje iniciamos estes estudos com a presen\u00e7a do cons\u00f3rcio vencedor do edital p\u00fablico. O trabalho do projeto<br><br>Ferroeste envolve o di\u00e1logo, principalmente neste in\u00edcio, onde podemos ouvir a sociedade e o setor produtivo sobre a import\u00e2ncia dos terminais na regi\u00e3o, e com isso tra\u00e7ar estrat\u00e9gias de log\u00edstica e evitar problemas futuros\u201d, pontuou Andr\u00e9.<\/p>\n\n\n\n<p>O diretor presidente da Ferroeste tamb\u00e9m ressaltou que Foz do Igua\u00e7u, al\u00e9m de ser cidade de fronteira e receber grande quantidade de cargas oriundas do Paraguai e da Argentina, conta com o maior porto seco da Am\u00e9rica Latina. \u201cTodo o projeto envolve a quantidade e volume de cargas que passam pela regi\u00e3o, o que faz com que a proposta seja ainda mais essencial para escoar toda essa demanda. Estamos atrasados, mas estamos nos organizando para recuperar o tempo perdido\u201d.<br><\/p>\n\n\n\n<p>Ele refor\u00e7ou que em 2021 o Minist\u00e9rio da Infraestrutura aprovou a libera\u00e7\u00e3o dos ramais ferrovi\u00e1rios, nos trechos de Cascavel a Foz do Igua\u00e7u, e de Cascavel a Gua\u00edra.<br><\/p>\n\n\n\n<p>\u201cEste \u00e9 um grande projeto para Foz do Igua\u00e7u, fundamental para a organiza\u00e7\u00e3o do setor log\u00edstico da cidade o que, consequentemente, vai resultar em aumento da gera\u00e7\u00e3o de renda e desenvolvimento para toda a popula\u00e7\u00e3o\u201d, afirmou o prefeito Chico Brasileiro.<br><\/p>\n\n\n\n<p>\u201cOutra not\u00edcia positiva \u00e9 que j\u00e1 temos muitos investidores, de v\u00e1rios pa\u00edses, interessados no projeto. Atualmente, o Paran\u00e1 est\u00e1 no centro do setor produtivo. Temos muita demanda de carga crescente, e a previs\u00e3o \u00e9 de que o setor acelere ainda mais at\u00e9 2030\u201d, afirmou Danilo Vendrusculo, presidente da Acifi.<br><br>Esta foi a primeira reuni\u00e3o entre a Ferroeste, investidores, sociedade e entidades interessadas. Ainda neste m\u00eas outros encontros dever\u00e3o acontecer para que a proposta esteja alinhada entre todos os setores envolvidos.<\/p>\n","protected":false},"excerpt":{"rendered":"<p>O encontro aconteceu na sede da Acifi e contou com a presen\u00e7a de empres\u00e1rios e investidores Foto: Thiago Dutra\/PMFI.O prefeito Chico Brasileiro participou nesta quarta-feira (10) da apresenta\u00e7\u00e3o do Estudo de Viabilidade T\u00e9cnica, Econ\u00f4mica e Ambiental do terminal ferrovi\u00e1rio que ser\u00e1 constru\u00eddo em Foz do Igua\u00e7u, feita pelo diretor presidente da Ferroeste, Andr\u00e9 Luis Gon\u00e7alves. [&hellip;]<\/p>\n","protected":false},"author":2,"featured_media":12130,"comment_status":"open","ping_status":"open","sticky":false,"template":"","format":"standard","meta":{"om_disable_all_campaigns":false,"_monsterinsights_skip_tracking":false,"_monsterinsights_sitenote_active":false,"_monsterinsights_sitenote_note":"","_monsterinsights_sitenote_category":0,"footnotes":""},"categories":[4],"tags":[],"class_list":["post-12129","post","type-post","status-publish","format-standard","has-post-thumbnail","hentry","category-cidade"],"_links":{"self":[{"href":"https:\/\/acontecenafronteira.com.br\/index.php\/wp-json\/wp\/v2\/posts\/12129","targetHints":{"allow":["GET"]}}],"collection":[{"href":"https:\/\/acontecenafronteira.com.br\/index.php\/wp-json\/wp\/v2\/posts"}],"about":[{"href":"https:\/\/acontecenafronteira.com.br\/index.php\/wp-json\/wp\/v2\/types\/post"}],"author":[{"embeddable":true,"href":"https:\/\/acontecenafronteira.com.br\/index.php\/wp-json\/wp\/v2\/users\/2"}],"replies":[{"embeddable":true,"href":"https:\/\/acontecenafronteira.com.br\/index.php\/wp-json\/wp\/v2\/comments?post=12129"}],"version-history":[{"count":1,"href":"https:\/\/acontecenafronteira.com.br\/index.php\/wp-json\/wp\/v2\/posts\/12129\/revisions"}],"predecessor-version":[{"id":12131,"href":"https:\/\/acontecenafronteira.com.br\/index.php\/wp-json\/wp\/v2\/posts\/12129\/revisions\/12131"}],"wp:featuredmedia":[{"embeddable":true,"href":"https:\/\/acontecenafronteira.com.br\/index.php\/wp-json\/wp\/v2\/media\/12130"}],"wp:attachment":[{"href":"https:\/\/acontecenafronteira.com.br\/index.php\/wp-json\/wp\/v2\/media?parent=12129"}],"wp:term":[{"taxonomy":"category","embeddable":true,"href":"https:\/\/acontecenafronteira.com.br\/index.php\/wp-json\/wp\/v2\/categories?post=12129"},{"taxonomy":"post_tag","embeddable":true,"href":"https:\/\/acontecenafronteira.com.br\/index.php\/wp-json\/wp\/v2\/tags?post=12129"}],"curies":[{"name":"wp","href":"https:\/\/api.w.org\/{rel}","templated":true}]}}