{"id":12040,"date":"2022-08-08T20:04:33","date_gmt":"2022-08-08T23:04:33","guid":{"rendered":"https:\/\/acontecenafronteira.com.br\/?p=12040"},"modified":"2022-08-08T20:04:34","modified_gmt":"2022-08-08T23:04:34","slug":"prefeitura-abre-licitacao-para-reforma-e-ampliacao-da-escola-eloi-lohman","status":"publish","type":"post","link":"https:\/\/acontecenafronteira.com.br\/index.php\/2022\/08\/08\/prefeitura-abre-licitacao-para-reforma-e-ampliacao-da-escola-eloi-lohman\/","title":{"rendered":"Prefeitura abre licita\u00e7\u00e3o para reforma e amplia\u00e7\u00e3o da Escola Eloi Lohman"},"content":{"rendered":"\n<p>Outras cinco escolas j\u00e1 est\u00e3o recebendo obras de reforma e amplia\u00e7\u00e3o e ainda neste m\u00eas inicia a constru\u00e7\u00e3o da C\u00e2ndido Portinari, no Jardim Petr\u00f3polis<\/p>\n\n\n\n<p>A Escola Municipal Eloi Lohman, localizada na regi\u00e3o de Tr\u00eas Lagoas, receber\u00e1 melhorias em toda sua estrutura, com obras de reforma e amplia\u00e7\u00e3o. A licita\u00e7\u00e3o, na modalidade concorr\u00eancia p\u00fablica, foi publicada pela Prefeitura de Foz do Igua\u00e7u na semana passada e a abertura dos envelopes ser\u00e1 no dia 6 de setembro, na Secretaria da Assist\u00eancia Social do Munic\u00edpio de Foz do Igua\u00e7u (Av. Jorge Schimmelpfeng, n\u00ba 111).&nbsp;<br><br>O edital est\u00e1 dispon\u00edvel no Portal da Transpar\u00eancia (<a href=\"http:\/\/www2.pmfi.pr.gov.br\/giig\/portais\/portaldatransparencia\/licitacoes\/wfrmLicitacoes.aspx)\">http:\/\/www2.pmfi.pr.gov.br\/giig\/portais\/portaldatransparencia\/licitacoes\/wfrmLicitacoes.aspx)<\/a>.<br><br>A \u00e1rea atual da escola \u00e9 de 1.166 metros quadrados, e ser\u00e1 ampliada para 1.522 metros quadrados, com a constru\u00e7\u00e3o de uma quadra poliesportiva coberta, uma nova sala de aula, secretaria com almoxarifado e sanit\u00e1rio p\u00fablico adaptado para PCD (pessoa com defici\u00eancia).&nbsp;<br><br>A reforma ocorrer\u00e1 para ajustar a edifica\u00e7\u00e3o \u00e0s normas de acessibilidade, com adequa\u00e7\u00f5es de rampa, aumento na largura das portas, adequa\u00e7\u00e3o de janelas para garantir a ventila\u00e7\u00e3o necess\u00e1ria, adequa\u00e7\u00e3o na cozinha e ambientes de apoio, substitui\u00e7\u00e3o dos revestimentos e lou\u00e7as das instala\u00e7\u00f5es sanit\u00e1rias. Tamb\u00e9m ser\u00e3o feitos ajustes nas cal\u00e7adas externas e pintura em todo o pr\u00e9dio. O valor m\u00e1ximo estimado \u00e9 de R$1,6 milh\u00e3o e o prazo de conclus\u00e3o \u00e9 de 360 dias.<br><br>Outras cinco escolas municipais j\u00e1 est\u00e3o recebendo obras de reforma e amplia\u00e7\u00e3o. S\u00e3o elas: Jo\u00e3o da Costa Viana, em Tr\u00eas Lagoas; Carlos Gomes, no Campos do Igua\u00e7u; Osvaldo Cruz, no Loteamento Jo\u00e3o Paulo II; Cora Coralina, no Morumbi e Tr\u00eas Bandeiras. Ainda neste m\u00eas de agosto inicia a obra de constru\u00e7\u00e3o da Escola C\u00e2ndido Portinari, no Jardim Petr\u00f3polis. A nova sede ser\u00e1 constru\u00edda em um terreno de 4.500 metros quadrados em frente \u00e0 atual escola, que atende hoje 132 alunos.<br><br><strong>Centro de Conviv\u00eancia<br><br><\/strong>A prefeitura tamb\u00e9m lan\u00e7ou a licita\u00e7\u00e3o para continuidade da constru\u00e7\u00e3o de vesti\u00e1rios, cobertura e aquecimento da piscina do Centro de Conviv\u00eancia Darci Pedro Zanatta, localizado na Avenida Jules Rimet, no Morumbi. O recebimento e abertura dos envelopes ser\u00e1 no dia 6 de setembro, \u00e0s 08h30, na Secretaria da Assist\u00eancia Social. O valor estimado \u00e9 de R$ 1,6 milh\u00e3o.<\/p>\n","protected":false},"excerpt":{"rendered":"<p>Outras cinco escolas j\u00e1 est\u00e3o recebendo obras de reforma e amplia\u00e7\u00e3o e ainda neste m\u00eas inicia a constru\u00e7\u00e3o da C\u00e2ndido Portinari, no Jardim Petr\u00f3polis A Escola Municipal Eloi Lohman, localizada na regi\u00e3o de Tr\u00eas Lagoas, receber\u00e1 melhorias em toda sua estrutura, com obras de reforma e amplia\u00e7\u00e3o. A licita\u00e7\u00e3o, na modalidade concorr\u00eancia p\u00fablica, foi publicada [&hellip;]<\/p>\n","protected":false},"author":2,"featured_media":12042,"comment_status":"open","ping_status":"open","sticky":false,"template":"","format":"standard","meta":{"om_disable_all_campaigns":false,"_monsterinsights_skip_tracking":false,"_monsterinsights_sitenote_active":false,"_monsterinsights_sitenote_note":"","_monsterinsights_sitenote_category":0,"footnotes":""},"categories":[4,8],"tags":[],"class_list":["post-12040","post","type-post","status-publish","format-standard","has-post-thumbnail","hentry","category-cidade","category-educaca0"],"_links":{"self":[{"href":"https:\/\/acontecenafronteira.com.br\/index.php\/wp-json\/wp\/v2\/posts\/12040","targetHints":{"allow":["GET"]}}],"collection":[{"href":"https:\/\/acontecenafronteira.com.br\/index.php\/wp-json\/wp\/v2\/posts"}],"about":[{"href":"https:\/\/acontecenafronteira.com.br\/index.php\/wp-json\/wp\/v2\/types\/post"}],"author":[{"embeddable":true,"href":"https:\/\/acontecenafronteira.com.br\/index.php\/wp-json\/wp\/v2\/users\/2"}],"replies":[{"embeddable":true,"href":"https:\/\/acontecenafronteira.com.br\/index.php\/wp-json\/wp\/v2\/comments?post=12040"}],"version-history":[{"count":1,"href":"https:\/\/acontecenafronteira.com.br\/index.php\/wp-json\/wp\/v2\/posts\/12040\/revisions"}],"predecessor-version":[{"id":12043,"href":"https:\/\/acontecenafronteira.com.br\/index.php\/wp-json\/wp\/v2\/posts\/12040\/revisions\/12043"}],"wp:featuredmedia":[{"embeddable":true,"href":"https:\/\/acontecenafronteira.com.br\/index.php\/wp-json\/wp\/v2\/media\/12042"}],"wp:attachment":[{"href":"https:\/\/acontecenafronteira.com.br\/index.php\/wp-json\/wp\/v2\/media?parent=12040"}],"wp:term":[{"taxonomy":"category","embeddable":true,"href":"https:\/\/acontecenafronteira.com.br\/index.php\/wp-json\/wp\/v2\/categories?post=12040"},{"taxonomy":"post_tag","embeddable":true,"href":"https:\/\/acontecenafronteira.com.br\/index.php\/wp-json\/wp\/v2\/tags?post=12040"}],"curies":[{"name":"wp","href":"https:\/\/api.w.org\/{rel}","templated":true}]}}