{"id":12020,"date":"2022-08-08T20:01:09","date_gmt":"2022-08-08T23:01:09","guid":{"rendered":"https:\/\/acontecenafronteira.com.br\/?p=12020"},"modified":"2022-08-08T20:01:10","modified_gmt":"2022-08-08T23:01:10","slug":"rede-municipal-de-ensino-oferta-atendimento-especializado-para-alunos-com-altas-habilidades-superdotacao","status":"publish","type":"post","link":"https:\/\/acontecenafronteira.com.br\/index.php\/2022\/08\/08\/rede-municipal-de-ensino-oferta-atendimento-especializado-para-alunos-com-altas-habilidades-superdotacao\/","title":{"rendered":"Rede municipal de ensino oferta atendimento especializado para alunos com altas habilidades\/superdota\u00e7\u00e3o"},"content":{"rendered":"\n<p>Estudantes passam por avalia\u00e7\u00f5es diagn\u00f3sticas e s\u00e3o inseridos na Sala de Recursos Multifuncional, para potencializa\u00e7\u00e3o das habilidades e enriquecimento extracurricular<\/p>\n\n\n\n<p><em>Foto: Thiago Dutra\/PMFI.<\/em><br><br>Crian\u00e7as que demonstram habilidades acima da m\u00e9dia, comprometimento com as tarefas, possuem grande criatividade e um rico vocabul\u00e1rio podem ser, muitas vezes, dotadas de altas habilidades ou superdota\u00e7\u00e3o (AH\/SD).&nbsp;<br><br>Na rede municipal de ensino de Foz do Igua\u00e7u, alunos identificados com este perfil passam por uma avalia\u00e7\u00e3o na qual s\u00e3o identificados o desempenho cognitivo, a capacidade intelectual e o processo de resolu\u00e7\u00e3o de problemas. O teste, conhecido como WISC (sigla em ingl\u00eas para Escalada Wechsler de Intelig\u00eancia para Crian\u00e7as), \u00e9 realizado por uma psic\u00f3loga especialista, ap\u00f3s o encaminhamento da escola ou solicita\u00e7\u00e3o dos pais.<br><br>Com a confirma\u00e7\u00e3o do diagn\u00f3stico, as crian\u00e7as s\u00e3o inseridas na Sala de Recursos Multifuncional para Altas Habilidades\/Supertoda\u00e7\u00e3o, localizada na Escola Municipal Parigot de Souza, regi\u00e3o central da cidade. As aulas acontecem no contraturno escolar e os alunos tamb\u00e9m participam de oficinas de viol\u00e3o, xadrez e teatro.<br><br>O objetivo deste espa\u00e7o, conforme explica a diretora de educa\u00e7\u00e3o especial da Secretaria Municipal da Educa\u00e7\u00e3o, Vanessa Aquino, \u00e9 potencializar as habilidades dos estudantes, com instrumentos que contribuam para o enriquecimento extracurricular. \u201cNa sala de recursos, a professora trabalha com o potencial dos alunos, oferece oportunidades para pensamentos de alto n\u00edvel, estimula a criatividade e principalmente, respeita a capacidade e a individualidade de cada crian\u00e7a\u201d.&nbsp;<br><br>Professora da Sala de Recursos e mestra em ensino pela Unioeste, Cleonice da Luz dos Santos explica que um aluno pode ter grande potencialidade com racioc\u00ednio l\u00f3gico\/matem\u00e1tica, por exemplo, e precisar de apoio para o portugu\u00eas.&nbsp;<br><br>\u201cPrecisamos desmistificar o fato de que os alunos com AH\/SD s\u00e3o nota dez em todas as disciplinas, pois a presen\u00e7a de habilidades acima da m\u00e9dia em uma ou mais \u00e1reas pode ocorrer conjuntamente com alguma dificuldade de aprendizagem ou, por exemplo, com TEA (Transtorno do Espectro Autista) e TDAH (Transtorno do d\u00e9ficit de aten\u00e7\u00e3o com hiperatividade)\u201d, explica. \u201cPor isso procuramos apresentar um leque de possibilidades, potencializando \u00e1reas de destaque e \u00e1reas que precisam de apoio\u201d, concluiu.&nbsp;<br><br><strong>Experi\u00eancias<br><br><\/strong>Jaqueline Castro \u00e9 m\u00e3e do Samuel, de 8 anos, aluno com altas habilidades\/ superdota\u00e7\u00e3o. Ela conta que apesar de identificar no filho um desenvolvimento acentuado em diversas \u00e1reas, foi por meio da escola a confirma\u00e7\u00e3o do diagn\u00f3stico.<br><br>\u201cNot\u00e1vamos dentro de casa que ele tinha um desenvolvimento r\u00e1pido, principalmente na parte da comunica\u00e7\u00e3o, linguagem e racioc\u00ednio l\u00f3gico, mas quem detectou foi a Escola Dr. Dirceu Lopes. Ele tirava sempre notas boas, terminava os exerc\u00edcios antes, tinha uma capacidade de aprendizagem r\u00e1pida e dentro da rede foi encaminhado para a avalia\u00e7\u00e3o\u201d, conta.<br><br>Com o diagn\u00f3stico, Samuel \u2013 que hoje \u00e9 aluno da Escola Parigot de Souza \u2013 foi inserido na sala de recursos. A m\u00e3e elogia o atendimento dado ao filho e \u00e0 fam\u00edlia. \u201cO acompanhamento aos pais \u00e9 maravilhoso, porque ela (professora Cleo) faz uma aproxima\u00e7\u00e3o com a fam\u00edlia sobre como devemos lidar para potencializar esse processo de aprendizagem dentro de casa. A gente se sente amparado e acolhido\u201d, disse.<br><br>Atualmente, 21 alunos est\u00e3o matriculados na Sala de Recursos Multifuncional AH\/SD.<\/p>\n\n\n\n<figure class=\"wp-block-gallery has-nested-images columns-default is-cropped wp-block-gallery-1 is-layout-flex wp-block-gallery-is-layout-flex\">\n<figure class=\"wp-block-image size-large is-style-default\"><img loading=\"lazy\" decoding=\"async\" width=\"799\" height=\"533\" data-id=\"12024\" src=\"https:\/\/acontecenafronteira.com.br\/wp-content\/uploads\/2022\/08\/WhatsApp-Image-2022-08-08-at-13.38.17.jpeg\" alt=\"\" class=\"wp-image-12024\" srcset=\"https:\/\/acontecenafronteira.com.br\/wp-content\/uploads\/2022\/08\/WhatsApp-Image-2022-08-08-at-13.38.17.jpeg 799w, https:\/\/acontecenafronteira.com.br\/wp-content\/uploads\/2022\/08\/WhatsApp-Image-2022-08-08-at-13.38.17-300x200.jpeg 300w, https:\/\/acontecenafronteira.com.br\/wp-content\/uploads\/2022\/08\/WhatsApp-Image-2022-08-08-at-13.38.17-768x512.jpeg 768w\" sizes=\"auto, (max-width: 799px) 100vw, 799px\" \/><\/figure>\n\n\n\n<figure class=\"wp-block-image size-large is-style-default\"><img loading=\"lazy\" decoding=\"async\" width=\"799\" height=\"533\" data-id=\"12025\" src=\"https:\/\/acontecenafronteira.com.br\/wp-content\/uploads\/2022\/08\/WhatsApp-Image-2022-08-08-at-13.38.16.jpeg\" alt=\"\" class=\"wp-image-12025\" srcset=\"https:\/\/acontecenafronteira.com.br\/wp-content\/uploads\/2022\/08\/WhatsApp-Image-2022-08-08-at-13.38.16.jpeg 799w, https:\/\/acontecenafronteira.com.br\/wp-content\/uploads\/2022\/08\/WhatsApp-Image-2022-08-08-at-13.38.16-300x200.jpeg 300w, https:\/\/acontecenafronteira.com.br\/wp-content\/uploads\/2022\/08\/WhatsApp-Image-2022-08-08-at-13.38.16-768x512.jpeg 768w\" sizes=\"auto, (max-width: 799px) 100vw, 799px\" \/><\/figure>\n\n\n\n<figure class=\"wp-block-image size-large is-style-default\"><img loading=\"lazy\" decoding=\"async\" width=\"799\" height=\"533\" data-id=\"12023\" src=\"https:\/\/acontecenafronteira.com.br\/wp-content\/uploads\/2022\/08\/WhatsApp-Image-2022-08-08-at-13.38.15.jpeg\" alt=\"\" class=\"wp-image-12023\" srcset=\"https:\/\/acontecenafronteira.com.br\/wp-content\/uploads\/2022\/08\/WhatsApp-Image-2022-08-08-at-13.38.15.jpeg 799w, https:\/\/acontecenafronteira.com.br\/wp-content\/uploads\/2022\/08\/WhatsApp-Image-2022-08-08-at-13.38.15-300x200.jpeg 300w, https:\/\/acontecenafronteira.com.br\/wp-content\/uploads\/2022\/08\/WhatsApp-Image-2022-08-08-at-13.38.15-768x512.jpeg 768w\" sizes=\"auto, (max-width: 799px) 100vw, 799px\" \/><\/figure>\n\n\n\n<figure class=\"wp-block-image size-large is-style-default\"><img loading=\"lazy\" decoding=\"async\" width=\"799\" height=\"533\" data-id=\"12022\" src=\"https:\/\/acontecenafronteira.com.br\/wp-content\/uploads\/2022\/08\/WhatsApp-Image-2022-08-08-at-13.38.14.jpeg\" alt=\"\" class=\"wp-image-12022\" srcset=\"https:\/\/acontecenafronteira.com.br\/wp-content\/uploads\/2022\/08\/WhatsApp-Image-2022-08-08-at-13.38.14.jpeg 799w, https:\/\/acontecenafronteira.com.br\/wp-content\/uploads\/2022\/08\/WhatsApp-Image-2022-08-08-at-13.38.14-300x200.jpeg 300w, https:\/\/acontecenafronteira.com.br\/wp-content\/uploads\/2022\/08\/WhatsApp-Image-2022-08-08-at-13.38.14-768x512.jpeg 768w\" sizes=\"auto, (max-width: 799px) 100vw, 799px\" \/><\/figure>\n<\/figure>\n\n\n\n<p><\/p>\n","protected":false},"excerpt":{"rendered":"<p>Estudantes passam por avalia\u00e7\u00f5es diagn\u00f3sticas e s\u00e3o inseridos na Sala de Recursos Multifuncional, para potencializa\u00e7\u00e3o das habilidades e enriquecimento extracurricular Foto: Thiago Dutra\/PMFI. Crian\u00e7as que demonstram habilidades acima da m\u00e9dia, comprometimento com as tarefas, possuem grande criatividade e um rico vocabul\u00e1rio podem ser, muitas vezes, dotadas de altas habilidades ou superdota\u00e7\u00e3o (AH\/SD).&nbsp; Na rede municipal [&hellip;]<\/p>\n","protected":false},"author":2,"featured_media":12026,"comment_status":"open","ping_status":"open","sticky":false,"template":"","format":"standard","meta":{"om_disable_all_campaigns":false,"_monsterinsights_skip_tracking":false,"_monsterinsights_sitenote_active":false,"_monsterinsights_sitenote_note":"","_monsterinsights_sitenote_category":0,"footnotes":""},"categories":[4,8],"tags":[],"class_list":["post-12020","post","type-post","status-publish","format-standard","has-post-thumbnail","hentry","category-cidade","category-educaca0"],"_links":{"self":[{"href":"https:\/\/acontecenafronteira.com.br\/index.php\/wp-json\/wp\/v2\/posts\/12020","targetHints":{"allow":["GET"]}}],"collection":[{"href":"https:\/\/acontecenafronteira.com.br\/index.php\/wp-json\/wp\/v2\/posts"}],"about":[{"href":"https:\/\/acontecenafronteira.com.br\/index.php\/wp-json\/wp\/v2\/types\/post"}],"author":[{"embeddable":true,"href":"https:\/\/acontecenafronteira.com.br\/index.php\/wp-json\/wp\/v2\/users\/2"}],"replies":[{"embeddable":true,"href":"https:\/\/acontecenafronteira.com.br\/index.php\/wp-json\/wp\/v2\/comments?post=12020"}],"version-history":[{"count":1,"href":"https:\/\/acontecenafronteira.com.br\/index.php\/wp-json\/wp\/v2\/posts\/12020\/revisions"}],"predecessor-version":[{"id":12027,"href":"https:\/\/acontecenafronteira.com.br\/index.php\/wp-json\/wp\/v2\/posts\/12020\/revisions\/12027"}],"wp:featuredmedia":[{"embeddable":true,"href":"https:\/\/acontecenafronteira.com.br\/index.php\/wp-json\/wp\/v2\/media\/12026"}],"wp:attachment":[{"href":"https:\/\/acontecenafronteira.com.br\/index.php\/wp-json\/wp\/v2\/media?parent=12020"}],"wp:term":[{"taxonomy":"category","embeddable":true,"href":"https:\/\/acontecenafronteira.com.br\/index.php\/wp-json\/wp\/v2\/categories?post=12020"},{"taxonomy":"post_tag","embeddable":true,"href":"https:\/\/acontecenafronteira.com.br\/index.php\/wp-json\/wp\/v2\/tags?post=12020"}],"curies":[{"name":"wp","href":"https:\/\/api.w.org\/{rel}","templated":true}]}}