{"id":12015,"date":"2022-08-08T09:23:38","date_gmt":"2022-08-08T12:23:38","guid":{"rendered":"https:\/\/acontecenafronteira.com.br\/?p=12015"},"modified":"2022-08-08T09:23:39","modified_gmt":"2022-08-08T12:23:39","slug":"foz-fazendo-arte-esta-com-inscricoes-abertas-para-oficinas-culturais-no-cram","status":"publish","type":"post","link":"https:\/\/acontecenafronteira.com.br\/index.php\/2022\/08\/08\/foz-fazendo-arte-esta-com-inscricoes-abertas-para-oficinas-culturais-no-cram\/","title":{"rendered":"Foz Fazendo Arte est\u00e1 com inscri\u00e7\u00f5es abertas para oficinas culturais no CRAM"},"content":{"rendered":"\n<p>S\u00e3o quatro atividades gratuitas e destinadas a mulheres cis, trans e pessoas n\u00e3o bin\u00e1rias, acima de 18 anos<\/p>\n\n\n\n<p>O Centro Refer\u00eancia em Atendimento \u00e0 Mulher em Situa\u00e7\u00e3o de Viol\u00eancia (CRAM) est\u00e1 com vagas abertas para oficinas do programa Foz Fazendo Arte, da Funda\u00e7\u00e3o Cultural de Foz do Igua\u00e7u. S\u00e3o quatro atividades gratuitas e destinadas a mulheres cis, trans e pessoas n\u00e3o bin\u00e1rias, acima de 18 anos.<br><br>Confira as atividades dispon\u00edveis:<br><br>Fotografia \u2013 quinta-feira, das 9h \u00e0s 11h, com a arte-educadora \u00c1urea Cunha;<\/p>\n\n\n\n<p>Teatro \u2013 ter\u00e7a-feira, 13h \u00e0s 19hs, com a arte-educadora Sandra Loiola;&nbsp;<\/p>\n\n\n\n<p>Artesanato &#8211; quarta-feira, das 9h \u00e0s 12h, com a arte-educadora Simone;<\/p>\n\n\n\n<p>Dan\u00e7as \u00e1rabes &#8211; quarta-feira, das 13h \u00e0s 17h, com a arte-educadora Nina Nassif.<br><br>As inscri\u00e7\u00f5es podem ser feitas diretamente no CRAM, localizado na Rua Padre Bernardo Plate, 1250, Jardim Polo Centro, ou pelo telefone 0800-643-8111 e Whatsapp: 99997-3322.<br><br>\u201cAs professoras elaboram aulas cada vez mais interessantes e abrangentes. Queremos que a comunidade participe e tenha esse contato com a arte e os diversos benef\u00edcios que ela pode gerar. Basta chegar e aproveitar\u201d, disse a coordenadora do Foz Fazendo Arte, Fabiana Zelinski.<\/p>\n","protected":false},"excerpt":{"rendered":"<p>S\u00e3o quatro atividades gratuitas e destinadas a mulheres cis, trans e pessoas n\u00e3o bin\u00e1rias, acima de 18 anos O Centro Refer\u00eancia em Atendimento \u00e0 Mulher em Situa\u00e7\u00e3o de Viol\u00eancia (CRAM) est\u00e1 com vagas abertas para oficinas do programa Foz Fazendo Arte, da Funda\u00e7\u00e3o Cultural de Foz do Igua\u00e7u. S\u00e3o quatro atividades gratuitas e destinadas a [&hellip;]<\/p>\n","protected":false},"author":2,"featured_media":12017,"comment_status":"open","ping_status":"open","sticky":false,"template":"","format":"standard","meta":{"om_disable_all_campaigns":false,"_monsterinsights_skip_tracking":false,"_monsterinsights_sitenote_active":false,"_monsterinsights_sitenote_note":"","_monsterinsights_sitenote_category":0,"footnotes":""},"categories":[4],"tags":[],"class_list":["post-12015","post","type-post","status-publish","format-standard","has-post-thumbnail","hentry","category-cidade"],"_links":{"self":[{"href":"https:\/\/acontecenafronteira.com.br\/index.php\/wp-json\/wp\/v2\/posts\/12015","targetHints":{"allow":["GET"]}}],"collection":[{"href":"https:\/\/acontecenafronteira.com.br\/index.php\/wp-json\/wp\/v2\/posts"}],"about":[{"href":"https:\/\/acontecenafronteira.com.br\/index.php\/wp-json\/wp\/v2\/types\/post"}],"author":[{"embeddable":true,"href":"https:\/\/acontecenafronteira.com.br\/index.php\/wp-json\/wp\/v2\/users\/2"}],"replies":[{"embeddable":true,"href":"https:\/\/acontecenafronteira.com.br\/index.php\/wp-json\/wp\/v2\/comments?post=12015"}],"version-history":[{"count":1,"href":"https:\/\/acontecenafronteira.com.br\/index.php\/wp-json\/wp\/v2\/posts\/12015\/revisions"}],"predecessor-version":[{"id":12018,"href":"https:\/\/acontecenafronteira.com.br\/index.php\/wp-json\/wp\/v2\/posts\/12015\/revisions\/12018"}],"wp:featuredmedia":[{"embeddable":true,"href":"https:\/\/acontecenafronteira.com.br\/index.php\/wp-json\/wp\/v2\/media\/12017"}],"wp:attachment":[{"href":"https:\/\/acontecenafronteira.com.br\/index.php\/wp-json\/wp\/v2\/media?parent=12015"}],"wp:term":[{"taxonomy":"category","embeddable":true,"href":"https:\/\/acontecenafronteira.com.br\/index.php\/wp-json\/wp\/v2\/categories?post=12015"},{"taxonomy":"post_tag","embeddable":true,"href":"https:\/\/acontecenafronteira.com.br\/index.php\/wp-json\/wp\/v2\/tags?post=12015"}],"curies":[{"name":"wp","href":"https:\/\/api.w.org\/{rel}","templated":true}]}}