{"id":11993,"date":"2022-08-08T09:11:39","date_gmt":"2022-08-08T12:11:39","guid":{"rendered":"https:\/\/acontecenafronteira.com.br\/?p=11993"},"modified":"2022-08-08T09:11:39","modified_gmt":"2022-08-08T12:11:39","slug":"prefeitura-prepara-gestao-para-aperfeicoar-fluxos-de-atestados-e-licencas","status":"publish","type":"post","link":"https:\/\/acontecenafronteira.com.br\/index.php\/2022\/08\/08\/prefeitura-prepara-gestao-para-aperfeicoar-fluxos-de-atestados-e-licencas\/","title":{"rendered":"Prefeitura prepara gest\u00e3o para aperfei\u00e7oar fluxos de atestados e licen\u00e7as"},"content":{"rendered":"\n<p>Capacita\u00e7\u00e3o realizada nesta sexta-feira (05) teve como objetivos promover melhorias no ambiente de trabalho e na oferta do servi\u00e7o p\u00fablico<\/p>\n\n\n\n<p>A Secretaria Municipal de Administra\u00e7\u00e3o, atrav\u00e9s da Diretoria de Sa\u00fade Ocupacional, promoveu nesta sexta-feira (05), no audit\u00f3rio da Unila (Universidade Federal da Integra\u00e7\u00e3o Latino-Americana), um treinamento para aperfei\u00e7oar os fluxos de atestados, licen\u00e7as e afastamentos no servi\u00e7o p\u00fablico municipal.&nbsp;<br><br>A capacita\u00e7\u00e3o baseada na lei complementar 17\/93 (Estatuto do Servidor) e no decreto 27.575\/2019 (Per\u00edcia M\u00e9dica) foi direcionada \u00e0s equipes de Recursos Humanos das Secretarias de Administra\u00e7\u00e3o, Sa\u00fade e Educa\u00e7\u00e3o. Diretores e coordenadores de escolas e Centros Municipais de Educa\u00e7\u00e3o Infantil tamb\u00e9m participaram do encontro.&nbsp;<br><br>De acordo com o secret\u00e1rio de Administra\u00e7\u00e3o, Nilton Bobato, a iniciativa visa buscar solu\u00e7\u00f5es para desafios hist\u00f3ricos na gest\u00e3o dos fluxos de atestados, afastamentos e licen\u00e7as. \u201cA Diretoria de Sa\u00fade Ocupacional e a Procuradoria-Geral do Munic\u00edpio v\u00eam recebendo muitas d\u00favidas a respeito da tramita\u00e7\u00e3o de licen\u00e7as. Precisamos do apoio de cada unidade para identificarmos as falhas e buscarmos regularizar os procedimentos legais. Isso \u00e9 fundamental para garantirmos equidade no ambiente de trabalho, melhorando as rela\u00e7\u00f5es internas e ofertando um servi\u00e7o melhor para a popula\u00e7\u00e3o\u201d, expressou.&nbsp;<br><br>A inten\u00e7\u00e3o tamb\u00e9m \u00e9 ampliar o monitoramento sobre o mau uso de atestados entre servidores.&nbsp; \u201cQuando um servidor usa de m\u00e1-f\u00e9 um atestado, prejudica o outro colega, sobrecarregando-o e isso impacta tamb\u00e9m na oferta do servi\u00e7o\u201d, completou Bobato.&nbsp;<br><br>A secret\u00e1ria de Educa\u00e7\u00e3o, Maria Justina da Silva, fez um pedido especial \u00e0 equipe da sua pasta. \u201cEsse \u00e9 um exemplo da seriedade com que a gest\u00e3o trata os seus desafios. \u00c9 preciso tratar com seriedade a legisla\u00e7\u00e3o quanto aos procedimentos para libera\u00e7\u00e3o de atestados no servi\u00e7o p\u00fablico e tamb\u00e9m identificarmos casos de uso incorreto de atestado por parte de servidores, para que n\u00e3o sobrecarregue outros\u201d, enfatizou.&nbsp;<br><br>Para a diretora de Sa\u00fade Ocupacional, Carla Conrad de Lima, o encontro integra uma s\u00e9rie de a\u00e7\u00f5es que visam avan\u00e7ar na implementa\u00e7\u00e3o de um padr\u00e3o de ouro na oferta de servi\u00e7o p\u00fablico e em uma nova vis\u00e3o da sociedade sobre o setor. \u201cA maioria dos servidores do munic\u00edpio vestem a camisa, s\u00e3o dedicados e n\u00e3o merecem receber o estigma negativo por conta da m\u00e1 conduta de uma minoria\u201d, complementou.&nbsp;<br><br>Carla acrescentou ainda que a diretoria tamb\u00e9m atua na promo\u00e7\u00e3o da sa\u00fade mental e de solu\u00e7\u00f5es para melhoria dos ambientes de trabalho. \u201cN\u00f3s buscamos identificar quais as necessidades dos servidores e buscamos estrat\u00e9gias para promover melhorias na qualidade de vida dele e nas rela\u00e7\u00f5es de trabalho\u201d, comentou.&nbsp;<br><br><strong>Mudan\u00e7as&nbsp;<br><br><\/strong>O treinamento tamb\u00e9m foi importante para atualizar informa\u00e7\u00f5es e mudan\u00e7as nos fluxos em virtude de novas regras por parte do eSocial (Sistema de Escritura\u00e7\u00e3o Digital das Obriga\u00e7\u00f5es Fiscais, Previdenci\u00e1rias e Trabalhistas). O programa do governo federal \u00e9 uma das diversas obriga\u00e7\u00f5es que a \u00e1rea de Recursos Humanos precisa cumprir.&nbsp;<br><br>\u201cH\u00e1 v\u00e1rios procedimentos que n\u00e3o poder\u00e3o mais ser adotados pelas equipes em virtude das regras e prazos do eSocial, \u00e9 o caso de pedidos de retroatividade em atestados e anula\u00e7\u00e3o de licen\u00e7a m\u00e9dica de 90 dias, antes do cumprimento do prazo\u201d, explicou o supervisor de Sa\u00fade Ocupacional, Emerson de Oliveira Souza.&nbsp;<br><br>Tamb\u00e9m palestraram no treinamento, a servidora da Sa\u00fade Ocupacional Karla Miranda Jorge da Silva Faria; o chefe da divis\u00e3o de Sindic\u00e2ncia e Processos Administrativos, Sandro Miguel de Souza; o presidente da CIPA, Adel\u00e2nio Nogueira; e as assistentes sociais Fl\u00e1via Alexandra Nascimentos dos Santos Freire e Vera L\u00facia Beltramin.<\/p>\n","protected":false},"excerpt":{"rendered":"<p>Capacita\u00e7\u00e3o realizada nesta sexta-feira (05) teve como objetivos promover melhorias no ambiente de trabalho e na oferta do servi\u00e7o p\u00fablico A Secretaria Municipal de Administra\u00e7\u00e3o, atrav\u00e9s da Diretoria de Sa\u00fade Ocupacional, promoveu nesta sexta-feira (05), no audit\u00f3rio da Unila (Universidade Federal da Integra\u00e7\u00e3o Latino-Americana), um treinamento para aperfei\u00e7oar os fluxos de atestados, licen\u00e7as e afastamentos [&hellip;]<\/p>\n","protected":false},"author":2,"featured_media":11995,"comment_status":"open","ping_status":"open","sticky":false,"template":"","format":"standard","meta":{"om_disable_all_campaigns":false,"_monsterinsights_skip_tracking":false,"_monsterinsights_sitenote_active":false,"_monsterinsights_sitenote_note":"","_monsterinsights_sitenote_category":0,"footnotes":""},"categories":[4],"tags":[],"class_list":["post-11993","post","type-post","status-publish","format-standard","has-post-thumbnail","hentry","category-cidade"],"_links":{"self":[{"href":"https:\/\/acontecenafronteira.com.br\/index.php\/wp-json\/wp\/v2\/posts\/11993","targetHints":{"allow":["GET"]}}],"collection":[{"href":"https:\/\/acontecenafronteira.com.br\/index.php\/wp-json\/wp\/v2\/posts"}],"about":[{"href":"https:\/\/acontecenafronteira.com.br\/index.php\/wp-json\/wp\/v2\/types\/post"}],"author":[{"embeddable":true,"href":"https:\/\/acontecenafronteira.com.br\/index.php\/wp-json\/wp\/v2\/users\/2"}],"replies":[{"embeddable":true,"href":"https:\/\/acontecenafronteira.com.br\/index.php\/wp-json\/wp\/v2\/comments?post=11993"}],"version-history":[{"count":1,"href":"https:\/\/acontecenafronteira.com.br\/index.php\/wp-json\/wp\/v2\/posts\/11993\/revisions"}],"predecessor-version":[{"id":11996,"href":"https:\/\/acontecenafronteira.com.br\/index.php\/wp-json\/wp\/v2\/posts\/11993\/revisions\/11996"}],"wp:featuredmedia":[{"embeddable":true,"href":"https:\/\/acontecenafronteira.com.br\/index.php\/wp-json\/wp\/v2\/media\/11995"}],"wp:attachment":[{"href":"https:\/\/acontecenafronteira.com.br\/index.php\/wp-json\/wp\/v2\/media?parent=11993"}],"wp:term":[{"taxonomy":"category","embeddable":true,"href":"https:\/\/acontecenafronteira.com.br\/index.php\/wp-json\/wp\/v2\/categories?post=11993"},{"taxonomy":"post_tag","embeddable":true,"href":"https:\/\/acontecenafronteira.com.br\/index.php\/wp-json\/wp\/v2\/tags?post=11993"}],"curies":[{"name":"wp","href":"https:\/\/api.w.org\/{rel}","templated":true}]}}