{"id":11982,"date":"2022-08-08T09:08:19","date_gmt":"2022-08-08T12:08:19","guid":{"rendered":"https:\/\/acontecenafronteira.com.br\/?p=11982"},"modified":"2022-08-08T09:08:20","modified_gmt":"2022-08-08T12:08:20","slug":"prefeito-assina-contrato-para-aquisicao-de-produtos-da-agricultura-familiar-para-merenda-escolar","status":"publish","type":"post","link":"https:\/\/acontecenafronteira.com.br\/index.php\/2022\/08\/08\/prefeito-assina-contrato-para-aquisicao-de-produtos-da-agricultura-familiar-para-merenda-escolar\/","title":{"rendered":"Prefeito assina contrato para aquisi\u00e7\u00e3o de produtos da agricultura familiar para merenda escolar"},"content":{"rendered":"\n<p>Chico Brasileiro oficializou o conv\u00eanio com a Coaffoz durante a Festa do Colono, que celebra Dia do Colono e Dia do Agricultor<\/p>\n\n\n\n<p><em>Foto: Christian Rizzi\/PMFI.<\/em><\/p>\n\n\n\n<p>O prefeito Chico Brasileiro aproveitou a Festa do Colono, realizada neste domingo (07), para assinar o contrato para aquisi\u00e7\u00e3o de produtos para a merenda escolar dos mais de 25 mil alunos da rede municipal com a Cooperativa da Agricultura Familiar de Foz do Igua\u00e7u (Coaffoz).<\/p>\n\n\n\n<p>O valor do contrato com a cooperativa \u00e9 de R$ 5,1 milh\u00f5es pelo per\u00edodo de um ano &#8211; investimento 75% superior ao do ano passado. Esses recursos ser\u00e3o destinados \u00e0 compra de produtos como folhosas, legumes, frutas, panificados e peixes que ir\u00e3o compor mais de 40 mil refei\u00e7\u00f5es por dia para as escolas, Centros Municipais de Educa\u00e7\u00e3o Infantil (Cmeis) e centros de conviv\u00eancia.<\/p>\n\n\n\n<p>\u201cA educa\u00e7\u00e3o de Foz do Igua\u00e7u est\u00e1 entre as melhores do pa\u00eds e alimenta\u00e7\u00e3o escolar n\u00e3o \u00e9 diferente. E essa qualidade se deve aos produtos serem dos nossos agricultores familiares, que t\u00eam todo um cuidado e carinho com esses alimentos\u201d, afirmou o prefeito Chico Brasileiro.<\/p>\n\n\n\n<p>\u201cAl\u00e9m disso, a merenda tamb\u00e9m tem um acompanhamento constante das nutricionistas da Secretaria Municipal de Educa\u00e7\u00e3o, que desenvolvem o Programa de Educa\u00e7\u00e3o Alimentar, e fazem as adequa\u00e7\u00f5es conforme as necessidades dos alunos\u201d, refor\u00e7ou o prefeito.<\/p>\n\n\n\n<p>A presidente do Coaffoz, Luci Andreghetti dos Santos, comentou que a cooperativa \u00e9 nova &#8211; tem apenas um ano &#8211; mas que, com o apoio da prefeitura, \u201cchegou muito bem\u201d. \u201cAs portas da prefeitura est\u00e3o sempre abertas para n\u00f3s, com di\u00e1logo\u201d. Ela comentou que n\u00e3o \u00e9 f\u00e1cil para os agricultores familiares atenderem a toda demanda da merenda do munic\u00edpio, devido \u00e0 m\u00e3o de obra ser reduzida, mas que, al\u00e9m de muito esfor\u00e7o, eles t\u00eam como diferencial a qualidade dos alimentos.<\/p>\n\n\n\n<p>O vereador Alex Meyer, que na ocasi\u00e3o representou a C\u00e2mara Municipal, comentou que a administra\u00e7\u00e3o municipal tem atendido todas as demandas dos agricultores. \u201cSempre que levamos reivindica\u00e7\u00f5es fomos muito bem recepcionados e atendidos pelo prefeito, dando resolu\u00e7\u00f5es aos pedidos dos agricultores do munic\u00edpio\u201d, destacou.<\/p>\n\n\n\n<p>Tamb\u00e9m participaram da assinatura do contrato com a Coaffoz o secret\u00e1rio de Desenvolvimento Industrial, Comercial e Agropecu\u00e1rio, Vilmar Andreola; e o diretor de Assist\u00eancia ao Educando, Arthur Thomas Repelevicz, representando a Secretaria Municipal de Educa\u00e7\u00e3o.<\/p>\n\n\n\n<figure class=\"wp-block-gallery has-nested-images columns-default is-cropped wp-block-gallery-1 is-layout-flex wp-block-gallery-is-layout-flex\">\n<figure class=\"wp-block-image size-large is-style-default\"><img loading=\"lazy\" decoding=\"async\" width=\"800\" height=\"537\" data-id=\"11986\" src=\"https:\/\/acontecenafronteira.com.br\/wp-content\/uploads\/2022\/08\/WhatsApp-Image-2022-08-07-at-15.10.21-2.jpeg\" alt=\"\" class=\"wp-image-11986\" srcset=\"https:\/\/acontecenafronteira.com.br\/wp-content\/uploads\/2022\/08\/WhatsApp-Image-2022-08-07-at-15.10.21-2.jpeg 800w, https:\/\/acontecenafronteira.com.br\/wp-content\/uploads\/2022\/08\/WhatsApp-Image-2022-08-07-at-15.10.21-2-300x201.jpeg 300w, https:\/\/acontecenafronteira.com.br\/wp-content\/uploads\/2022\/08\/WhatsApp-Image-2022-08-07-at-15.10.21-2-768x516.jpeg 768w\" sizes=\"auto, (max-width: 800px) 100vw, 800px\" \/><\/figure>\n\n\n\n<figure class=\"wp-block-image size-large is-style-default\"><img loading=\"lazy\" decoding=\"async\" width=\"800\" height=\"528\" data-id=\"11985\" src=\"https:\/\/acontecenafronteira.com.br\/wp-content\/uploads\/2022\/08\/WhatsApp-Image-2022-08-07-at-15.10.21-1.jpeg\" alt=\"\" class=\"wp-image-11985\" srcset=\"https:\/\/acontecenafronteira.com.br\/wp-content\/uploads\/2022\/08\/WhatsApp-Image-2022-08-07-at-15.10.21-1.jpeg 800w, https:\/\/acontecenafronteira.com.br\/wp-content\/uploads\/2022\/08\/WhatsApp-Image-2022-08-07-at-15.10.21-1-300x198.jpeg 300w, https:\/\/acontecenafronteira.com.br\/wp-content\/uploads\/2022\/08\/WhatsApp-Image-2022-08-07-at-15.10.21-1-768x507.jpeg 768w\" sizes=\"auto, (max-width: 800px) 100vw, 800px\" \/><\/figure>\n\n\n\n<figure class=\"wp-block-image size-large is-style-default\"><img loading=\"lazy\" decoding=\"async\" width=\"400\" height=\"267\" data-id=\"11984\" src=\"https:\/\/acontecenafronteira.com.br\/wp-content\/uploads\/2022\/08\/WhatsApp-Image-2022-08-07-at-15.10.21.jpeg\" alt=\"\" class=\"wp-image-11984\" srcset=\"https:\/\/acontecenafronteira.com.br\/wp-content\/uploads\/2022\/08\/WhatsApp-Image-2022-08-07-at-15.10.21.jpeg 400w, https:\/\/acontecenafronteira.com.br\/wp-content\/uploads\/2022\/08\/WhatsApp-Image-2022-08-07-at-15.10.21-300x200.jpeg 300w\" sizes=\"auto, (max-width: 400px) 100vw, 400px\" \/><\/figure>\n\n\n\n<figure class=\"wp-block-image size-large is-style-default\"><img loading=\"lazy\" decoding=\"async\" width=\"799\" height=\"533\" data-id=\"11987\" src=\"https:\/\/acontecenafronteira.com.br\/wp-content\/uploads\/2022\/08\/WhatsApp-Image-2022-08-07-at-15.10.20.jpeg\" alt=\"\" class=\"wp-image-11987\" srcset=\"https:\/\/acontecenafronteira.com.br\/wp-content\/uploads\/2022\/08\/WhatsApp-Image-2022-08-07-at-15.10.20.jpeg 799w, https:\/\/acontecenafronteira.com.br\/wp-content\/uploads\/2022\/08\/WhatsApp-Image-2022-08-07-at-15.10.20-300x200.jpeg 300w, https:\/\/acontecenafronteira.com.br\/wp-content\/uploads\/2022\/08\/WhatsApp-Image-2022-08-07-at-15.10.20-768x512.jpeg 768w\" sizes=\"auto, (max-width: 799px) 100vw, 799px\" \/><\/figure>\n<\/figure>\n","protected":false},"excerpt":{"rendered":"<p>Chico Brasileiro oficializou o conv\u00eanio com a Coaffoz durante a Festa do Colono, que celebra Dia do Colono e Dia do Agricultor Foto: Christian Rizzi\/PMFI. O prefeito Chico Brasileiro aproveitou a Festa do Colono, realizada neste domingo (07), para assinar o contrato para aquisi\u00e7\u00e3o de produtos para a merenda escolar dos mais de 25 mil [&hellip;]<\/p>\n","protected":false},"author":2,"featured_media":11988,"comment_status":"open","ping_status":"open","sticky":false,"template":"","format":"standard","meta":{"om_disable_all_campaigns":false,"_monsterinsights_skip_tracking":false,"_monsterinsights_sitenote_active":false,"_monsterinsights_sitenote_note":"","_monsterinsights_sitenote_category":0,"footnotes":""},"categories":[4,8],"tags":[],"class_list":["post-11982","post","type-post","status-publish","format-standard","has-post-thumbnail","hentry","category-cidade","category-educaca0"],"_links":{"self":[{"href":"https:\/\/acontecenafronteira.com.br\/index.php\/wp-json\/wp\/v2\/posts\/11982","targetHints":{"allow":["GET"]}}],"collection":[{"href":"https:\/\/acontecenafronteira.com.br\/index.php\/wp-json\/wp\/v2\/posts"}],"about":[{"href":"https:\/\/acontecenafronteira.com.br\/index.php\/wp-json\/wp\/v2\/types\/post"}],"author":[{"embeddable":true,"href":"https:\/\/acontecenafronteira.com.br\/index.php\/wp-json\/wp\/v2\/users\/2"}],"replies":[{"embeddable":true,"href":"https:\/\/acontecenafronteira.com.br\/index.php\/wp-json\/wp\/v2\/comments?post=11982"}],"version-history":[{"count":1,"href":"https:\/\/acontecenafronteira.com.br\/index.php\/wp-json\/wp\/v2\/posts\/11982\/revisions"}],"predecessor-version":[{"id":11989,"href":"https:\/\/acontecenafronteira.com.br\/index.php\/wp-json\/wp\/v2\/posts\/11982\/revisions\/11989"}],"wp:featuredmedia":[{"embeddable":true,"href":"https:\/\/acontecenafronteira.com.br\/index.php\/wp-json\/wp\/v2\/media\/11988"}],"wp:attachment":[{"href":"https:\/\/acontecenafronteira.com.br\/index.php\/wp-json\/wp\/v2\/media?parent=11982"}],"wp:term":[{"taxonomy":"category","embeddable":true,"href":"https:\/\/acontecenafronteira.com.br\/index.php\/wp-json\/wp\/v2\/categories?post=11982"},{"taxonomy":"post_tag","embeddable":true,"href":"https:\/\/acontecenafronteira.com.br\/index.php\/wp-json\/wp\/v2\/tags?post=11982"}],"curies":[{"name":"wp","href":"https:\/\/api.w.org\/{rel}","templated":true}]}}