{"id":11945,"date":"2022-08-04T15:50:05","date_gmt":"2022-08-04T18:50:05","guid":{"rendered":"https:\/\/acontecenafronteira.com.br\/?p=11945"},"modified":"2022-08-04T15:50:06","modified_gmt":"2022-08-04T18:50:06","slug":"secretaria-de-meio-ambiente-realiza-limpeza-e-foztrans-interdita-trecho-da-avenida-beira-rio","status":"publish","type":"post","link":"https:\/\/acontecenafronteira.com.br\/index.php\/2022\/08\/04\/secretaria-de-meio-ambiente-realiza-limpeza-e-foztrans-interdita-trecho-da-avenida-beira-rio\/","title":{"rendered":"Secretaria de Meio Ambiente realiza limpeza e Foztrans interdita trecho da Avenida Beira Rio"},"content":{"rendered":"\n<p>O local h\u00e1 meses vinha sendo utilizado para o descarte incorreto de res\u00edduos<\/p>\n\n\n\n<p><em>Foto: Thiago Dutra\/PMFI.<\/em><br><br>Nesta quinta-feira, 04, equipes da Secretaria Municipal de Meio Ambiente realizaram mais uma limpeza no trecho no fim da Avenida Beira Rio. H\u00e1 meses, o local tem sido utilizado para o descarte incorreto de res\u00edduos e estava no cronograma de a\u00e7\u00f5es das equipes da prefeitura com frequ\u00eancia.&nbsp;<br><br>Utilizando um trator, as equipes recolheram grande quantidade de entulho \u00e0s margens da avenida. Foi necess\u00e1rio um caminh\u00e3o para levar todo o material at\u00e9 o aterro sanit\u00e1rio. Entre os materiais recolhidos estavam m\u00f3veis quebrados, garrafas pet e de vidro, roupas, restos de alimentos e pneus.&nbsp;<br><br>Al\u00e9m dos preju\u00edzos ao meio ambiente, o descarte incorreto representa tamb\u00e9m riscos \u00e0 sa\u00fade da popula\u00e7\u00e3o: no local, foram identificados diversos focos do mosquito transmissor da dengue.&nbsp;<br><br><strong>Fechamento do trecho<\/strong><br><br>O Instituto de Transporte e Tr\u00e2nsito de Foz do Igua\u00e7u &#8211; Foztrans vai interditar o trecho final da Avenida Beira Rio. A a\u00e7\u00e3o acontece em parceria com a Pol\u00edcia Federal. O local, \u00e0s margens da via, \u00e9 cercado por mata verde e pr\u00f3ximo \u00e0 barranca do rio Paran\u00e1, divisa entre o Brasil e Paraguai, sendo uma passagem estrat\u00e9gica de il\u00edcitos, beneficiando o crime organizado. Sinalizadores ser\u00e3o colocados para alertar os motoristas e pedestres.<br><br><strong>Descarte correto<\/strong><br><br>A Prefeitura de Foz do Igua\u00e7u conta com um aterro sanit\u00e1rio gratuito para o pequeno gerador. O Aterro Sanit\u00e1rio de Foz est\u00e1 localizado na Rua Angela Aparecida de Andrade, Bairro Porto Belo, na regi\u00e3o Norte da cidade. Hor\u00e1rio de funcionamento: de segunda a sexta, das 08 \u00e0s 18h, s\u00e1bado das 08 \u00e0s 12h (apenas pequenos geradores).<br><br><strong>Den\u00fancia 156<\/strong><br><br>A Prefeitura orienta a denunciar este tipo de crime, atrav\u00e9s da Central 156, onde o cidad\u00e3o pode adicionar texto, fotos, v\u00eddeos e todas as informa\u00e7\u00f5es necess\u00e1rias. Com isso, a Secretaria de Meio Ambiente pode tomar as provid\u00eancias necess\u00e1rias.<\/p>\n","protected":false},"excerpt":{"rendered":"<p>O local h\u00e1 meses vinha sendo utilizado para o descarte incorreto de res\u00edduos Foto: Thiago Dutra\/PMFI. Nesta quinta-feira, 04, equipes da Secretaria Municipal de Meio Ambiente realizaram mais uma limpeza no trecho no fim da Avenida Beira Rio. H\u00e1 meses, o local tem sido utilizado para o descarte incorreto de res\u00edduos e estava no cronograma [&hellip;]<\/p>\n","protected":false},"author":2,"featured_media":11947,"comment_status":"open","ping_status":"open","sticky":false,"template":"","format":"standard","meta":{"om_disable_all_campaigns":false,"_monsterinsights_skip_tracking":false,"_monsterinsights_sitenote_active":false,"_monsterinsights_sitenote_note":"","_monsterinsights_sitenote_category":0,"footnotes":""},"categories":[4],"tags":[],"class_list":["post-11945","post","type-post","status-publish","format-standard","has-post-thumbnail","hentry","category-cidade"],"_links":{"self":[{"href":"https:\/\/acontecenafronteira.com.br\/index.php\/wp-json\/wp\/v2\/posts\/11945","targetHints":{"allow":["GET"]}}],"collection":[{"href":"https:\/\/acontecenafronteira.com.br\/index.php\/wp-json\/wp\/v2\/posts"}],"about":[{"href":"https:\/\/acontecenafronteira.com.br\/index.php\/wp-json\/wp\/v2\/types\/post"}],"author":[{"embeddable":true,"href":"https:\/\/acontecenafronteira.com.br\/index.php\/wp-json\/wp\/v2\/users\/2"}],"replies":[{"embeddable":true,"href":"https:\/\/acontecenafronteira.com.br\/index.php\/wp-json\/wp\/v2\/comments?post=11945"}],"version-history":[{"count":1,"href":"https:\/\/acontecenafronteira.com.br\/index.php\/wp-json\/wp\/v2\/posts\/11945\/revisions"}],"predecessor-version":[{"id":11948,"href":"https:\/\/acontecenafronteira.com.br\/index.php\/wp-json\/wp\/v2\/posts\/11945\/revisions\/11948"}],"wp:featuredmedia":[{"embeddable":true,"href":"https:\/\/acontecenafronteira.com.br\/index.php\/wp-json\/wp\/v2\/media\/11947"}],"wp:attachment":[{"href":"https:\/\/acontecenafronteira.com.br\/index.php\/wp-json\/wp\/v2\/media?parent=11945"}],"wp:term":[{"taxonomy":"category","embeddable":true,"href":"https:\/\/acontecenafronteira.com.br\/index.php\/wp-json\/wp\/v2\/categories?post=11945"},{"taxonomy":"post_tag","embeddable":true,"href":"https:\/\/acontecenafronteira.com.br\/index.php\/wp-json\/wp\/v2\/tags?post=11945"}],"curies":[{"name":"wp","href":"https:\/\/api.w.org\/{rel}","templated":true}]}}