{"id":11909,"date":"2022-08-04T10:59:05","date_gmt":"2022-08-04T13:59:05","guid":{"rendered":"https:\/\/acontecenafronteira.com.br\/?p=11909"},"modified":"2022-08-04T10:59:05","modified_gmt":"2022-08-04T13:59:05","slug":"obras-de-pavimentacao-ja-comecaram-na-grande-tres-lagoas","status":"publish","type":"post","link":"https:\/\/acontecenafronteira.com.br\/index.php\/2022\/08\/04\/obras-de-pavimentacao-ja-comecaram-na-grande-tres-lagoas\/","title":{"rendered":"Obras de pavimenta\u00e7\u00e3o j\u00e1 come\u00e7aram na grande Tr\u00eas Lagoas"},"content":{"rendered":"\n<p>Uma das maiores regi\u00f5es da cidade receber\u00e1 pavimenta\u00e7\u00e3o em todas as vias<\/p>\n\n\n\n<p><em>Foto: Thiago Dutra\/PMFI.<\/em><br><br>Depois do prefeito Chico Brasileiro juntar os moradores de Tr\u00eas Lagoas para anunciar o asfaltamento de toda a regi\u00e3o, na \u00faltima semana, a Secretaria Municipal de Obras j\u00e1 avan\u00e7a com os trabalhos de limpeza e pavimenta\u00e7\u00e3o asf\u00e1ltica em diversas vias. Atualmente, as ruas s\u00e3o de<br>cal\u00e7amento poli\u00e9drico.<br><br>Nesta quarta-feira, 03, as equipes realizam a limpeza na Rua Rodrigues de Freitas.&nbsp;De acordo com o secret\u00e1rio de Obras, C\u00e9zar Furlan, os servi\u00e7os de pavimenta\u00e7\u00e3o contemplar\u00e3o toda a grande Tr\u00eas Lagoas, iniciando pelo Loteamento Witt, passando pelo Conjunto Fernanda, Tucuru\u00ed, Gra\u00fana, Sol de Maio e Colombelli.<br><br>Maria Cristina Martins mora no bairro h\u00e1 mais de 25 anos. Ela fez quest\u00e3o de acompanhar de perto o trabalho das equipes em frente a casa dela, na rua Rodrigues de Freitas. \u201cEstou muito feliz. Temos muitas crian\u00e7as que brincam aqui na rua e, com o asfalto novo, elas v\u00e3o poder andar de bicicleta, correr, jogar bola no fim da tarde. Agradecemos ao prefeito Chico Brasileiro por atender nosso pedido, que j\u00e1 \u00e9 bem antigo,\u201d disse a moradora.<\/p>\n\n\n\n<p><br>A regi\u00e3o de Tr\u00eas Lagoas vem recebendo diversas obras de melhorias pela administra\u00e7\u00e3o municipal, como exemplo a retomada das obras da Avenida Ol\u00edmpio Rafain, marginal da BR-277; a reforma da Unidade B\u00e1sica de Sa\u00fade Celso Peliser; obras nas galerias pluviais no Sol de Maio e na Ernesto Gayer; constru\u00e7\u00e3o de dois campos de futebol; al\u00e9m das reformas nas escolas Jo\u00e3o da Costa Viana, Eloi Lohmann, Jo\u00e3o Ad\u00e3o da Silva, Olavo Bilac e no Cmei Claudio da Silva Louren\u00e7o.<br><br>Moises Francisco, morador da regi\u00e3o, ressaltou esse avan\u00e7o e agradeceu o Prefeito Chico Brasileiro por atender as demandas da popula\u00e7\u00e3o. \u201cPor muitos anos, a gente que mora aqui no bairro Tr\u00eas Lagoas nos sentimos esquecidos pelo poder p\u00fablico. Nos \u00faltimos anos isso mudou. O prefeito nos ouviu, veio at\u00e9 a gente conversar. E agora, vendo as m\u00e1quinas trabalhando, me deixa muito feliz em sentir que fazemos parte da cidade\u201d.<\/p>\n\n\n\n<figure class=\"wp-block-image size-full is-style-default\"><img loading=\"lazy\" decoding=\"async\" width=\"799\" height=\"533\" src=\"https:\/\/acontecenafronteira.com.br\/wp-content\/uploads\/2022\/08\/WhatsApp-Image-2022-08-03-at-15.00.41-1-1.jpeg\" alt=\"\" class=\"wp-image-11912\" srcset=\"https:\/\/acontecenafronteira.com.br\/wp-content\/uploads\/2022\/08\/WhatsApp-Image-2022-08-03-at-15.00.41-1-1.jpeg 799w, https:\/\/acontecenafronteira.com.br\/wp-content\/uploads\/2022\/08\/WhatsApp-Image-2022-08-03-at-15.00.41-1-1-300x200.jpeg 300w, https:\/\/acontecenafronteira.com.br\/wp-content\/uploads\/2022\/08\/WhatsApp-Image-2022-08-03-at-15.00.41-1-1-768x512.jpeg 768w\" sizes=\"auto, (max-width: 799px) 100vw, 799px\" \/><\/figure>\n\n\n\n<p><\/p>\n","protected":false},"excerpt":{"rendered":"<p>Uma das maiores regi\u00f5es da cidade receber\u00e1 pavimenta\u00e7\u00e3o em todas as vias Foto: Thiago Dutra\/PMFI. Depois do prefeito Chico Brasileiro juntar os moradores de Tr\u00eas Lagoas para anunciar o asfaltamento de toda a regi\u00e3o, na \u00faltima semana, a Secretaria Municipal de Obras j\u00e1 avan\u00e7a com os trabalhos de limpeza e pavimenta\u00e7\u00e3o asf\u00e1ltica em diversas vias. [&hellip;]<\/p>\n","protected":false},"author":2,"featured_media":11911,"comment_status":"open","ping_status":"open","sticky":false,"template":"","format":"standard","meta":{"om_disable_all_campaigns":false,"_monsterinsights_skip_tracking":false,"_monsterinsights_sitenote_active":false,"_monsterinsights_sitenote_note":"","_monsterinsights_sitenote_category":0,"footnotes":""},"categories":[4,14],"tags":[],"class_list":["post-11909","post","type-post","status-publish","format-standard","has-post-thumbnail","hentry","category-cidade","category-obras"],"_links":{"self":[{"href":"https:\/\/acontecenafronteira.com.br\/index.php\/wp-json\/wp\/v2\/posts\/11909","targetHints":{"allow":["GET"]}}],"collection":[{"href":"https:\/\/acontecenafronteira.com.br\/index.php\/wp-json\/wp\/v2\/posts"}],"about":[{"href":"https:\/\/acontecenafronteira.com.br\/index.php\/wp-json\/wp\/v2\/types\/post"}],"author":[{"embeddable":true,"href":"https:\/\/acontecenafronteira.com.br\/index.php\/wp-json\/wp\/v2\/users\/2"}],"replies":[{"embeddable":true,"href":"https:\/\/acontecenafronteira.com.br\/index.php\/wp-json\/wp\/v2\/comments?post=11909"}],"version-history":[{"count":1,"href":"https:\/\/acontecenafronteira.com.br\/index.php\/wp-json\/wp\/v2\/posts\/11909\/revisions"}],"predecessor-version":[{"id":11913,"href":"https:\/\/acontecenafronteira.com.br\/index.php\/wp-json\/wp\/v2\/posts\/11909\/revisions\/11913"}],"wp:featuredmedia":[{"embeddable":true,"href":"https:\/\/acontecenafronteira.com.br\/index.php\/wp-json\/wp\/v2\/media\/11911"}],"wp:attachment":[{"href":"https:\/\/acontecenafronteira.com.br\/index.php\/wp-json\/wp\/v2\/media?parent=11909"}],"wp:term":[{"taxonomy":"category","embeddable":true,"href":"https:\/\/acontecenafronteira.com.br\/index.php\/wp-json\/wp\/v2\/categories?post=11909"},{"taxonomy":"post_tag","embeddable":true,"href":"https:\/\/acontecenafronteira.com.br\/index.php\/wp-json\/wp\/v2\/tags?post=11909"}],"curies":[{"name":"wp","href":"https:\/\/api.w.org\/{rel}","templated":true}]}}