{"id":11885,"date":"2022-08-03T11:28:06","date_gmt":"2022-08-03T14:28:06","guid":{"rendered":"https:\/\/acontecenafronteira.com.br\/?p=11885"},"modified":"2022-08-03T11:28:07","modified_gmt":"2022-08-03T14:28:07","slug":"acoes-do-programa-fozdesenvolve-sao-apresentadas-a-gestores-de-13-municipios-de-minas-gerais","status":"publish","type":"post","link":"https:\/\/acontecenafronteira.com.br\/index.php\/2022\/08\/03\/acoes-do-programa-fozdesenvolve-sao-apresentadas-a-gestores-de-13-municipios-de-minas-gerais\/","title":{"rendered":"A\u00e7\u00f5es do Programa FozDesenvolve s\u00e3o apresentadas a gestores de 13 munic\u00edpios de Minas Gerais"},"content":{"rendered":"\n<p>Mineiros vieram conhecer as boas pr\u00e1ticas da gest\u00e3o para a desburocratiza\u00e7\u00e3o e apoio empresarial<\/p>\n\n\n\n<p><em>Foto: Welyton Manoel\/PMFI.<\/em><br><br>O Comit\u00ea Gestor de Desenvolvimento Municipal recebeu nesta ter\u00e7a-feira (2) a visita de uma comitiva com representantes de 13 munic\u00edpios da regi\u00e3o sudoeste de Minas Gerais. Os mineiros vieram conhecer as a\u00e7\u00f5es desenvolvidas na iniciativa, que \u00e9 considerada como o maior programa de apoio empresarial da hist\u00f3ria de Foz do Igua\u00e7u.<br><br>A visita t\u00e9cnica contou com a organiza\u00e7\u00e3o do Sebrae, parceiro da Prefeitura no desenvolvimento do programa. A comitiva integra a Associa\u00e7\u00e3o dos Munic\u00edpios da Microrregi\u00e3o Baixa Mogiana (AMOG) e o Cons\u00f3rcio Intermunicipal da Baixa Mogiana (CIMOG), regi\u00e3o com forte atua\u00e7\u00e3o no setor de agricultura.<br><br>Lucilene de Moura, analista do Sebrae\/MG, comentou que a inten\u00e7\u00e3o da visita foi entender melhor como a aplica\u00e7\u00e3o do FozDesenvolve aconteceu e quais m\u00e9todos podem ser replicados para os locais.&nbsp;<br><br>\u201cO programa que encontramos em Foz mostra que \u00e9 poss\u00edvel alavancar o desenvolvimento investido na desburocratiza\u00e7\u00e3o. Esses exemplos que podem ser adequados \u00e0 nossa realidade, adaptados e repetidos. Boas pr\u00e1ticas aumentam desse modo\u201d, frisou.<br><br>A secret\u00e1ria da Fazenda, Salete Horst, relembrou cada passo dado pela equipe que faz a gest\u00e3o do programa e refor\u00e7ou como a integra\u00e7\u00e3o fez a diferen\u00e7a desde o in\u00edcio da gest\u00e3o.&nbsp;<br><br>\u201cO prefeito Chico Brasileiro nos designou essa miss\u00e3o logo no in\u00edcio da gest\u00e3o e esteve \u00e0 frente de cada conversa com os \u00f3rg\u00e3os e parceiros da prefeitura, trabalhando para que a imagem e credibilidade da administra\u00e7\u00e3o municipal fosse&nbsp; recuperada. Hoje vemos esses resultados e nos tornamos exemplos positivos\u201d, pontuou Salete.&nbsp;<br><br>\u201cJ\u00e1 estive de ambos os lados desse trabalho e percebi como todos levam a s\u00e9rio essa miss\u00e3o de transformar a economia de Foz a partir de solu\u00e7\u00f5es inovadoras. Os bons frutos est\u00e3o sendo colhidos e a cada ano temos novidades para apresentar\u201d, disse o secret\u00e1rio de Transpar\u00eancia e Governan\u00e7a, Leandro Ricardino Correa.<br><br>Para o consultor do Sebrae Luiz Marcelo Padilha essas visitas t\u00e9cnicas demonstram o quanto o munic\u00edpio de Foz do Igua\u00e7u est\u00e1 investindo no desenvolvimento da economia local e se tornou exemplo para outras cidades.&nbsp;<br><strong><br>FozDesenvolve<br><br><\/strong>O Programa FozDesenvolve foi criado em 2018 para oferecer acesso direto aos empreendedores a in\u00fameros servi\u00e7os e solu\u00e7\u00f5es que atendem os temas que contribuem com o fortalecimento empresarial. Dentre eles, desburocratiza\u00e7\u00e3o e simplifica\u00e7\u00e3o, acesso ao cr\u00e9dito e ao mercado, associativismo, inova\u00e7\u00e3o e tecnologia, fortalecimento empresarial e atra\u00e7\u00e3o de empreendimentos.&nbsp;<br><br>Na iniciativa est\u00e3o inseridas a\u00e7\u00f5es como o DestravaFoz; Resgate Empresarial, Programa Juro Zero e Repara Foz, que incentiva a inclus\u00e3o econ\u00f4mica das micro empresas e microempreendedores individuais como fornecedores de servi\u00e7os para prefeitura.<\/p>\n","protected":false},"excerpt":{"rendered":"<p>Mineiros vieram conhecer as boas pr\u00e1ticas da gest\u00e3o para a desburocratiza\u00e7\u00e3o e apoio empresarial Foto: Welyton Manoel\/PMFI. O Comit\u00ea Gestor de Desenvolvimento Municipal recebeu nesta ter\u00e7a-feira (2) a visita de uma comitiva com representantes de 13 munic\u00edpios da regi\u00e3o sudoeste de Minas Gerais. Os mineiros vieram conhecer as a\u00e7\u00f5es desenvolvidas na iniciativa, que \u00e9 considerada [&hellip;]<\/p>\n","protected":false},"author":2,"featured_media":11887,"comment_status":"open","ping_status":"open","sticky":false,"template":"","format":"standard","meta":{"om_disable_all_campaigns":false,"_monsterinsights_skip_tracking":false,"_monsterinsights_sitenote_active":false,"_monsterinsights_sitenote_note":"","_monsterinsights_sitenote_category":0,"footnotes":""},"categories":[4],"tags":[],"class_list":["post-11885","post","type-post","status-publish","format-standard","has-post-thumbnail","hentry","category-cidade"],"_links":{"self":[{"href":"https:\/\/acontecenafronteira.com.br\/index.php\/wp-json\/wp\/v2\/posts\/11885","targetHints":{"allow":["GET"]}}],"collection":[{"href":"https:\/\/acontecenafronteira.com.br\/index.php\/wp-json\/wp\/v2\/posts"}],"about":[{"href":"https:\/\/acontecenafronteira.com.br\/index.php\/wp-json\/wp\/v2\/types\/post"}],"author":[{"embeddable":true,"href":"https:\/\/acontecenafronteira.com.br\/index.php\/wp-json\/wp\/v2\/users\/2"}],"replies":[{"embeddable":true,"href":"https:\/\/acontecenafronteira.com.br\/index.php\/wp-json\/wp\/v2\/comments?post=11885"}],"version-history":[{"count":1,"href":"https:\/\/acontecenafronteira.com.br\/index.php\/wp-json\/wp\/v2\/posts\/11885\/revisions"}],"predecessor-version":[{"id":11888,"href":"https:\/\/acontecenafronteira.com.br\/index.php\/wp-json\/wp\/v2\/posts\/11885\/revisions\/11888"}],"wp:featuredmedia":[{"embeddable":true,"href":"https:\/\/acontecenafronteira.com.br\/index.php\/wp-json\/wp\/v2\/media\/11887"}],"wp:attachment":[{"href":"https:\/\/acontecenafronteira.com.br\/index.php\/wp-json\/wp\/v2\/media?parent=11885"}],"wp:term":[{"taxonomy":"category","embeddable":true,"href":"https:\/\/acontecenafronteira.com.br\/index.php\/wp-json\/wp\/v2\/categories?post=11885"},{"taxonomy":"post_tag","embeddable":true,"href":"https:\/\/acontecenafronteira.com.br\/index.php\/wp-json\/wp\/v2\/tags?post=11885"}],"curies":[{"name":"wp","href":"https:\/\/api.w.org\/{rel}","templated":true}]}}