{"id":11807,"date":"2022-08-02T09:52:21","date_gmt":"2022-08-02T12:52:21","guid":{"rendered":"https:\/\/acontecenafronteira.com.br\/?p=11807"},"modified":"2022-08-02T09:52:22","modified_gmt":"2022-08-02T12:52:22","slug":"cerca-de-4-mil-pessoas-estao-inscritas-para-o-concurso-publico-da-prefeitura-de-foz","status":"publish","type":"post","link":"https:\/\/acontecenafronteira.com.br\/index.php\/2022\/08\/02\/cerca-de-4-mil-pessoas-estao-inscritas-para-o-concurso-publico-da-prefeitura-de-foz\/","title":{"rendered":"<br>Cerca de 4 mil pessoas est\u00e3o inscritas para o concurso p\u00fablico da Prefeitura de Foz"},"content":{"rendered":"\n<p>O per\u00edodo de inscri\u00e7\u00e3o termina na pr\u00f3xima segunda-feira (8); ser\u00e3o contratados profissionais de 22 \u00e1reas<\/p>\n\n\n\n<p><em>Foto: Ana Morexco\/PMFI.<\/em><br><br>O segundo concurso p\u00fablico de 2022 da Prefeitura de Foz do Igua\u00e7u, que ir\u00e1 contratar profissionais em 22 \u00e1reas, j\u00e1 est\u00e1 com 3.750 inscritos. O prazo para a inscri\u00e7\u00e3o termina na pr\u00f3xima segunda-feira, 8, e deve ser feito no site da Funda\u00e7\u00e3o Universidade Empresa de Tecnologia e Ci\u00eancias (Fundatec), no link:&nbsp;<a href=\"https:\/\/bit.ly\/3amMVPJ\">https:\/\/bit.ly\/3amMVPJ.<\/a><br><br>Para conferir o edital, acesse: https:\/\/bit.ly\/3SlJk5E, e fique atento aos requisitos de cada vaga, bem como as datas e exig\u00eancias. O prazo para o pagamento do boleto termina na ter\u00e7a-feira, 9.<br><br>Os cargos s\u00e3o divididos entre as categorias: N\u00edvel Superior, N\u00edvel M\u00e9dio e N\u00edvel Fundamental. Os sal\u00e1rios variam entre R$ 2.152,07 e R$ 13.537,06.&nbsp;&nbsp;<br><br><strong>Confira as vagas<br><br><\/strong>&#8211; N\u00edvel Superior: Analista de Rela\u00e7\u00f5es Internacionais Jr; Analista de Sistemas Jr; Arquiteto Jr; Cirurgi\u00e3o Dentista Jr; Engenheiro Agr\u00f4nomo Jr.; Engenheiro Civil Jr.; Engenheiro Eletricista Jr.; Fiscal de Tributos Jr. ; Fisioterapeuta Jr.; M\u00e9dico Auditor; M\u00e9dico do Trabalho; M\u00e9dico Neuropediatra; M\u00e9dico Oftalmologista; Nutricionista Jr.; T\u00e9cnico em Turismo.&nbsp;<br><br>&#8211; N\u00edvel m\u00e9dio com a exig\u00eancia de cursos e requisitos: Agente Fiscal de Preceitos Jr.; Auxiliar de Enfermagem Jr.; Auxiliar de Turismo Bil\u00edngue; Educador Social Jr.; Programador de Computador Jr.<br><br>&#8211; N\u00edvel T\u00e9cnico: T\u00e9cnico de Enfermagem Jr.<br><br>&#8211; N\u00edvel Fundamental (com habilita\u00e7\u00e3o D): Motorista de Ve\u00edculos Pesados I<br><br><strong>Prova e inscri\u00e7\u00e3o<br><br><\/strong>A aplica\u00e7\u00e3o das provas te\u00f3rico-objetivas, discursivas e de reda\u00e7\u00e3o est\u00e1 prevista para o dia 4 de setembro.<br><br>Para os cargos de m\u00e9dicos, a taxa de inscri\u00e7\u00e3o \u00e9 de R$ 180; para n\u00edvel superior, R$ 150; para n\u00edvel t\u00e9cnico completo, n\u00edvel m\u00e9dio completo e n\u00edvel fundamental completo, R$ 120.&nbsp;<br><br>A Lei Municipal n\u00ba 4.693\/2019 garante isen\u00e7\u00e3o para candidatos que se enquadrem como: doador de sangue (fidelizado); aos que comprovarem hipossufici\u00eancia financeira, membro da fam\u00edlia de baixa renda inscrita no Cadastro \u00danico para Programas Sociais (Cad\u00danico); ou for doador de medula \u00f3ssea em entidades reconhecidas pelo Minist\u00e9rio da Sa\u00fade e\/ou no Registro Brasileiro de Doadores de Medula \u00d3ssea &#8211; REDOME.<\/p>\n","protected":false},"excerpt":{"rendered":"<p>O per\u00edodo de inscri\u00e7\u00e3o termina na pr\u00f3xima segunda-feira (8); ser\u00e3o contratados profissionais de 22 \u00e1reas Foto: Ana Morexco\/PMFI. O segundo concurso p\u00fablico de 2022 da Prefeitura de Foz do Igua\u00e7u, que ir\u00e1 contratar profissionais em 22 \u00e1reas, j\u00e1 est\u00e1 com 3.750 inscritos. O prazo para a inscri\u00e7\u00e3o termina na pr\u00f3xima segunda-feira, 8, e deve ser [&hellip;]<\/p>\n","protected":false},"author":2,"featured_media":11808,"comment_status":"open","ping_status":"open","sticky":false,"template":"","format":"standard","meta":{"om_disable_all_campaigns":false,"_monsterinsights_skip_tracking":false,"_monsterinsights_sitenote_active":false,"_monsterinsights_sitenote_note":"","_monsterinsights_sitenote_category":0,"footnotes":""},"categories":[4,15],"tags":[],"class_list":["post-11807","post","type-post","status-publish","format-standard","has-post-thumbnail","hentry","category-cidade","category-trabalho"],"_links":{"self":[{"href":"https:\/\/acontecenafronteira.com.br\/index.php\/wp-json\/wp\/v2\/posts\/11807","targetHints":{"allow":["GET"]}}],"collection":[{"href":"https:\/\/acontecenafronteira.com.br\/index.php\/wp-json\/wp\/v2\/posts"}],"about":[{"href":"https:\/\/acontecenafronteira.com.br\/index.php\/wp-json\/wp\/v2\/types\/post"}],"author":[{"embeddable":true,"href":"https:\/\/acontecenafronteira.com.br\/index.php\/wp-json\/wp\/v2\/users\/2"}],"replies":[{"embeddable":true,"href":"https:\/\/acontecenafronteira.com.br\/index.php\/wp-json\/wp\/v2\/comments?post=11807"}],"version-history":[{"count":1,"href":"https:\/\/acontecenafronteira.com.br\/index.php\/wp-json\/wp\/v2\/posts\/11807\/revisions"}],"predecessor-version":[{"id":11809,"href":"https:\/\/acontecenafronteira.com.br\/index.php\/wp-json\/wp\/v2\/posts\/11807\/revisions\/11809"}],"wp:featuredmedia":[{"embeddable":true,"href":"https:\/\/acontecenafronteira.com.br\/index.php\/wp-json\/wp\/v2\/media\/11808"}],"wp:attachment":[{"href":"https:\/\/acontecenafronteira.com.br\/index.php\/wp-json\/wp\/v2\/media?parent=11807"}],"wp:term":[{"taxonomy":"category","embeddable":true,"href":"https:\/\/acontecenafronteira.com.br\/index.php\/wp-json\/wp\/v2\/categories?post=11807"},{"taxonomy":"post_tag","embeddable":true,"href":"https:\/\/acontecenafronteira.com.br\/index.php\/wp-json\/wp\/v2\/tags?post=11807"}],"curies":[{"name":"wp","href":"https:\/\/api.w.org\/{rel}","templated":true}]}}