{"id":11803,"date":"2022-08-02T09:51:23","date_gmt":"2022-08-02T12:51:23","guid":{"rendered":"https:\/\/acontecenafronteira.com.br\/?p=11803"},"modified":"2022-08-02T09:51:23","modified_gmt":"2022-08-02T12:51:23","slug":"ferias-de-julho-bombaram-ocupacao-e-visitacao-de-foz-do-iguacu","status":"publish","type":"post","link":"https:\/\/acontecenafronteira.com.br\/index.php\/2022\/08\/02\/ferias-de-julho-bombaram-ocupacao-e-visitacao-de-foz-do-iguacu\/","title":{"rendered":"F\u00e9rias de julho bombaram ocupa\u00e7\u00e3o e visita\u00e7\u00e3o de Foz do Igua\u00e7u"},"content":{"rendered":"\n<p>Pico do movimento pode se estender de agosto e outubro com a m\u00e9dia de ocupa\u00e7\u00e3o de 70% nos hot\u00e9is e aumento na visita\u00e7\u00e3o dos atrativos da cidade<\/p>\n\n\n\n<p><em>Foto: Nilton Rolin\/Cataratas SA.<br><br><\/em>Os n\u00fameros das f\u00e9rias de julho apontaram um novo pico no turismo de Foz do Igua\u00e7u. Levantamento do SindHot\u00e9is apontou uma ocupa\u00e7\u00e3o de mais de 90% nos 27 mil leitos da rede hoteleira e o Parque Nacional do Igua\u00e7u registrou o s\u00e9timo m\u00eas como o melhor em n\u00famero de visitantes com 183.209 ingressos em 31 dias, superando a temporada de janeiro.<br><br>De acordo com o Sindhot\u00e9is, no in\u00edcio de julho a m\u00e9dia de ocupa\u00e7\u00e3o era de 70%, e o m\u00eas seguiu com tend\u00eancia de alta. Tamb\u00e9m houve uma excelente movimenta\u00e7\u00e3o nos bares e restaurantes da cidade durante o per\u00edodo de f\u00e9rias.&nbsp;<br><br>No Parque Nacional do Igua\u00e7u, o principal indicador de visita\u00e7\u00e3o, quando comparado o m\u00eas de julho deste ano com o de 2019, quando a unidade recebeu 225.588 pessoas, a recupera\u00e7\u00e3o \u00e9 de 81% no per\u00edodo anterior \u00e0 pandemia. O parque vem recuperando gradativamente, m\u00eas a m\u00eas, o n\u00famero de visitantes e, segundo a concession\u00e1ria, percentual deve manter-se, como foram os anteriores.<br><br><strong>Apoio<\/strong><br><br>Outra marca do parque \u00e9 o aumento da visita\u00e7\u00e3o estrangeira. Em julho, representantes de 81 nacionalidades contemplaram as Cataratas do Igua\u00e7u. A lista dos pa\u00edses que mais visitaram \u00e9 formada por Argentina, Paraguai, Uruguai, EUA, Fran\u00e7a, Alemanha, Espanha, Col\u00f4mbia e M\u00e9xico.<br><br>O prefeito Chico Brasileiro adianta que a prefeitura estuda medidas de apoio ao setor para incrementar ainda mais a ocupa\u00e7\u00e3o e visita\u00e7\u00e3o em per\u00edodos de sazonalidade de m\u00e9dia movimenta\u00e7\u00e3o. &#8220;J\u00e1 estamos vivendo novamente o pleno turismo, o que vai desencadear o aquecimento de outras atividades econ\u00f4micas, trazendo mais e novos empregos esperados&#8221;, disse.&nbsp;<br><br>&#8220;Mesmo com o cen\u00e1rio positivo e com o aumento do movimento, estamos estudando medidas para potencializar ainda mais o setor, ampliando a perman\u00eancia do turista na cidade. Este agora \u00e9 o nosso desafio&#8221;, completa o prefeito.<br><br>\u201cEstamos trabalhando tamb\u00e9m para trazer mais voos para Foz do Igua\u00e7u. Aumentando a concorr\u00eancia, tamb\u00e9m vamos ter uma redu\u00e7\u00e3o de pre\u00e7os\u201d, comenta o secret\u00e1rio de Turismo&nbsp; e Projetos Estrat\u00e9gicos, Paulo Angeli.<br><br><strong>Eventos<\/strong><br><br>A expectativa do SindHot\u00e9is \u00e9 de que o m\u00eas de agosto seja t\u00e3o bom quanto julho. &#8220;Com o Rally dos Sert\u00f5es e com outros eventos que j\u00e1 est\u00e3o voltando, Foz j\u00e1 est\u00e1 com uma ocupa\u00e7\u00e3o de 70% e 80%.&nbsp; E isso mostra que at\u00e9 dezembro, estaremos com a m\u00e9dia de ocupa\u00e7\u00e3o em agosto, setembro e outubro acima de 70%&#8221;, disse Marcelo Martini, presidente do SindHot\u00e9is.<br><br>Segundo Martini, alguns hot\u00e9is j\u00e1 est\u00e3o lotados em fun\u00e7\u00e3o dos eventos de grande porte. &#8220;Por exemplo, um hotel sedia um grande evento e fica lotado. Nesse caso, a ocupa\u00e7\u00e3o se estende a outros hot\u00e9is mais pr\u00f3ximos que tamb\u00e9m ficam lotados. O sindicato j\u00e1 registra esse tipo de movimenta\u00e7\u00e3o&#8221;, disse.<br><br>&#8220;Esse m\u00eas de agosto, os eventos v\u00e3o movimentar muito a economia de Foz do Igua\u00e7u e v\u00e3o manter uma m\u00e9dia bem alta de novo da ocupa\u00e7\u00e3o dos hot\u00e9is&#8221;, completa.<br><br>Com a tend\u00eancia de visita\u00e7\u00e3o em alta, o Parque Nacional do Igua\u00e7u avisa continua aberto todos os dias, inclusive \u00e0s segundas-feiras. O hor\u00e1rio das visitas se estende das 9h \u00e0s 16h, de segunda a sexta-feira. E nos finais de semanas e feriados, das 8h30 \u00e0s 16 horas<br><br>A largada do Rally dos Sert\u00f5es ser\u00e1 no dia 26 de agosto no Parque Nacional do Igua\u00e7u. Dez dias antes, s\u00e3o esperados os pilotos, mec\u00e2nicos, equipes t\u00e9cnicas e fam\u00edlias dos competidores. Em Foz, a competi\u00e7\u00e3o ter\u00e1 arquibancada para acompanhar os treinos e um festival gastron\u00f4mico. Somente o evento pode gerar um movimento de R$ 1 milh\u00e3o ao dia nos atrativos, hot\u00e9is, bares, restaurantes e com\u00e9rcio da cidade.<\/p>\n","protected":false},"excerpt":{"rendered":"<p>Pico do movimento pode se estender de agosto e outubro com a m\u00e9dia de ocupa\u00e7\u00e3o de 70% nos hot\u00e9is e aumento na visita\u00e7\u00e3o dos atrativos da cidade Foto: Nilton Rolin\/Cataratas SA. Os n\u00fameros das f\u00e9rias de julho apontaram um novo pico no turismo de Foz do Igua\u00e7u. Levantamento do SindHot\u00e9is apontou uma ocupa\u00e7\u00e3o de mais [&hellip;]<\/p>\n","protected":false},"author":2,"featured_media":11805,"comment_status":"open","ping_status":"open","sticky":false,"template":"","format":"standard","meta":{"om_disable_all_campaigns":false,"_monsterinsights_skip_tracking":false,"_monsterinsights_sitenote_active":false,"_monsterinsights_sitenote_note":"","_monsterinsights_sitenote_category":0,"footnotes":""},"categories":[4,9],"tags":[],"class_list":["post-11803","post","type-post","status-publish","format-standard","has-post-thumbnail","hentry","category-cidade","category-turismo"],"_links":{"self":[{"href":"https:\/\/acontecenafronteira.com.br\/index.php\/wp-json\/wp\/v2\/posts\/11803","targetHints":{"allow":["GET"]}}],"collection":[{"href":"https:\/\/acontecenafronteira.com.br\/index.php\/wp-json\/wp\/v2\/posts"}],"about":[{"href":"https:\/\/acontecenafronteira.com.br\/index.php\/wp-json\/wp\/v2\/types\/post"}],"author":[{"embeddable":true,"href":"https:\/\/acontecenafronteira.com.br\/index.php\/wp-json\/wp\/v2\/users\/2"}],"replies":[{"embeddable":true,"href":"https:\/\/acontecenafronteira.com.br\/index.php\/wp-json\/wp\/v2\/comments?post=11803"}],"version-history":[{"count":1,"href":"https:\/\/acontecenafronteira.com.br\/index.php\/wp-json\/wp\/v2\/posts\/11803\/revisions"}],"predecessor-version":[{"id":11806,"href":"https:\/\/acontecenafronteira.com.br\/index.php\/wp-json\/wp\/v2\/posts\/11803\/revisions\/11806"}],"wp:featuredmedia":[{"embeddable":true,"href":"https:\/\/acontecenafronteira.com.br\/index.php\/wp-json\/wp\/v2\/media\/11805"}],"wp:attachment":[{"href":"https:\/\/acontecenafronteira.com.br\/index.php\/wp-json\/wp\/v2\/media?parent=11803"}],"wp:term":[{"taxonomy":"category","embeddable":true,"href":"https:\/\/acontecenafronteira.com.br\/index.php\/wp-json\/wp\/v2\/categories?post=11803"},{"taxonomy":"post_tag","embeddable":true,"href":"https:\/\/acontecenafronteira.com.br\/index.php\/wp-json\/wp\/v2\/tags?post=11803"}],"curies":[{"name":"wp","href":"https:\/\/api.w.org\/{rel}","templated":true}]}}