{"id":11702,"date":"2022-07-29T12:22:42","date_gmt":"2022-07-29T15:22:42","guid":{"rendered":"https:\/\/acontecenafronteira.com.br\/?p=11702"},"modified":"2022-07-29T12:22:42","modified_gmt":"2022-07-29T15:22:42","slug":"hospital-municipal-padre-germano-lauck-realiza-a-10a-captacao-de-orgaos-de-2022","status":"publish","type":"post","link":"https:\/\/acontecenafronteira.com.br\/index.php\/2022\/07\/29\/hospital-municipal-padre-germano-lauck-realiza-a-10a-captacao-de-orgaos-de-2022\/","title":{"rendered":"Hospital Municipal Padre Germano Lauck realiza a 10\u00aa capta\u00e7\u00e3o de \u00f3rg\u00e3os de 2022"},"content":{"rendered":"\n<p>O paciente manifestou em vida \u00e0 fam\u00edlia, o desejo de ser doador de \u00f3rg\u00e3os<\/p>\n\n\n\n<p>A madrugada de quinta-feira (28) foi marcada pela 10\u00aa capta\u00e7\u00e3o de \u00f3rg\u00e3os feita em 2022 no Hospital Municipal Padre Germano Lauck (HMPGL), administrado pela Funda\u00e7\u00e3o Municipal de Sa\u00fade de Foz do Igua\u00e7u.<br><br>O procedimento foi realizado no Centro Cir\u00fargico da unidade hospitalar, com o consentimento da fam\u00edlia a partir do desejo manifestado em vida pelo paciente, um homem de 52 anos v\u00edtima de um Acidente Vascular Cerebral Hemorr\u00e1gico.&nbsp;<br><br>A morte encef\u00e1lica foi confirmada por meio de exames que seguiram rigorosamente todos os itens descritos em protocolo espec\u00edfico. O procedimento foi coordenado pela Comiss\u00e3o Intra-Hospitalar de Doa\u00e7\u00e3o de \u00d3rg\u00e3os e Tecidos para Transplantes (CIHDOTT) do Hospital Municipal em parceria com a equipe do Hospital do C\u00e2ncer de Cascavel \u2013 Uopeccan. Foram captados f\u00edgado e c\u00f3rneas.<br><br>\u201cEm meio a tristeza e a dor da despedida, a fam\u00edlia teve esse gesto de empatia e amor, que se transformou em esperan\u00e7a para outras vidas\u201d, destacou a secret\u00e1ria da CIHDOTT, a enfermeira Daiane Sosa.<br><br>Segundo a psic\u00f3loga da comiss\u00e3o, Carla Fab\u00edola Carvalho, o \u201csim \u00e0 doa\u00e7\u00e3o de \u00f3rg\u00e3os auxilia a fam\u00edlia enlutada na elabora\u00e7\u00e3o do seu luto, de modo que garante a continuidade da vida e a possibilidade de trazer novas alegrias e sorrisos para uma fam\u00edlia que j\u00e1 n\u00e3o tem esperan\u00e7a\u201d.<br><br><strong>Capta\u00e7\u00f5es<br><br><\/strong>Em 2021, o Hospital Municipal Padre Germano Lauck realizou 12 capta\u00e7\u00f5es de m\u00faltiplos \u00f3rg\u00e3os, que beneficiaram, e at\u00e9 mesmo garantiram, a vida de pessoas que est\u00e3o na fila \u00e0 espera de um transplante. Em 2020, foram realizadas 20 capta\u00e7\u00f5es.<br><br>Segundo o Sistema Estadual de Transplantes do Estado do Paran\u00e1 (SET\/PR),a lista de espera para o transplante de c\u00f3rneas conta com mais de 900 pacientes. Por causa da pandemia, a quantidade foi reduzida, chegando em 2020 a uma queda de capta\u00e7\u00f5es de 75,2%.<br><br>Atualmente, a maioria de pacientes em fila de transplante aguarda por um rim. Em maio de 2022, segundo a SET\/PR, 1.314 pessoas estavam na lista de espera.<br><br>No Brasil, de acordo com os \u00faltimos dados da Associa\u00e7\u00e3o Brasileira de Transplante de \u00d3rg\u00e3os (ABTO), a recusa para a doa\u00e7\u00e3o de \u00f3rg\u00e3os foi de 42% em 2021.<br><br>O Brasil possui hoje 56.847 pacientes aguardando transplantes. A maioria (32.481) tamb\u00e9m aguarda pela doa\u00e7\u00e3o de um rim. Esses dados foram divulgados em junho de 2022 pelo Minist\u00e9rio da Sa\u00fade.<br><br>Comparadas com o ano passado, houve diminui\u00e7\u00e3o nas taxas de doadores devido ao aumento de 9,5% da taxa de recusa familiar. De acordo com ABTO 46% dos familiares entrevistados se posicionaram contr\u00e1rios \u00e0 doa\u00e7\u00e3o.<\/p>\n\n\n\n<p>Os estados brasileiros que lideram a capta\u00e7\u00e3o de \u00f3rg\u00e3os s\u00e3o o de Santa Catarina e Paran\u00e1.<br><br><strong>Para ser um doador<br><br><\/strong>No Brasil, para ser doador n\u00e3o \u00e9 preciso deixar nada por escrito, e sim comunicar o desejo \u00e0 fam\u00edlia pois somente os familiares podem autorizar a doa\u00e7\u00e3o. N\u00e3o h\u00e1 documentos em vida que permitam a capta\u00e7\u00e3o de \u00f3rg\u00e3os sem autoriza\u00e7\u00e3o dos familiares em caso de morte encef\u00e1lica.<br><br>H\u00e1 dois tipos de doador &#8211; o primeiro \u00e9 o doador vivo. Pode ser qualquer pessoa que concorde com a doa\u00e7\u00e3o, desde que n\u00e3o prejudique a sua pr\u00f3pria sa\u00fade. O doador vivo pode doar um dos rins, parte do f\u00edgado, parte da medula \u00f3ssea ou parte do pulm\u00e3o. Pela lei, parentes at\u00e9 o quarto grau e c\u00f4njuges podem ser doadores. N\u00e3o parentes, s\u00f3 com autoriza\u00e7\u00e3o judicial. Pessoas menores de 21 anos precisam de autoriza\u00e7\u00e3o dos respons\u00e1veis.<br><br>O segundo tipo \u00e9 o doador falecido. S\u00e3o pacientes com morte encef\u00e1lica, geralmente v\u00edtimas de cat\u00e1strofes cerebrais, como traumatismo craniano ou AVC (derrame cerebral).<\/p>\n","protected":false},"excerpt":{"rendered":"<p>O paciente manifestou em vida \u00e0 fam\u00edlia, o desejo de ser doador de \u00f3rg\u00e3os A madrugada de quinta-feira (28) foi marcada pela 10\u00aa capta\u00e7\u00e3o de \u00f3rg\u00e3os feita em 2022 no Hospital Municipal Padre Germano Lauck (HMPGL), administrado pela Funda\u00e7\u00e3o Municipal de Sa\u00fade de Foz do Igua\u00e7u. O procedimento foi realizado no Centro Cir\u00fargico da unidade [&hellip;]<\/p>\n","protected":false},"author":2,"featured_media":11704,"comment_status":"open","ping_status":"open","sticky":false,"template":"","format":"standard","meta":{"om_disable_all_campaigns":false,"_monsterinsights_skip_tracking":false,"_monsterinsights_sitenote_active":false,"_monsterinsights_sitenote_note":"","_monsterinsights_sitenote_category":0,"footnotes":""},"categories":[4],"tags":[],"class_list":["post-11702","post","type-post","status-publish","format-standard","has-post-thumbnail","hentry","category-cidade"],"_links":{"self":[{"href":"https:\/\/acontecenafronteira.com.br\/index.php\/wp-json\/wp\/v2\/posts\/11702","targetHints":{"allow":["GET"]}}],"collection":[{"href":"https:\/\/acontecenafronteira.com.br\/index.php\/wp-json\/wp\/v2\/posts"}],"about":[{"href":"https:\/\/acontecenafronteira.com.br\/index.php\/wp-json\/wp\/v2\/types\/post"}],"author":[{"embeddable":true,"href":"https:\/\/acontecenafronteira.com.br\/index.php\/wp-json\/wp\/v2\/users\/2"}],"replies":[{"embeddable":true,"href":"https:\/\/acontecenafronteira.com.br\/index.php\/wp-json\/wp\/v2\/comments?post=11702"}],"version-history":[{"count":1,"href":"https:\/\/acontecenafronteira.com.br\/index.php\/wp-json\/wp\/v2\/posts\/11702\/revisions"}],"predecessor-version":[{"id":11705,"href":"https:\/\/acontecenafronteira.com.br\/index.php\/wp-json\/wp\/v2\/posts\/11702\/revisions\/11705"}],"wp:featuredmedia":[{"embeddable":true,"href":"https:\/\/acontecenafronteira.com.br\/index.php\/wp-json\/wp\/v2\/media\/11704"}],"wp:attachment":[{"href":"https:\/\/acontecenafronteira.com.br\/index.php\/wp-json\/wp\/v2\/media?parent=11702"}],"wp:term":[{"taxonomy":"category","embeddable":true,"href":"https:\/\/acontecenafronteira.com.br\/index.php\/wp-json\/wp\/v2\/categories?post=11702"},{"taxonomy":"post_tag","embeddable":true,"href":"https:\/\/acontecenafronteira.com.br\/index.php\/wp-json\/wp\/v2\/tags?post=11702"}],"curies":[{"name":"wp","href":"https:\/\/api.w.org\/{rel}","templated":true}]}}