{"id":11537,"date":"2022-07-26T11:10:16","date_gmt":"2022-07-26T14:10:16","guid":{"rendered":"https:\/\/acontecenafronteira.com.br\/?p=11537"},"modified":"2022-07-26T11:10:29","modified_gmt":"2022-07-26T14:10:29","slug":"radialista-valeria-bellafronte-morre-apos-oito-dias-na-uti","status":"publish","type":"post","link":"https:\/\/acontecenafronteira.com.br\/index.php\/2022\/07\/26\/radialista-valeria-bellafronte-morre-apos-oito-dias-na-uti\/","title":{"rendered":"Radialista Val\u00e9ria Bellafronte morre ap\u00f3s oito dias na UTI"},"content":{"rendered":"\n<p>Jornalista foi v\u00edtima de grave acidente de tr\u00e2nsito dia 17 de julho.<\/p>\n\n\n\n<p>Morreu a jornalista Val\u00e9ria Bellafronte, aos 41 anos, nesta segunda-feira (25). Ela ficou internada na UTI (Unidade de Terapia Intensiva) durante oito dias.&nbsp;Hoje por volta das 16h35 ela sofreu uma parada card\u00edaca e n\u00e3o resistiu.<\/p>\n\n\n\n<p>A voz e simpatia inigual\u00e1vel marcou diversos ouvintes das r\u00e1dios que trabalhou, ela se destacou principalmente em Cascavel, nos \u00faltimos tempos deixou o microfone para se comunicar pela tela do celular. A nova vers\u00e3o profissional se tratava de Val\u00e9ria digital influencer conciliando como reprogramadora biol\u00f3gica. Uma das \u00faltimas mensagens marcantes gravadas no r\u00e1dio Val\u00e9ria se emociona ao comentar sobre as rela\u00e7\u00f5es familiares.<\/p>\n\n\n\n<p>Ela divulgava produtos e trabalhos principalmente pelo Instagram, onde os mais de 20 mil f\u00e3s podiam acompanhar um pouco da rotina. Inclusive no dia do acidente mostrou momento que abastecia o carro.<\/p>\n\n\n\n<p>Ao longo da carreira passou por v\u00e1rios ve\u00edculos de imprensa, e a CATVE n\u00e3o ficou de fora, aqui teve experi\u00eancias na televis\u00e3o.<\/p>\n\n\n\n<p>Na UTI m\u00e9dicos trataram a perfura\u00e7\u00e3o de um pulm\u00e3o, traumatismo craniano, al\u00e9m de outros traumas nas pernas e bra\u00e7os. Na ter\u00e7a-feira (19) equipe m\u00e9dica come\u00e7ou a tirar os sedativos para ver a rea\u00e7\u00e3o, mas infelizmente ela n\u00e3o reagiu.<\/p>\n\n\n\n<p>A radialista foi v\u00edtima de um grave acidente no dia 17 de julho, no km 477 da BR 277, regi\u00e3o de Nova Laranjeiras. Com ela no Kwid estavam tr\u00eas pessoas<\/p>\n\n\n\n<p>Aos familiares e amigos a CATVE manifesta as mais sinceras condol\u00eancias. Val\u00e9ria deixa um filho de 11 anos.<\/p>\n\n\n\n<p>Fonte: Catve<\/p>\n","protected":false},"excerpt":{"rendered":"<p>Jornalista foi v\u00edtima de grave acidente de tr\u00e2nsito dia 17 de julho. Morreu a jornalista Val\u00e9ria Bellafronte, aos 41 anos, nesta segunda-feira (25). Ela ficou internada na UTI (Unidade de Terapia Intensiva) durante oito dias.&nbsp;Hoje por volta das 16h35 ela sofreu uma parada card\u00edaca e n\u00e3o resistiu. A voz e simpatia inigual\u00e1vel marcou diversos ouvintes [&hellip;]<\/p>\n","protected":false},"author":2,"featured_media":11546,"comment_status":"open","ping_status":"open","sticky":false,"template":"","format":"standard","meta":{"om_disable_all_campaigns":false,"_monsterinsights_skip_tracking":false,"_monsterinsights_sitenote_active":false,"_monsterinsights_sitenote_note":"","_monsterinsights_sitenote_category":0,"footnotes":""},"categories":[16],"tags":[],"class_list":["post-11537","post","type-post","status-publish","format-standard","has-post-thumbnail","hentry","category-acidente"],"_links":{"self":[{"href":"https:\/\/acontecenafronteira.com.br\/index.php\/wp-json\/wp\/v2\/posts\/11537","targetHints":{"allow":["GET"]}}],"collection":[{"href":"https:\/\/acontecenafronteira.com.br\/index.php\/wp-json\/wp\/v2\/posts"}],"about":[{"href":"https:\/\/acontecenafronteira.com.br\/index.php\/wp-json\/wp\/v2\/types\/post"}],"author":[{"embeddable":true,"href":"https:\/\/acontecenafronteira.com.br\/index.php\/wp-json\/wp\/v2\/users\/2"}],"replies":[{"embeddable":true,"href":"https:\/\/acontecenafronteira.com.br\/index.php\/wp-json\/wp\/v2\/comments?post=11537"}],"version-history":[{"count":2,"href":"https:\/\/acontecenafronteira.com.br\/index.php\/wp-json\/wp\/v2\/posts\/11537\/revisions"}],"predecessor-version":[{"id":11548,"href":"https:\/\/acontecenafronteira.com.br\/index.php\/wp-json\/wp\/v2\/posts\/11537\/revisions\/11548"}],"wp:featuredmedia":[{"embeddable":true,"href":"https:\/\/acontecenafronteira.com.br\/index.php\/wp-json\/wp\/v2\/media\/11546"}],"wp:attachment":[{"href":"https:\/\/acontecenafronteira.com.br\/index.php\/wp-json\/wp\/v2\/media?parent=11537"}],"wp:term":[{"taxonomy":"category","embeddable":true,"href":"https:\/\/acontecenafronteira.com.br\/index.php\/wp-json\/wp\/v2\/categories?post=11537"},{"taxonomy":"post_tag","embeddable":true,"href":"https:\/\/acontecenafronteira.com.br\/index.php\/wp-json\/wp\/v2\/tags?post=11537"}],"curies":[{"name":"wp","href":"https:\/\/api.w.org\/{rel}","templated":true}]}}