{"id":11532,"date":"2022-07-25T17:33:31","date_gmt":"2022-07-25T20:33:31","guid":{"rendered":"https:\/\/acontecenafronteira.com.br\/?p=11532"},"modified":"2022-07-25T17:33:32","modified_gmt":"2022-07-25T20:33:32","slug":"secretaria-de-saude-oferece-aulas-de-pilates-para-moradores-do-parque-ouro-verde","status":"publish","type":"post","link":"https:\/\/acontecenafronteira.com.br\/index.php\/2022\/07\/25\/secretaria-de-saude-oferece-aulas-de-pilates-para-moradores-do-parque-ouro-verde\/","title":{"rendered":"Secretaria de Sa\u00fade oferece aulas de pilates para moradores do Parque Ouro Verde"},"content":{"rendered":"\n<p>Atividades f\u00edsicas gratuitas s\u00e3o acompanhadas por fisioterapeutas na Associa\u00e7\u00e3o de Moradores do bairro<\/p>\n\n\n\n<p><em>Foto: Thiago Dutra\/PMFI.<br><br><\/em>A Secretaria de Sa\u00fade de Foz do Igua\u00e7u iniciou um grupo de pilates com os moradores do Parque Ouro Verde. As aulas s\u00e3o abertas para toda a comunidade e realizadas na Associa\u00e7\u00e3o de Moradores do bairro todas as segundas-feiras, das 9h \u00e0s 10h.<br><br>Conforme conta Rafaelly Vieira, fisioterapeuta do Munic\u00edpio, para participar n\u00e3o \u00e9 necess\u00e1rio encaminhamento m\u00e9dico, basta chegar ao local e come\u00e7ar a pr\u00e1tica. As aulas s\u00e3o ministradas por fisioterapeutas.<br><br>\u201cTemos visto muitas demandas de pacientes do Distrito Sul com dores na coluna e joelho, por exemplo. Ent\u00e3o, resolvemos iniciar esse trabalho que funciona como um tratamento e tamb\u00e9m como preven\u00e7\u00e3o de agravos. Cuidar de situa\u00e7\u00f5es como essa agora evita outros problemas no futuro\u201d, disse Rafaelly.<br><br>Para Maria Lima, o encontro com o grupo une duas atividades que ela gosta muito: os exerc\u00edcios f\u00edsicos e a conversa com as amigas. \u201cEu queria muito me distrair e colocar meu corpo em movimento, at\u00e9 porque todo mundo precisa disso. Eu moro sozinha, ent\u00e3o \u00e9 muito bom me encontrar com as minhas amigas para conversar e dar risadas. Nem vejo o tempo passar\u201d, disse.<br><br><strong>Grupos de gin\u00e1stica e exerc\u00edcios f\u00edsicos<br><br><\/strong>Al\u00e9m do pilates, a Secretaria Municipal de Sa\u00fade mant\u00e9m outros grupos fixos de atividades f\u00edsicas com a comunidade ao longo da semana em diversos locais da cidade.<br><br>Todas as segundas, quartas e sextas-feiras, os participantes se encontram na Associa\u00e7\u00e3o de Moradores do Profilurb 2, das 8h \u00e0s 9h. Todas as ter\u00e7as e quintas-feiras, ainda no Distrito Sul, os moradores se re\u00fanem para a caminhada comunit\u00e1ria, na Vila Carim\u00e3. Ter\u00e7as e quintas-feiras, os atendimentos s\u00e3o realizados na Vila C.<br><br>A Secretaria de Esporte e Lazer tamb\u00e9m oferece gin\u00e1stica comunit\u00e1ria gratuita em todas as regi\u00f5es de Foz, sempre ministradas por educadores f\u00edsicos. Para conferir os hor\u00e1rios e locais, confira:\u00a0<a href=\"https:\/\/bit.ly\/3J7El43\">https:\/\/bit.ly\/3J7El43<\/a>.<\/p>\n\n\n\n<figure class=\"wp-block-image size-full is-style-default\"><img loading=\"lazy\" decoding=\"async\" width=\"800\" height=\"600\" src=\"https:\/\/acontecenafronteira.com.br\/wp-content\/uploads\/2022\/07\/WhatsApp-Image-2022-07-25-at-17.13.31.jpeg\" alt=\"\" class=\"wp-image-11535\" srcset=\"https:\/\/acontecenafronteira.com.br\/wp-content\/uploads\/2022\/07\/WhatsApp-Image-2022-07-25-at-17.13.31.jpeg 800w, https:\/\/acontecenafronteira.com.br\/wp-content\/uploads\/2022\/07\/WhatsApp-Image-2022-07-25-at-17.13.31-300x225.jpeg 300w, https:\/\/acontecenafronteira.com.br\/wp-content\/uploads\/2022\/07\/WhatsApp-Image-2022-07-25-at-17.13.31-768x576.jpeg 768w\" sizes=\"auto, (max-width: 800px) 100vw, 800px\" \/><\/figure>\n\n\n\n<p><\/p>\n","protected":false},"excerpt":{"rendered":"<p>Atividades f\u00edsicas gratuitas s\u00e3o acompanhadas por fisioterapeutas na Associa\u00e7\u00e3o de Moradores do bairro Foto: Thiago Dutra\/PMFI. A Secretaria de Sa\u00fade de Foz do Igua\u00e7u iniciou um grupo de pilates com os moradores do Parque Ouro Verde. As aulas s\u00e3o abertas para toda a comunidade e realizadas na Associa\u00e7\u00e3o de Moradores do bairro todas as segundas-feiras, [&hellip;]<\/p>\n","protected":false},"author":2,"featured_media":11534,"comment_status":"open","ping_status":"open","sticky":false,"template":"","format":"standard","meta":{"om_disable_all_campaigns":false,"_monsterinsights_skip_tracking":false,"_monsterinsights_sitenote_active":false,"_monsterinsights_sitenote_note":"","_monsterinsights_sitenote_category":0,"footnotes":""},"categories":[4,10],"tags":[],"class_list":["post-11532","post","type-post","status-publish","format-standard","has-post-thumbnail","hentry","category-cidade","category-saude"],"_links":{"self":[{"href":"https:\/\/acontecenafronteira.com.br\/index.php\/wp-json\/wp\/v2\/posts\/11532","targetHints":{"allow":["GET"]}}],"collection":[{"href":"https:\/\/acontecenafronteira.com.br\/index.php\/wp-json\/wp\/v2\/posts"}],"about":[{"href":"https:\/\/acontecenafronteira.com.br\/index.php\/wp-json\/wp\/v2\/types\/post"}],"author":[{"embeddable":true,"href":"https:\/\/acontecenafronteira.com.br\/index.php\/wp-json\/wp\/v2\/users\/2"}],"replies":[{"embeddable":true,"href":"https:\/\/acontecenafronteira.com.br\/index.php\/wp-json\/wp\/v2\/comments?post=11532"}],"version-history":[{"count":1,"href":"https:\/\/acontecenafronteira.com.br\/index.php\/wp-json\/wp\/v2\/posts\/11532\/revisions"}],"predecessor-version":[{"id":11536,"href":"https:\/\/acontecenafronteira.com.br\/index.php\/wp-json\/wp\/v2\/posts\/11532\/revisions\/11536"}],"wp:featuredmedia":[{"embeddable":true,"href":"https:\/\/acontecenafronteira.com.br\/index.php\/wp-json\/wp\/v2\/media\/11534"}],"wp:attachment":[{"href":"https:\/\/acontecenafronteira.com.br\/index.php\/wp-json\/wp\/v2\/media?parent=11532"}],"wp:term":[{"taxonomy":"category","embeddable":true,"href":"https:\/\/acontecenafronteira.com.br\/index.php\/wp-json\/wp\/v2\/categories?post=11532"},{"taxonomy":"post_tag","embeddable":true,"href":"https:\/\/acontecenafronteira.com.br\/index.php\/wp-json\/wp\/v2\/tags?post=11532"}],"curies":[{"name":"wp","href":"https:\/\/api.w.org\/{rel}","templated":true}]}}