{"id":11456,"date":"2022-07-22T09:59:26","date_gmt":"2022-07-22T12:59:26","guid":{"rendered":"https:\/\/acontecenafronteira.com.br\/?p=11456"},"modified":"2022-07-22T09:59:27","modified_gmt":"2022-07-22T12:59:27","slug":"sas-brasil-abre-inscricoes-de-voluntariado-em-foz-do-iguacu-para-a-expedicao-sertoes","status":"publish","type":"post","link":"https:\/\/acontecenafronteira.com.br\/index.php\/2022\/07\/22\/sas-brasil-abre-inscricoes-de-voluntariado-em-foz-do-iguacu-para-a-expedicao-sertoes\/","title":{"rendered":"SAS Brasil abre inscri\u00e7\u00f5es de voluntariado em Foz do Igua\u00e7u para a Expedi\u00e7\u00e3o Sert\u00f5es"},"content":{"rendered":"\n<p>A\u00e7\u00f5es de sa\u00fade ser\u00e3o realizadas durante a largada do Rally dos Sert\u00f5es em Foz do Igua\u00e7u, nos dias 24 e 25 de agosto<\/p>\n\n\n\n<p>A passagem do Rally dos Sert\u00f5es por Foz do Igua\u00e7u, no m\u00eas de agosto, ser\u00e1 marcada tamb\u00e9m pela solidariedade. A SAS Brasil, startup que ir\u00e1 realizar atendimentos sociais de sa\u00fade durante o evento, est\u00e1 com inscri\u00e7\u00f5es abertas para volunt\u00e1rios interessados em participar das a\u00e7\u00f5es.\u00a0<br><br>O cadastro \u00e9 aberto a estudantes ou profissionais de todas as \u00e1reas. Elas devem ser feitas pelo site: <a href=\"https:\/\/bit.ly\/3oj0tyP\">https:\/\/bit.ly\/3oj0tyP<\/a>. No ato da inscri\u00e7\u00e3o, o volunt\u00e1rio pode escolher em qual cidade deseja participar da a\u00e7\u00e3o.\u00a0<br><br>Em Foz do Igua\u00e7u, as a\u00e7\u00f5es ser\u00e3o realizadas nos dias 24 e 25 de agosto, na Vila Sert\u00f5es que ser\u00e1 montada no CTG Charrua, com foco em sa\u00fade da crian\u00e7a e atendimentos em oftalmopediatria, odontopediatria, nutri\u00e7\u00e3o e a\u00e7\u00f5es de diagn\u00f3stico, acompanhamento de pacientes com diabetes, entre outros atendimentos.<br><br>Os volunt\u00e1rios da Expedi\u00e7\u00e3o Sert\u00f5es tamb\u00e9m ir\u00e3o levar atendimentos para seis cidades que integram o percurso: Presidente Prudente (SP), Campo Grande (MS), Barra do Gar\u00e7as (MT), S\u00e3o F\u00e9lix do Araguaia (MT) e Salin\u00f3polis (PA). Ser\u00e3o mais de cinco mil quil\u00f4metros, do Paran\u00e1 ao Par\u00e1.<br><br><strong>Rally dos Sert\u00f5es<br><br><\/strong>Em 2022, a 30\u00aa edi\u00e7\u00e3o do Rally dos Sert\u00f5es vai homenagear e o bicenten\u00e1rio da independ\u00eancia do Brasil e as regi\u00f5es de cen\u00e1rios importantes\u00a0 do Brasil, como Foz com as Cataratas do Igua\u00e7u. A prova ser\u00e1 de 14 dias e passa por 14 cidades em oito estados. A chegada ser\u00e1 em Salin\u00f3polis (PA).<\/p>\n","protected":false},"excerpt":{"rendered":"<p>A\u00e7\u00f5es de sa\u00fade ser\u00e3o realizadas durante a largada do Rally dos Sert\u00f5es em Foz do Igua\u00e7u, nos dias 24 e 25 de agosto A passagem do Rally dos Sert\u00f5es por Foz do Igua\u00e7u, no m\u00eas de agosto, ser\u00e1 marcada tamb\u00e9m pela solidariedade. A SAS Brasil, startup que ir\u00e1 realizar atendimentos sociais de sa\u00fade durante o [&hellip;]<\/p>\n","protected":false},"author":2,"featured_media":11458,"comment_status":"open","ping_status":"open","sticky":false,"template":"","format":"standard","meta":{"om_disable_all_campaigns":false,"_monsterinsights_skip_tracking":false,"_monsterinsights_sitenote_active":false,"_monsterinsights_sitenote_note":"","_monsterinsights_sitenote_category":0,"footnotes":""},"categories":[4],"tags":[],"class_list":["post-11456","post","type-post","status-publish","format-standard","has-post-thumbnail","hentry","category-cidade"],"_links":{"self":[{"href":"https:\/\/acontecenafronteira.com.br\/index.php\/wp-json\/wp\/v2\/posts\/11456","targetHints":{"allow":["GET"]}}],"collection":[{"href":"https:\/\/acontecenafronteira.com.br\/index.php\/wp-json\/wp\/v2\/posts"}],"about":[{"href":"https:\/\/acontecenafronteira.com.br\/index.php\/wp-json\/wp\/v2\/types\/post"}],"author":[{"embeddable":true,"href":"https:\/\/acontecenafronteira.com.br\/index.php\/wp-json\/wp\/v2\/users\/2"}],"replies":[{"embeddable":true,"href":"https:\/\/acontecenafronteira.com.br\/index.php\/wp-json\/wp\/v2\/comments?post=11456"}],"version-history":[{"count":1,"href":"https:\/\/acontecenafronteira.com.br\/index.php\/wp-json\/wp\/v2\/posts\/11456\/revisions"}],"predecessor-version":[{"id":11459,"href":"https:\/\/acontecenafronteira.com.br\/index.php\/wp-json\/wp\/v2\/posts\/11456\/revisions\/11459"}],"wp:featuredmedia":[{"embeddable":true,"href":"https:\/\/acontecenafronteira.com.br\/index.php\/wp-json\/wp\/v2\/media\/11458"}],"wp:attachment":[{"href":"https:\/\/acontecenafronteira.com.br\/index.php\/wp-json\/wp\/v2\/media?parent=11456"}],"wp:term":[{"taxonomy":"category","embeddable":true,"href":"https:\/\/acontecenafronteira.com.br\/index.php\/wp-json\/wp\/v2\/categories?post=11456"},{"taxonomy":"post_tag","embeddable":true,"href":"https:\/\/acontecenafronteira.com.br\/index.php\/wp-json\/wp\/v2\/tags?post=11456"}],"curies":[{"name":"wp","href":"https:\/\/api.w.org\/{rel}","templated":true}]}}