{"id":11404,"date":"2022-07-21T10:08:55","date_gmt":"2022-07-21T13:08:55","guid":{"rendered":"https:\/\/acontecenafronteira.com.br\/?p=11404"},"modified":"2022-07-21T10:08:57","modified_gmt":"2022-07-21T13:08:57","slug":"santos-dumont-o-padrinho-do-parque-nacional-do-iguacu","status":"publish","type":"post","link":"https:\/\/acontecenafronteira.com.br\/index.php\/2022\/07\/21\/santos-dumont-o-padrinho-do-parque-nacional-do-iguacu\/","title":{"rendered":"Santos Dumont: o padrinho do Parque Nacional do Igua\u00e7u"},"content":{"rendered":"\n<p>H\u00e1 149 anos nascia Alberto Santos Dumont, o \u201cPai da Avia\u00e7\u00e3o\u201d. Pioneiro na arte de voar, o brasileiro tamb\u00e9m \u00e9 um dos padrinhos do Parque Nacional do Igua\u00e7u, Patrim\u00f4nio Mundial Natural. Ele, que ficou encantado com a Maravilha Mundial da Natureza, com sua influ\u00eancia, fez parte da hist\u00f3ria dessa unidade de conserva\u00e7\u00e3o.<\/p>\n\n\n\n<p>H\u00e1 mais de cem anos, as Cataratas do Igua\u00e7u recebiam a visita deste que \u00e9 um dos mais ilustres visitantes, Alberto Santos Dumont. Impressionado com o que tinha visto e inconformado por se tratar de uma propriedade privada, Dumont decidiu que deveria fazer algo. \u201cPosso dizer-lhe que esta maravilha n\u00e3o pode continuar a pertencer a um particular. Eu vou a Curitiba falar com o governador do estado do Paran\u00e1 para providenciar a desapropria\u00e7\u00e3o das Cataratas.\u201d<\/p>\n\n\n\n<p>Foram seis dias de viagem a cavalo at\u00e9 Guarapuava. De l\u00e1, seguiu de carro e de trem at\u00e9 a capital do estado. No dia 8 de maio de 1916, foi recebido por Afonso Camargo, a quem sugeriu a desapropria\u00e7\u00e3o da \u00e1rea e a cria\u00e7\u00e3o de um parque.<\/p>\n\n\n\n<p>Cerca de tr\u00eas meses depois, era assinado o Decreto 653, de 28 de julho de 1916, que desapropriava os 1.008 hectares de Jesus Val, o uruguaio ent\u00e3o propriet\u00e1rio da \u00e1rea, para a cria\u00e7\u00e3o de um parque.<\/p>\n\n\n\n<p>Reconhecimento \u2013 Santos Dumont possui uma pra\u00e7a no Parque Nacional do Igua\u00e7u, com uma est\u00e1tua de bronze dele, em tamanho real, localizada no final da Trilha das Cataratas. Anualmente a unidade de conserva\u00e7\u00e3o realiza a Cavalgada de Santos Dumont, com passagem por trechos percorridos pelo aviador na regi\u00e3o.<\/p>\n\n\n\n<figure class=\"wp-block-gallery has-nested-images columns-default is-cropped wp-block-gallery-1 is-layout-flex wp-block-gallery-is-layout-flex\">\n<figure class=\"wp-block-image size-large is-style-default\"><img loading=\"lazy\" decoding=\"async\" width=\"700\" height=\"522\" data-id=\"11405\" src=\"https:\/\/acontecenafronteira.com.br\/wp-content\/uploads\/2022\/07\/WhatsApp-Image-2022-07-20-at-14.32.24.jpeg\" alt=\"\" class=\"wp-image-11405\" srcset=\"https:\/\/acontecenafronteira.com.br\/wp-content\/uploads\/2022\/07\/WhatsApp-Image-2022-07-20-at-14.32.24.jpeg 700w, https:\/\/acontecenafronteira.com.br\/wp-content\/uploads\/2022\/07\/WhatsApp-Image-2022-07-20-at-14.32.24-300x224.jpeg 300w\" sizes=\"auto, (max-width: 700px) 100vw, 700px\" \/><\/figure>\n\n\n\n<figure class=\"wp-block-image size-large is-style-default\"><img loading=\"lazy\" decoding=\"async\" width=\"718\" height=\"539\" data-id=\"11406\" src=\"https:\/\/acontecenafronteira.com.br\/wp-content\/uploads\/2022\/07\/WhatsApp-Image-2022-07-20-at-14.32.23-1.jpeg\" alt=\"\" class=\"wp-image-11406\" srcset=\"https:\/\/acontecenafronteira.com.br\/wp-content\/uploads\/2022\/07\/WhatsApp-Image-2022-07-20-at-14.32.23-1.jpeg 718w, https:\/\/acontecenafronteira.com.br\/wp-content\/uploads\/2022\/07\/WhatsApp-Image-2022-07-20-at-14.32.23-1-300x225.jpeg 300w\" sizes=\"auto, (max-width: 718px) 100vw, 718px\" \/><\/figure>\n\n\n\n<figure class=\"wp-block-image size-large is-style-default\"><img loading=\"lazy\" decoding=\"async\" width=\"1024\" height=\"682\" data-id=\"11407\" src=\"https:\/\/acontecenafronteira.com.br\/wp-content\/uploads\/2022\/07\/WhatsApp-Image-2022-07-20-at-14.32.23-2-1024x682.jpeg\" alt=\"\" class=\"wp-image-11407\" srcset=\"https:\/\/acontecenafronteira.com.br\/wp-content\/uploads\/2022\/07\/WhatsApp-Image-2022-07-20-at-14.32.23-2-1024x682.jpeg 1024w, https:\/\/acontecenafronteira.com.br\/wp-content\/uploads\/2022\/07\/WhatsApp-Image-2022-07-20-at-14.32.23-2-300x200.jpeg 300w, https:\/\/acontecenafronteira.com.br\/wp-content\/uploads\/2022\/07\/WhatsApp-Image-2022-07-20-at-14.32.23-2-768x512.jpeg 768w, https:\/\/acontecenafronteira.com.br\/wp-content\/uploads\/2022\/07\/WhatsApp-Image-2022-07-20-at-14.32.23-2.jpeg 1280w\" sizes=\"auto, (max-width: 1024px) 100vw, 1024px\" \/><\/figure>\n\n\n\n<figure class=\"wp-block-image size-large is-style-default\"><img loading=\"lazy\" decoding=\"async\" width=\"620\" height=\"465\" data-id=\"11408\" src=\"https:\/\/acontecenafronteira.com.br\/wp-content\/uploads\/2022\/07\/WhatsApp-Image-2022-07-20-at-14.32.23.jpeg\" alt=\"\" class=\"wp-image-11408\" srcset=\"https:\/\/acontecenafronteira.com.br\/wp-content\/uploads\/2022\/07\/WhatsApp-Image-2022-07-20-at-14.32.23.jpeg 620w, https:\/\/acontecenafronteira.com.br\/wp-content\/uploads\/2022\/07\/WhatsApp-Image-2022-07-20-at-14.32.23-300x225.jpeg 300w\" sizes=\"auto, (max-width: 620px) 100vw, 620px\" \/><\/figure>\n\n\n\n<figure class=\"wp-block-image size-large is-style-default\"><img loading=\"lazy\" decoding=\"async\" width=\"1024\" height=\"682\" data-id=\"11410\" src=\"https:\/\/acontecenafronteira.com.br\/wp-content\/uploads\/2022\/07\/WhatsApp-Image-2022-07-20-at-14.32.22-1-1024x682.jpeg\" alt=\"\" class=\"wp-image-11410\" srcset=\"https:\/\/acontecenafronteira.com.br\/wp-content\/uploads\/2022\/07\/WhatsApp-Image-2022-07-20-at-14.32.22-1-1024x682.jpeg 1024w, https:\/\/acontecenafronteira.com.br\/wp-content\/uploads\/2022\/07\/WhatsApp-Image-2022-07-20-at-14.32.22-1-300x200.jpeg 300w, https:\/\/acontecenafronteira.com.br\/wp-content\/uploads\/2022\/07\/WhatsApp-Image-2022-07-20-at-14.32.22-1-768x512.jpeg 768w, https:\/\/acontecenafronteira.com.br\/wp-content\/uploads\/2022\/07\/WhatsApp-Image-2022-07-20-at-14.32.22-1.jpeg 1280w\" sizes=\"auto, (max-width: 1024px) 100vw, 1024px\" \/><\/figure>\n\n\n\n<figure class=\"wp-block-image size-large is-style-default\"><img loading=\"lazy\" decoding=\"async\" width=\"864\" height=\"562\" data-id=\"11409\" src=\"https:\/\/acontecenafronteira.com.br\/wp-content\/uploads\/2022\/07\/WhatsApp-Image-2022-07-20-at-14.32.22.jpeg\" alt=\"\" class=\"wp-image-11409\" srcset=\"https:\/\/acontecenafronteira.com.br\/wp-content\/uploads\/2022\/07\/WhatsApp-Image-2022-07-20-at-14.32.22.jpeg 864w, https:\/\/acontecenafronteira.com.br\/wp-content\/uploads\/2022\/07\/WhatsApp-Image-2022-07-20-at-14.32.22-300x195.jpeg 300w, https:\/\/acontecenafronteira.com.br\/wp-content\/uploads\/2022\/07\/WhatsApp-Image-2022-07-20-at-14.32.22-768x500.jpeg 768w\" sizes=\"auto, (max-width: 864px) 100vw, 864px\" \/><\/figure>\n<\/figure>\n\n\n\n<p>Quer saber mais curiosidades do parque? Assine o canal das Cataratas no Telegram: <a href=\"https:\/\/t.me\/cataratasdoiguacu.\">https:\/\/t.me\/cataratasdoiguacu.<\/a><\/p>\n\n\n\n<p><strong>Ingressos:<br><\/strong>Passe Comunidade (exclusivo para morador das 14 cidades vizinhas ao parque)<br><a href=\"https:\/\/cataratasdoiguacu.com.br\/passe-comunidade\/\">https:\/\/cataratasdoiguacu.com.br\/passe-comunidade\/<\/a><\/p>\n\n\n\n<p><strong>P\u00fablico geral<br><\/strong><a href=\"https:\/\/cataratasdoiguacu.com.br\/ingressos\/\">https:\/\/cataratasdoiguacu.com.br\/ingressos\/<\/a><\/p>\n\n\n\n<p><strong>Cr\u00e9ditos fotografia:<br><\/strong>Acervo Parque Nacional do Igua\u00e7u<br>Crian\u00e7as: Francine Agnoletto<\/p>\n\n\n\n<p><strong>Servi\u00e7o:<br><\/strong>Parque Nacional do Igua\u00e7u<br>Funcionamento: todos os dias<br>At\u00e9 dia 24 de julho: das 8h \u00e0s 16h<br>25 a 31 de julho: das 9h \u00e0s 16h<\/p>\n\n\n\n<p><strong>Mais informa\u00e7\u00f5es:<br><\/strong><a href=\"http:\/\/www.cataratasdoiguacu.com.br\">www.cataratasdoiguacu.com.br<br><\/a>contato@catarataspni.com.br<br>Telefone: +55 (45) 3521-4400<\/p>\n\n\n\n<p><strong>Canais nas redes sociais<br><\/strong>WhatsApp: +55 (45) 99137-3444<br>Facebook: @CataratasDoIguacu<br>Instagram: @CataratasdoIguacu<br>Twitter: @CataratasBrasil<\/p>\n","protected":false},"excerpt":{"rendered":"<p>H\u00e1 149 anos nascia Alberto Santos Dumont, o \u201cPai da Avia\u00e7\u00e3o\u201d. Pioneiro na arte de voar, o brasileiro tamb\u00e9m \u00e9 um dos padrinhos do Parque Nacional do Igua\u00e7u, Patrim\u00f4nio Mundial Natural. Ele, que ficou encantado com a Maravilha Mundial da Natureza, com sua influ\u00eancia, fez parte da hist\u00f3ria dessa unidade de conserva\u00e7\u00e3o. H\u00e1 mais de [&hellip;]<\/p>\n","protected":false},"author":2,"featured_media":11411,"comment_status":"open","ping_status":"open","sticky":false,"template":"","format":"standard","meta":{"om_disable_all_campaigns":false,"_monsterinsights_skip_tracking":false,"_monsterinsights_sitenote_active":false,"_monsterinsights_sitenote_note":"","_monsterinsights_sitenote_category":0,"footnotes":""},"categories":[4,9],"tags":[],"class_list":["post-11404","post","type-post","status-publish","format-standard","has-post-thumbnail","hentry","category-cidade","category-turismo"],"_links":{"self":[{"href":"https:\/\/acontecenafronteira.com.br\/index.php\/wp-json\/wp\/v2\/posts\/11404","targetHints":{"allow":["GET"]}}],"collection":[{"href":"https:\/\/acontecenafronteira.com.br\/index.php\/wp-json\/wp\/v2\/posts"}],"about":[{"href":"https:\/\/acontecenafronteira.com.br\/index.php\/wp-json\/wp\/v2\/types\/post"}],"author":[{"embeddable":true,"href":"https:\/\/acontecenafronteira.com.br\/index.php\/wp-json\/wp\/v2\/users\/2"}],"replies":[{"embeddable":true,"href":"https:\/\/acontecenafronteira.com.br\/index.php\/wp-json\/wp\/v2\/comments?post=11404"}],"version-history":[{"count":1,"href":"https:\/\/acontecenafronteira.com.br\/index.php\/wp-json\/wp\/v2\/posts\/11404\/revisions"}],"predecessor-version":[{"id":11412,"href":"https:\/\/acontecenafronteira.com.br\/index.php\/wp-json\/wp\/v2\/posts\/11404\/revisions\/11412"}],"wp:featuredmedia":[{"embeddable":true,"href":"https:\/\/acontecenafronteira.com.br\/index.php\/wp-json\/wp\/v2\/media\/11411"}],"wp:attachment":[{"href":"https:\/\/acontecenafronteira.com.br\/index.php\/wp-json\/wp\/v2\/media?parent=11404"}],"wp:term":[{"taxonomy":"category","embeddable":true,"href":"https:\/\/acontecenafronteira.com.br\/index.php\/wp-json\/wp\/v2\/categories?post=11404"},{"taxonomy":"post_tag","embeddable":true,"href":"https:\/\/acontecenafronteira.com.br\/index.php\/wp-json\/wp\/v2\/tags?post=11404"}],"curies":[{"name":"wp","href":"https:\/\/api.w.org\/{rel}","templated":true}]}}