{"id":11311,"date":"2022-07-19T15:47:54","date_gmt":"2022-07-19T18:47:54","guid":{"rendered":"https:\/\/acontecenafronteira.com.br\/?p=11311"},"modified":"2022-07-19T15:47:55","modified_gmt":"2022-07-19T18:47:55","slug":"servidores-iniciam-diagnostico-situacional-dos-orgaos-publicos-alinhados-aos-objetivos-do-desenvolvimento-sustentavel","status":"publish","type":"post","link":"https:\/\/acontecenafronteira.com.br\/index.php\/2022\/07\/19\/servidores-iniciam-diagnostico-situacional-dos-orgaos-publicos-alinhados-aos-objetivos-do-desenvolvimento-sustentavel\/","title":{"rendered":"Servidores iniciam diagn\u00f3stico situacional dos \u00f3rg\u00e3os p\u00fablicos alinhados aos Objetivos do Desenvolvimento Sustent\u00e1vel"},"content":{"rendered":"\n<p>Equipe vai condensar as iniciativas da administra\u00e7\u00e3o p\u00fablica e cadastrar os indicadores na plataforma do Programa Cidades Sustent\u00e1veis<\/p>\n\n\n\n<p><em>Foto: Thiago Dutra\/PMFI.<\/em><br><br>Foz do Igua\u00e7u est\u00e1 cada vez mais alinhada aos 17 Objetivos de Desenvolvimento Sustent\u00e1vel (ODS), estabelecidos pela Organiza\u00e7\u00e3o das Na\u00e7\u00f5es Unidas (ONU). S\u00e3o a\u00e7\u00f5es em diferentes \u00e1reas que t\u00eam contribu\u00eddo com a qualidade de vida da popula\u00e7\u00e3o e precisam estar inseridas em uma plataforma global que avalia os \u00edndices das cidades sustent\u00e1veis.<br><br>Para melhorar estes indicadores e dar maior visibilidade \u00e0s a\u00e7\u00f5es do munic\u00edpio, um grupo de trabalho foi criado para realizar um diagn\u00f3stico situacional dos \u00f3rg\u00e3os p\u00fablicos e alimentar este banco de dados. O trabalho ser\u00e1 feito com o apoio de servidores (indicados como pontos focais) de cada secretaria, autarquia e funda\u00e7\u00e3o.<br><br>O primeiro encontro de capacita\u00e7\u00e3o desta equipe aconteceu nesta ter\u00e7a-feira (19) no CEAI (Centro de Educa\u00e7\u00e3o Ambiental de Foz do Igua\u00e7u) e contou com a presen\u00e7a do prefeito Chico Brasileiro, que ressaltou a import\u00e2ncia do trabalho.<br><br>\u201cDesde 2017 desenvolvemos a\u00e7\u00f5es que contribuem para a melhoria da qualidade de vida da popula\u00e7\u00e3o. S\u00e3o novas \u00e1reas de lazer, moradias, centros de educa\u00e7\u00e3o infantil, coleta seletiva, uma s\u00e9rie de indicadores que ajudaram a reduzir as desigualdades\u201d, comentou o prefeito. \u201cHoje as cidades s\u00e3o avaliadas por seus indicadores, por isso \u00e9 fundamental que tenhamos um banco de dados atualizado. \u00c9 um instrumento de gest\u00e3o indispens\u00e1vel e nosso compromisso \u00e9 ter uma cidade cada vez mais sustent\u00e1vel\u201d, reiterou.<br><br><strong>\u00cdndices<br><br><\/strong>Conforme explica a representante do munic\u00edpio no Programa Cidades Sustent\u00e1veis, Roseli Barquez, com a atualiza\u00e7\u00e3o das informa\u00e7\u00f5es ser\u00e1 poss\u00edvel dar um salto na classifica\u00e7\u00e3o geral. \u201cFoz do Igua\u00e7u est\u00e1 dentro da m\u00e9dia nacional do \u00cdndice de Desenvolvimento Sustent\u00e1vel, com uma pontua\u00e7\u00e3o de 56,3, acima de capitais como Porto Alegre, Salvador e Recife, mas poderemos melhorar essa classifica\u00e7\u00e3o com a atualiza\u00e7\u00e3o de todos os dados, em diferentes \u00e1reas\u201d, disse.<br><br>O secret\u00e1rio de Transpar\u00eancia e Governan\u00e7a, Leandro Ricardino Correa explica que o trabalho seguir\u00e1 com outros tr\u00eas encontros para a elabora\u00e7\u00e3o da planilha, levantamento dos indicadores e demais dados para a elabora\u00e7\u00e3o do Banco de Boas Pr\u00e1ticas Municipal.<br><br>\u201cEsses servidores \u2013 pontos focais \u2013 ser\u00e3o respons\u00e1veis pelo diagn\u00f3stico situacional do munic\u00edpio, um processo muito importante que precisa ser retomado. Nosso grupo de trabalho ser\u00e1 \u00e0 base de sustenta\u00e7\u00e3o deste trabalho, orientando e capacitando os servidores\u201d, explicou.<br><br>Os Objetivos de Desenvolvimento Sustent\u00e1vel s\u00e3o um apelo global que visam a erradica\u00e7\u00e3o da pobreza, prote\u00e7\u00e3o ao meio ambiente e clima, entre outras metas. Estes s\u00e3o os objetivos para os quais as Na\u00e7\u00f5es Unidas est\u00e3o contribuindo a fim de que possam atingir a Agenda 2030 no Brasil.<\/p>\n\n\n\n<figure class=\"wp-block-image size-full is-style-default\"><img loading=\"lazy\" decoding=\"async\" width=\"799\" height=\"533\" src=\"https:\/\/acontecenafronteira.com.br\/wp-content\/uploads\/2022\/07\/WhatsApp-Image-2022-07-19-at-12.36.11.jpeg\" alt=\"\" class=\"wp-image-11313\" srcset=\"https:\/\/acontecenafronteira.com.br\/wp-content\/uploads\/2022\/07\/WhatsApp-Image-2022-07-19-at-12.36.11.jpeg 799w, https:\/\/acontecenafronteira.com.br\/wp-content\/uploads\/2022\/07\/WhatsApp-Image-2022-07-19-at-12.36.11-300x200.jpeg 300w, https:\/\/acontecenafronteira.com.br\/wp-content\/uploads\/2022\/07\/WhatsApp-Image-2022-07-19-at-12.36.11-768x512.jpeg 768w\" sizes=\"auto, (max-width: 799px) 100vw, 799px\" \/><\/figure>\n","protected":false},"excerpt":{"rendered":"<p>Equipe vai condensar as iniciativas da administra\u00e7\u00e3o p\u00fablica e cadastrar os indicadores na plataforma do Programa Cidades Sustent\u00e1veis Foto: Thiago Dutra\/PMFI. Foz do Igua\u00e7u est\u00e1 cada vez mais alinhada aos 17 Objetivos de Desenvolvimento Sustent\u00e1vel (ODS), estabelecidos pela Organiza\u00e7\u00e3o das Na\u00e7\u00f5es Unidas (ONU). S\u00e3o a\u00e7\u00f5es em diferentes \u00e1reas que t\u00eam contribu\u00eddo com a qualidade de [&hellip;]<\/p>\n","protected":false},"author":2,"featured_media":11312,"comment_status":"open","ping_status":"open","sticky":false,"template":"","format":"standard","meta":{"om_disable_all_campaigns":false,"_monsterinsights_skip_tracking":false,"_monsterinsights_sitenote_active":false,"_monsterinsights_sitenote_note":"","_monsterinsights_sitenote_category":0,"footnotes":""},"categories":[4],"tags":[],"class_list":["post-11311","post","type-post","status-publish","format-standard","has-post-thumbnail","hentry","category-cidade"],"_links":{"self":[{"href":"https:\/\/acontecenafronteira.com.br\/index.php\/wp-json\/wp\/v2\/posts\/11311","targetHints":{"allow":["GET"]}}],"collection":[{"href":"https:\/\/acontecenafronteira.com.br\/index.php\/wp-json\/wp\/v2\/posts"}],"about":[{"href":"https:\/\/acontecenafronteira.com.br\/index.php\/wp-json\/wp\/v2\/types\/post"}],"author":[{"embeddable":true,"href":"https:\/\/acontecenafronteira.com.br\/index.php\/wp-json\/wp\/v2\/users\/2"}],"replies":[{"embeddable":true,"href":"https:\/\/acontecenafronteira.com.br\/index.php\/wp-json\/wp\/v2\/comments?post=11311"}],"version-history":[{"count":1,"href":"https:\/\/acontecenafronteira.com.br\/index.php\/wp-json\/wp\/v2\/posts\/11311\/revisions"}],"predecessor-version":[{"id":11314,"href":"https:\/\/acontecenafronteira.com.br\/index.php\/wp-json\/wp\/v2\/posts\/11311\/revisions\/11314"}],"wp:featuredmedia":[{"embeddable":true,"href":"https:\/\/acontecenafronteira.com.br\/index.php\/wp-json\/wp\/v2\/media\/11312"}],"wp:attachment":[{"href":"https:\/\/acontecenafronteira.com.br\/index.php\/wp-json\/wp\/v2\/media?parent=11311"}],"wp:term":[{"taxonomy":"category","embeddable":true,"href":"https:\/\/acontecenafronteira.com.br\/index.php\/wp-json\/wp\/v2\/categories?post=11311"},{"taxonomy":"post_tag","embeddable":true,"href":"https:\/\/acontecenafronteira.com.br\/index.php\/wp-json\/wp\/v2\/tags?post=11311"}],"curies":[{"name":"wp","href":"https:\/\/api.w.org\/{rel}","templated":true}]}}