{"id":11303,"date":"2022-07-19T15:45:04","date_gmt":"2022-07-19T18:45:04","guid":{"rendered":"https:\/\/acontecenafronteira.com.br\/?p=11303"},"modified":"2022-07-19T15:45:04","modified_gmt":"2022-07-19T18:45:04","slug":"central-do-empreendedor-e-sebrae-lancam-a-trilha-da-mulher","status":"publish","type":"post","link":"https:\/\/acontecenafronteira.com.br\/index.php\/2022\/07\/19\/central-do-empreendedor-e-sebrae-lancam-a-trilha-da-mulher\/","title":{"rendered":"Central do Empreendedor e Sebrae lan\u00e7am a &#8220;Trilha da Mulher&#8221;"},"content":{"rendered":"\n<p>Jornada de capacita\u00e7\u00f5es para mulheres empreendedoras ter\u00e1 encontros presenciais todas as quartas-feiras, \u00e0s 19h, na Acifi<\/p>\n\n\n\n<p>A Central do Empreendedor de Foz do Igua\u00e7u. em parceria com o Sebrae-PR. lan\u00e7a nesta quarta-feira (20) a &#8220;Trilha da Mulher&#8221;, uma s\u00e9rie de encontros presenciais exclusivos para mulheres empreendedoras \u00e0 frente de micro e pequenas empresas.<br><br>&#8220;\u00c9 uma jornada de capacita\u00e7\u00f5es para mulheres empreendedoras que querem formalizar e alavancar suas ideias ou empresas&#8221;, explica Salete Horst, secret\u00e1ria municipal da Fazenda.<br><br>Com apoio do Sebrae,&nbsp; a Trilha da Mulher prop\u00f5e auxiliar mulheres que desejam aprender mais sobre intelig\u00eancia emocional, comportamento empreendedor, marketing digital, gest\u00e3o de pessoas, desafios da lideran\u00e7a, negocia\u00e7\u00e3o, metas, planejamento, entre outros. Ao todo, ser\u00e3o oito encontros, dois meses de conte\u00fado, com encontros presenciais todas as quartas-feiras, \u00e0s 19h, na Acifi.<br><br>&#8220;Apoiar essas empreendedoras al\u00e9m de promover o desenvolvimento da economia local vai diversificar ainda mais o ambiente de neg\u00f3cios na nossa cidade. Esses encontros trar\u00e3o muitas novidades, o nosso objetivo \u00e9 capacitar essas mulheres para que em suas jornadas de neg\u00f3cios tenham \u00eaxito e se destaquem no mercado&#8221;, disse&nbsp; Joice L\u00eddia da Silva, coordenadora da Central do Empreendedor.<br><br>A Trilha da Mulher ser\u00e1 totalmente gratuita. Interessadas podem se inscrever pelo WhatsApp (45) 98423-3148. As participantes receber\u00e3o certificado ao final da capacita\u00e7\u00e3o.<\/p>\n","protected":false},"excerpt":{"rendered":"<p>Jornada de capacita\u00e7\u00f5es para mulheres empreendedoras ter\u00e1 encontros presenciais todas as quartas-feiras, \u00e0s 19h, na Acifi A Central do Empreendedor de Foz do Igua\u00e7u. em parceria com o Sebrae-PR. lan\u00e7a nesta quarta-feira (20) a &#8220;Trilha da Mulher&#8221;, uma s\u00e9rie de encontros presenciais exclusivos para mulheres empreendedoras \u00e0 frente de micro e pequenas empresas. &#8220;\u00c9 uma [&hellip;]<\/p>\n","protected":false},"author":2,"featured_media":11305,"comment_status":"open","ping_status":"open","sticky":false,"template":"","format":"standard","meta":{"om_disable_all_campaigns":false,"_monsterinsights_skip_tracking":false,"_monsterinsights_sitenote_active":false,"_monsterinsights_sitenote_note":"","_monsterinsights_sitenote_category":0,"footnotes":""},"categories":[4,15],"tags":[],"class_list":["post-11303","post","type-post","status-publish","format-standard","has-post-thumbnail","hentry","category-cidade","category-trabalho"],"_links":{"self":[{"href":"https:\/\/acontecenafronteira.com.br\/index.php\/wp-json\/wp\/v2\/posts\/11303","targetHints":{"allow":["GET"]}}],"collection":[{"href":"https:\/\/acontecenafronteira.com.br\/index.php\/wp-json\/wp\/v2\/posts"}],"about":[{"href":"https:\/\/acontecenafronteira.com.br\/index.php\/wp-json\/wp\/v2\/types\/post"}],"author":[{"embeddable":true,"href":"https:\/\/acontecenafronteira.com.br\/index.php\/wp-json\/wp\/v2\/users\/2"}],"replies":[{"embeddable":true,"href":"https:\/\/acontecenafronteira.com.br\/index.php\/wp-json\/wp\/v2\/comments?post=11303"}],"version-history":[{"count":1,"href":"https:\/\/acontecenafronteira.com.br\/index.php\/wp-json\/wp\/v2\/posts\/11303\/revisions"}],"predecessor-version":[{"id":11306,"href":"https:\/\/acontecenafronteira.com.br\/index.php\/wp-json\/wp\/v2\/posts\/11303\/revisions\/11306"}],"wp:featuredmedia":[{"embeddable":true,"href":"https:\/\/acontecenafronteira.com.br\/index.php\/wp-json\/wp\/v2\/media\/11305"}],"wp:attachment":[{"href":"https:\/\/acontecenafronteira.com.br\/index.php\/wp-json\/wp\/v2\/media?parent=11303"}],"wp:term":[{"taxonomy":"category","embeddable":true,"href":"https:\/\/acontecenafronteira.com.br\/index.php\/wp-json\/wp\/v2\/categories?post=11303"},{"taxonomy":"post_tag","embeddable":true,"href":"https:\/\/acontecenafronteira.com.br\/index.php\/wp-json\/wp\/v2\/tags?post=11303"}],"curies":[{"name":"wp","href":"https:\/\/api.w.org\/{rel}","templated":true}]}}