{"id":11143,"date":"2022-07-14T17:52:35","date_gmt":"2022-07-14T20:52:35","guid":{"rendered":"https:\/\/acontecenafronteira.com.br\/?p=11143"},"modified":"2022-07-14T17:52:41","modified_gmt":"2022-07-14T20:52:41","slug":"morador-da-regiao-pode-aproveitar-as-ferias-de-julho-nas-cataratas-do-iguacu","status":"publish","type":"post","link":"https:\/\/acontecenafronteira.com.br\/index.php\/2022\/07\/14\/morador-da-regiao-pode-aproveitar-as-ferias-de-julho-nas-cataratas-do-iguacu\/","title":{"rendered":"Morador da regi\u00e3o pode aproveitar as f\u00e9rias de julho nas Cataratas do Igua\u00e7u"},"content":{"rendered":"\n<p>Chegou aquela \u00e9poca boa de celebrar e passear com a fam\u00edlia e os amigos no \u201cquintal de casa\u201d. Os moradores das 14 cidades vizinhas ao Parque Nacional do Igua\u00e7u t\u00eam a chance de se conectar com a energia das Cataratas do Igua\u00e7u, Maravilha Mundial da Natureza, neste m\u00eas de julho, com desconto de 90% no ingresso, por meio do Passe Comunidade.<\/p>\n\n\n\n<p>Os ingressos para visitar a unidade de conserva\u00e7\u00e3o s\u00e3o limitados e vendidos exclusivamente on-line, antecipadamente, no site <a href=\"http:\/\/www.cataratasdoiguacu.com.br\">www.cataratasdoiguacu.com.br<\/a>. O morador da cidade de Foz do Igua\u00e7u e dos munic\u00edpios vizinhos \u00e0 unidade de conserva\u00e7\u00e3o pode adquirir, on-line, o ingresso Passe Comunidade, escolhendo a data e a hora para realizar o passeio. A compra est\u00e1 sujeita \u00e0 disponibilidade de vaga por hor\u00e1rio e dia.<\/p>\n\n\n\n<p>Passe Comunidade \u2013 O Passe Comunidade \u00e9 uma forma de incentivar os habitantes dos 14 munic\u00edpios vizinhos ao Parque Nacional do Igua\u00e7u a visitar o Patrim\u00f4nio Mundial Natural, que abriga as Cataratas do Igua\u00e7u, uma das Sete Maravilhas Mundiais da Natureza, com 90% de desconto no valor do ingresso.<\/p>\n\n\n\n<p>T\u00eam direito ao Passe Comunidade os moradores das cidades vizinhas \u00e0 unidade. S\u00e3o elas: Foz do Igua\u00e7u, Santa Terezinha de Itaipu, S\u00e3o Miguel, Medianeira, Serran\u00f3polis do Igua\u00e7u, Matel\u00e2ndia, Ramil\u00e2ndia, C\u00e9u Azul, Vera Cruz do Oeste, Santa Tereza do Oeste, Lindoeste, Santa L\u00facia, Capit\u00e3o Le\u00f4nidas Marques e Capanema.<\/p>\n\n\n\n<p>Os vizinhos ao parque precisam comprovar presencialmente, no Centro de Visitantes, a resid\u00eancia em uma dessas cidades, junto com a apresenta\u00e7\u00e3o do bilhete de ingresso. O Passe Comunidade foi regulamentado por meio da Portaria 504\/2002, do Minist\u00e9rio do Meio Ambiente (MMA). Confira a lista com op\u00e7\u00f5es de documentos que o morador pode utilizar para comprovar resid\u00eancia e ter acesso ao desconto.<\/p>\n\n\n\n<figure class=\"wp-block-gallery has-nested-images columns-default is-cropped wp-block-gallery-1 is-layout-flex wp-block-gallery-is-layout-flex\">\n<figure class=\"wp-block-image size-large is-style-default\"><img loading=\"lazy\" decoding=\"async\" width=\"1024\" height=\"682\" data-id=\"11146\" src=\"https:\/\/acontecenafronteira.com.br\/wp-content\/uploads\/2022\/07\/WhatsApp-Image-2022-07-14-at-16.57.03-2-1024x682.jpeg\" alt=\"\" class=\"wp-image-11146\" srcset=\"https:\/\/acontecenafronteira.com.br\/wp-content\/uploads\/2022\/07\/WhatsApp-Image-2022-07-14-at-16.57.03-2-1024x682.jpeg 1024w, https:\/\/acontecenafronteira.com.br\/wp-content\/uploads\/2022\/07\/WhatsApp-Image-2022-07-14-at-16.57.03-2-300x200.jpeg 300w, https:\/\/acontecenafronteira.com.br\/wp-content\/uploads\/2022\/07\/WhatsApp-Image-2022-07-14-at-16.57.03-2-768x512.jpeg 768w, https:\/\/acontecenafronteira.com.br\/wp-content\/uploads\/2022\/07\/WhatsApp-Image-2022-07-14-at-16.57.03-2.jpeg 1280w\" sizes=\"auto, (max-width: 1024px) 100vw, 1024px\" \/><\/figure>\n\n\n\n<figure class=\"wp-block-image size-large is-style-default\"><img loading=\"lazy\" decoding=\"async\" width=\"1024\" height=\"682\" data-id=\"11145\" src=\"https:\/\/acontecenafronteira.com.br\/wp-content\/uploads\/2022\/07\/WhatsApp-Image-2022-07-14-at-16.57.03-1-1024x682.jpeg\" alt=\"\" class=\"wp-image-11145\" srcset=\"https:\/\/acontecenafronteira.com.br\/wp-content\/uploads\/2022\/07\/WhatsApp-Image-2022-07-14-at-16.57.03-1-1024x682.jpeg 1024w, https:\/\/acontecenafronteira.com.br\/wp-content\/uploads\/2022\/07\/WhatsApp-Image-2022-07-14-at-16.57.03-1-300x200.jpeg 300w, https:\/\/acontecenafronteira.com.br\/wp-content\/uploads\/2022\/07\/WhatsApp-Image-2022-07-14-at-16.57.03-1-768x512.jpeg 768w, https:\/\/acontecenafronteira.com.br\/wp-content\/uploads\/2022\/07\/WhatsApp-Image-2022-07-14-at-16.57.03-1.jpeg 1280w\" sizes=\"auto, (max-width: 1024px) 100vw, 1024px\" \/><\/figure>\n\n\n\n<figure class=\"wp-block-image size-large is-style-default\"><img loading=\"lazy\" decoding=\"async\" width=\"1024\" height=\"682\" data-id=\"11144\" src=\"https:\/\/acontecenafronteira.com.br\/wp-content\/uploads\/2022\/07\/WhatsApp-Image-2022-07-14-at-16.57.03-1024x682.jpeg\" alt=\"\" class=\"wp-image-11144\" srcset=\"https:\/\/acontecenafronteira.com.br\/wp-content\/uploads\/2022\/07\/WhatsApp-Image-2022-07-14-at-16.57.03-1024x682.jpeg 1024w, https:\/\/acontecenafronteira.com.br\/wp-content\/uploads\/2022\/07\/WhatsApp-Image-2022-07-14-at-16.57.03-300x200.jpeg 300w, https:\/\/acontecenafronteira.com.br\/wp-content\/uploads\/2022\/07\/WhatsApp-Image-2022-07-14-at-16.57.03-768x512.jpeg 768w, https:\/\/acontecenafronteira.com.br\/wp-content\/uploads\/2022\/07\/WhatsApp-Image-2022-07-14-at-16.57.03.jpeg 1280w\" sizes=\"auto, (max-width: 1024px) 100vw, 1024px\" \/><\/figure>\n\n\n\n<figure class=\"wp-block-image size-large is-style-default\"><img loading=\"lazy\" decoding=\"async\" width=\"1024\" height=\"682\" data-id=\"11147\" src=\"https:\/\/acontecenafronteira.com.br\/wp-content\/uploads\/2022\/07\/WhatsApp-Image-2022-07-14-at-16.57.02-1024x682.jpeg\" alt=\"\" class=\"wp-image-11147\" srcset=\"https:\/\/acontecenafronteira.com.br\/wp-content\/uploads\/2022\/07\/WhatsApp-Image-2022-07-14-at-16.57.02-1024x682.jpeg 1024w, https:\/\/acontecenafronteira.com.br\/wp-content\/uploads\/2022\/07\/WhatsApp-Image-2022-07-14-at-16.57.02-300x200.jpeg 300w, https:\/\/acontecenafronteira.com.br\/wp-content\/uploads\/2022\/07\/WhatsApp-Image-2022-07-14-at-16.57.02-768x512.jpeg 768w, https:\/\/acontecenafronteira.com.br\/wp-content\/uploads\/2022\/07\/WhatsApp-Image-2022-07-14-at-16.57.02.jpeg 1280w\" sizes=\"auto, (max-width: 1024px) 100vw, 1024px\" \/><\/figure>\n<\/figure>\n\n\n\n<p><em>Cr\u00e9ditos fotografia: Bruno Bimbato<\/em><\/p>\n\n\n\n<p><strong>Ingressos:<br><\/strong>Passe Comunidade (exclusivo para morador das 14 cidades vizinhas ao parque)<br><a href=\"https:\/\/cataratasdoiguacu.com.br\/passe-comunidade\/\">https:\/\/cataratasdoiguacu.com.br\/passe-comunidade\/<\/a><\/p>\n\n\n\n<p><strong>P\u00fablico geral<br><\/strong><a href=\"https:\/\/cataratasdoiguacu.com.br\/ingressos\/\">https:\/\/cataratasdoiguacu.com.br\/ingressos\/<\/a><\/p>\n\n\n\n<p>Os moradores da regi\u00e3o que quiserem receber informa\u00e7\u00f5es do parque podem assinar o canal das Cataratas no Telegram: <a href=\"https:\/\/t.me\/cataratasdoiguacu.\">https:\/\/t.me\/cataratasdoiguacu.<\/a><\/p>\n\n\n\n<p><strong>Servi\u00e7o:<br><\/strong>Parque Nacional do Igua\u00e7u<br>Funcionamento: todos os dias<br>At\u00e9 dia 24 de julho: das 8h \u00e0s 16h<br>25 a 31 de julho: das 9h \u00e0s 16h<\/p>\n\n\n\n<p><strong>Mais informa\u00e7\u00f5es:<br><\/strong><a href=\"http:\/\/www.cataratasdoiguacu.com.br\">www.cataratasdoiguacu.com.br<br><\/a>contato@catarataspni.com.br<br>Telefone: +55 (45) 3521-4400<\/p>\n","protected":false},"excerpt":{"rendered":"<p>Chegou aquela \u00e9poca boa de celebrar e passear com a fam\u00edlia e os amigos no \u201cquintal de casa\u201d. Os moradores das 14 cidades vizinhas ao Parque Nacional do Igua\u00e7u t\u00eam a chance de se conectar com a energia das Cataratas do Igua\u00e7u, Maravilha Mundial da Natureza, neste m\u00eas de julho, com desconto de 90% no [&hellip;]<\/p>\n","protected":false},"author":2,"featured_media":11150,"comment_status":"open","ping_status":"open","sticky":false,"template":"","format":"standard","meta":{"om_disable_all_campaigns":false,"_monsterinsights_skip_tracking":false,"_monsterinsights_sitenote_active":false,"_monsterinsights_sitenote_note":"","_monsterinsights_sitenote_category":0,"footnotes":""},"categories":[4,9],"tags":[],"class_list":["post-11143","post","type-post","status-publish","format-standard","has-post-thumbnail","hentry","category-cidade","category-turismo"],"_links":{"self":[{"href":"https:\/\/acontecenafronteira.com.br\/index.php\/wp-json\/wp\/v2\/posts\/11143","targetHints":{"allow":["GET"]}}],"collection":[{"href":"https:\/\/acontecenafronteira.com.br\/index.php\/wp-json\/wp\/v2\/posts"}],"about":[{"href":"https:\/\/acontecenafronteira.com.br\/index.php\/wp-json\/wp\/v2\/types\/post"}],"author":[{"embeddable":true,"href":"https:\/\/acontecenafronteira.com.br\/index.php\/wp-json\/wp\/v2\/users\/2"}],"replies":[{"embeddable":true,"href":"https:\/\/acontecenafronteira.com.br\/index.php\/wp-json\/wp\/v2\/comments?post=11143"}],"version-history":[{"count":2,"href":"https:\/\/acontecenafronteira.com.br\/index.php\/wp-json\/wp\/v2\/posts\/11143\/revisions"}],"predecessor-version":[{"id":11152,"href":"https:\/\/acontecenafronteira.com.br\/index.php\/wp-json\/wp\/v2\/posts\/11143\/revisions\/11152"}],"wp:featuredmedia":[{"embeddable":true,"href":"https:\/\/acontecenafronteira.com.br\/index.php\/wp-json\/wp\/v2\/media\/11150"}],"wp:attachment":[{"href":"https:\/\/acontecenafronteira.com.br\/index.php\/wp-json\/wp\/v2\/media?parent=11143"}],"wp:term":[{"taxonomy":"category","embeddable":true,"href":"https:\/\/acontecenafronteira.com.br\/index.php\/wp-json\/wp\/v2\/categories?post=11143"},{"taxonomy":"post_tag","embeddable":true,"href":"https:\/\/acontecenafronteira.com.br\/index.php\/wp-json\/wp\/v2\/tags?post=11143"}],"curies":[{"name":"wp","href":"https:\/\/api.w.org\/{rel}","templated":true}]}}