{"id":1113,"date":"2021-10-21T09:55:26","date_gmt":"2021-10-21T12:55:26","guid":{"rendered":"https:\/\/acontecenafronteira.com.br\/?p=1113"},"modified":"2021-10-21T09:55:27","modified_gmt":"2021-10-21T12:55:27","slug":"prefeito-defende-uso-de-areas-da-uniao-para-o-desenvolvimento-de-foz","status":"publish","type":"post","link":"https:\/\/acontecenafronteira.com.br\/index.php\/2021\/10\/21\/prefeito-defende-uso-de-areas-da-uniao-para-o-desenvolvimento-de-foz\/","title":{"rendered":"Prefeito defende uso de \u00e1reas da Uni\u00e3o para o desenvolvimento de Foz"},"content":{"rendered":"\n<p>Chico Brasileiro representou o Munic\u00edpio em audi\u00eancia p\u00fablico que debateu a\u00e7\u00f5es da Secretaria de Coordena\u00e7\u00e3o e Governan\u00e7a do Patrim\u00f4nio da Uni\u00e3o, nesta quarta-feira (20)<\/p>\n\n\n\n<p>Nesta quarta-feira (20), o prefeito Chico Brasileiro defendeu os interesses do Munic\u00edpio em utilizar \u00e1reas que pertencem \u00e0 Uni\u00e3o em Foz do Igua\u00e7u em prol do impulsionamento do turismo e do desenvolvimento da cidade, durante audi\u00eancia p\u00fablica que debateu as a\u00e7\u00f5es da Secretaria de Coordena\u00e7\u00e3o e Governan\u00e7a do Patrim\u00f4nio da Uni\u00e3o (SPU), do Minist\u00e9rio da Economia.&nbsp;<br><br>A racionaliza\u00e7\u00e3o de \u00e1reas p\u00fablicas foi um dos temas abordados no encontro, realizado de forma virtual nesta quarta-feira (20). A audi\u00eancia, promovida pela Comiss\u00e3o de Desenvolvimento Urbano da C\u00e2mara dos Deputados, foi presidida pelo deputado federal Jos\u00e9 Priante e contou com a participa\u00e7\u00e3o de diversos prefeitos do Brasil.<br><br>\u201cEm Foz do Igua\u00e7u, temos muitas \u00e1reas da Uni\u00e3o que podem ser bem aproveitadas em perspectivas ambientais, sociais e, principalmente, como potencial de novos pontos tur\u00edsticos\u201d, afirmou o prefeito Chico Brasileiro.<br><br>\u201cCom essa nova vis\u00e3o da SPU em gerir com efici\u00eancia estas \u00e1reas, temos uma boa oportunidade de usar estes ativos para impulsionar o turismo e o desenvolvimento da cidade, ainda mais neste momento de retomada econ\u00f4mica em que as atividades tur\u00edsticas no Brasil est\u00e3o voltando com muita for\u00e7a\u201d, complementou o prefeito.&nbsp;<br><br>Durante a audi\u00eancia, a secret\u00e1ria de Coordena\u00e7\u00e3o e Governan\u00e7a do Patrim\u00f4nio da Uni\u00e3o da Secretaria Especial de Desestatiza\u00e7\u00e3o, Desinvestimento e Mercados do Minist\u00e9rio da Economia, Fabiana Rodopoulos, apresentou um panorama dos trabalhos do departamento, que atualmente faz a gest\u00e3o de mais de 700 mil im\u00f3veis da uni\u00e3o em todo o Brasil, avaliados em cerca de R$ 1,3 trilh\u00e3o. Ela destacou a import\u00e2ncia dos munic\u00edpios nas discuss\u00f5es para racionalizar as \u00e1reas da Uni\u00e3o.&nbsp;&nbsp;<br><br>\u201cA parceria com as prefeituras \u00e9 fundamental para o sucesso das a\u00e7\u00f5es da SPU. O di\u00e1logo com os munic\u00edpios \u00e9 de extrema import\u00e2ncia para que possamos alcan\u00e7ar os objetivos de promover pol\u00edticas p\u00fablicas cada vez mais eficientes e aproveitando todo o potencial dos ativos da Uni\u00e3o\u201d, comentou Fabiana.&nbsp;<br><\/p>\n\n\n\n<p>A diretora de Patrim\u00f4nio do Munic\u00edpio, Eliane Savio, participou da audi\u00eancia e ressaltou a import\u00e2ncia de se fazer uma gest\u00e3o racionalizada dos im\u00f3veis. \u201cA SPU tem adotado processos inovadores na gest\u00e3o dos im\u00f3veis da uni\u00e3o, seja nos m\u00f3dulos de aliena\u00e7\u00e3o, cess\u00e3o, concess\u00e3o ou at\u00e9 mesmo na racionaliza\u00e7\u00e3o. A pedido do prefeito Chico Brasileiro, n\u00f3s j\u00e1 estamos estudando para implantar estes mecanismos de gest\u00e3o nos im\u00f3veis p\u00fablicos de Foz\u201d, disse.<br><br><strong>Programa SPU+<br><br><\/strong>Lan\u00e7ado em 2020, o programa SPU+ do Governo Federal tem a finalidade de modernizar, inovar e transformar a gest\u00e3o do patrim\u00f4nio imobili\u00e1rio da Uni\u00e3o para atender pol\u00edticas p\u00fablicas e racionalizar o uso e a ocupa\u00e7\u00e3o dos ativos federais.&nbsp;<br><br>Entre as frentes de a\u00e7\u00e3o est\u00e1 a Proposta de Aquisi\u00e7\u00e3o de Im\u00f3veis \u2013 PAI, mecanismo de desburocratiza\u00e7\u00e3o que permite que qualquer pessoa f\u00edsica ou jur\u00eddica apresente propostas de compra de qualquer im\u00f3vel da Uni\u00e3o, a\u00e7\u00e3o que contribui para o desenvolvimento das cidades.&nbsp;&nbsp;<\/p>\n","protected":false},"excerpt":{"rendered":"<p>Chico Brasileiro representou o Munic\u00edpio em audi\u00eancia p\u00fablico que debateu a\u00e7\u00f5es da Secretaria de Coordena\u00e7\u00e3o e Governan\u00e7a do Patrim\u00f4nio da Uni\u00e3o, nesta quarta-feira (20) Nesta quarta-feira (20), o prefeito Chico Brasileiro defendeu os interesses do Munic\u00edpio em utilizar \u00e1reas que pertencem \u00e0 Uni\u00e3o em Foz do Igua\u00e7u em prol do impulsionamento do turismo e do [&hellip;]<\/p>\n","protected":false},"author":2,"featured_media":1115,"comment_status":"open","ping_status":"open","sticky":false,"template":"","format":"standard","meta":{"om_disable_all_campaigns":false,"_monsterinsights_skip_tracking":false,"_monsterinsights_sitenote_active":false,"_monsterinsights_sitenote_note":"","_monsterinsights_sitenote_category":0,"footnotes":""},"categories":[4],"tags":[],"class_list":["post-1113","post","type-post","status-publish","format-standard","has-post-thumbnail","hentry","category-cidade"],"_links":{"self":[{"href":"https:\/\/acontecenafronteira.com.br\/index.php\/wp-json\/wp\/v2\/posts\/1113","targetHints":{"allow":["GET"]}}],"collection":[{"href":"https:\/\/acontecenafronteira.com.br\/index.php\/wp-json\/wp\/v2\/posts"}],"about":[{"href":"https:\/\/acontecenafronteira.com.br\/index.php\/wp-json\/wp\/v2\/types\/post"}],"author":[{"embeddable":true,"href":"https:\/\/acontecenafronteira.com.br\/index.php\/wp-json\/wp\/v2\/users\/2"}],"replies":[{"embeddable":true,"href":"https:\/\/acontecenafronteira.com.br\/index.php\/wp-json\/wp\/v2\/comments?post=1113"}],"version-history":[{"count":1,"href":"https:\/\/acontecenafronteira.com.br\/index.php\/wp-json\/wp\/v2\/posts\/1113\/revisions"}],"predecessor-version":[{"id":1116,"href":"https:\/\/acontecenafronteira.com.br\/index.php\/wp-json\/wp\/v2\/posts\/1113\/revisions\/1116"}],"wp:featuredmedia":[{"embeddable":true,"href":"https:\/\/acontecenafronteira.com.br\/index.php\/wp-json\/wp\/v2\/media\/1115"}],"wp:attachment":[{"href":"https:\/\/acontecenafronteira.com.br\/index.php\/wp-json\/wp\/v2\/media?parent=1113"}],"wp:term":[{"taxonomy":"category","embeddable":true,"href":"https:\/\/acontecenafronteira.com.br\/index.php\/wp-json\/wp\/v2\/categories?post=1113"},{"taxonomy":"post_tag","embeddable":true,"href":"https:\/\/acontecenafronteira.com.br\/index.php\/wp-json\/wp\/v2\/tags?post=1113"}],"curies":[{"name":"wp","href":"https:\/\/api.w.org\/{rel}","templated":true}]}}