{"id":11084,"date":"2022-07-13T15:22:02","date_gmt":"2022-07-13T18:22:02","guid":{"rendered":"https:\/\/acontecenafronteira.com.br\/?p=11084"},"modified":"2022-07-13T15:22:02","modified_gmt":"2022-07-13T18:22:02","slug":"rally-dos-sertoes-tera-concurso-gastronomico-em-foz-do-iguacu","status":"publish","type":"post","link":"https:\/\/acontecenafronteira.com.br\/index.php\/2022\/07\/13\/rally-dos-sertoes-tera-concurso-gastronomico-em-foz-do-iguacu\/","title":{"rendered":"Rally dos Sert\u00f5es ter\u00e1 concurso gastron\u00f4mico em Foz do Igua\u00e7u"},"content":{"rendered":"\n<p>Turismo estima movimento de R$ 1 milh\u00e3o por dia entre os dias 17 e 27 de agosto, data da largada do rally no Parque Nacional do Igua\u00e7u<\/p>\n\n\n\n<p><em>Foto: Divulga\u00e7\u00e3o.<\/em><br><br>Foz do Igua\u00e7u vai participar do concurso gastron\u00f4mico que integra a programa\u00e7\u00e3o do Rally dos Sert\u00f5es, entre 27 de agosto e 10 setembro. A abertura do evento ser\u00e1 no dia 26 de agosto no Parque Nacional do Igua\u00e7u, na v\u00e9spera da largada para carros, motos, quadriciclos e UTVs. O concurso &#8220;Sabores do Sert\u00e3o&#8221; ser\u00e1 realizado&nbsp; nas 14 cidades da rota do rally e as inscri\u00e7\u00f5es j\u00e1 est\u00e3o abertas aos restaurantes atrav\u00e9s da Abrasel.&nbsp;<br><br>O setor do turismo espera a participa\u00e7\u00e3o de mais de duas mil pessoas, entre pilotos, mec\u00e2nicos e t\u00e9cnicos, que estar\u00e3o na cidade 10 dias antes da largada junto com familiares dos competidores, interessados e aficionados pelo esporte. Uma arquibancada para cinco mil pessoas ser\u00e1 instalada para acompanhamento dos treinos.<br><br>A estimativa \u00e9 de um giro de R$ 1 milh\u00e3o por dia no setor e as reservas dos hot\u00e9is j\u00e1 apontam uma ocupa\u00e7\u00e3o m\u00e9dia acima dos 70%. &#8220;Al\u00e9m de receber a maior competi\u00e7\u00e3o do mundo na modalidade, o Rally dos Sert\u00f5es vai trazer esse movimento muito grande para a cidade. O turista poder\u00e1 ainda conhecer os atrativos de Foz do Igua\u00e7u, fazer suas compras e ainda participar deste concurso gastron\u00f4mico&#8221;, disse o prefeito Chico Brasileiro.<br><br><strong>Pratos<\/strong><br><br>O concurso \u00e9 organizado pelo Sebrae e em Foz do Igua\u00e7u tem apoio da Abrasel e do SindHot\u00e9is. Uma das propostas \u00e9 preparar pratos t\u00edpicos da etapa de Foz que incluam um ou tr\u00eas destes ingredientes: mandioca, chimichurri e carne de cordeiro. Alguns restaurantes j\u00e1 se inscreveram e o Sebrae pretende instalar uma cidade gastron\u00f4mica virtual, que poder\u00e1 ser acessada por aplicativo, com os detalhes e receitas dos pratos preparados pelos chefes das cozinhas dos restaurantes.<br><br>O Sebrae que completa 30 anos tamb\u00e9m vai oferecer suporte para os empreendedores interessados. Segundo nota \u00e0 imprensa, cada restaurante deve elaborar um prato, doce ou salgado, que represente o sabor da regi\u00e3o, utilizando insumos e ingredientes locais, a partir da lista dispon\u00edvel no regulamento do concurso. O prato ser\u00e1 inserido no card\u00e1pio dos restaurantes participantes e a popula\u00e7\u00e3o local ir\u00e1 avaliar.<br><br>As inscri\u00e7\u00f5es para o concurso gastron\u00f4mico s\u00e3o gratuitas e podem ser feitas at\u00e9 o dia 28 de julho no endere\u00e7o saboresdossertoes22sebrae.com.br. No site tamb\u00e9m \u00e9 poss\u00edvel baixar o regulamento para saber mais detalhes sobre o concurso, como o per\u00edodo de venda dos pratos e a premia\u00e7\u00e3o.<br><br>O Rally dos Sert\u00f5es \u00e9 a maior prova do mundo em trechos cronometrados. S\u00e3o 4.811 km minutados, num total de 7.216 km de percurso. As equipes t\u00eam paradas em oito estados do Brasil, nas cinco regi\u00f5es do pa\u00eds. A largada acontece dia 27 de agosto em Foz do Igua\u00e7u&nbsp; e a chegada ser\u00e1 dia 10 de setembro em Salin\u00f3polis, no Par\u00e1.<\/p>\n","protected":false},"excerpt":{"rendered":"<p>Turismo estima movimento de R$ 1 milh\u00e3o por dia entre os dias 17 e 27 de agosto, data da largada do rally no Parque Nacional do Igua\u00e7u Foto: Divulga\u00e7\u00e3o. Foz do Igua\u00e7u vai participar do concurso gastron\u00f4mico que integra a programa\u00e7\u00e3o do Rally dos Sert\u00f5es, entre 27 de agosto e 10 setembro. A abertura do [&hellip;]<\/p>\n","protected":false},"author":2,"featured_media":11086,"comment_status":"open","ping_status":"open","sticky":false,"template":"","format":"standard","meta":{"om_disable_all_campaigns":false,"_monsterinsights_skip_tracking":false,"_monsterinsights_sitenote_active":false,"_monsterinsights_sitenote_note":"","_monsterinsights_sitenote_category":0,"footnotes":""},"categories":[4,9],"tags":[],"class_list":["post-11084","post","type-post","status-publish","format-standard","has-post-thumbnail","hentry","category-cidade","category-turismo"],"_links":{"self":[{"href":"https:\/\/acontecenafronteira.com.br\/index.php\/wp-json\/wp\/v2\/posts\/11084","targetHints":{"allow":["GET"]}}],"collection":[{"href":"https:\/\/acontecenafronteira.com.br\/index.php\/wp-json\/wp\/v2\/posts"}],"about":[{"href":"https:\/\/acontecenafronteira.com.br\/index.php\/wp-json\/wp\/v2\/types\/post"}],"author":[{"embeddable":true,"href":"https:\/\/acontecenafronteira.com.br\/index.php\/wp-json\/wp\/v2\/users\/2"}],"replies":[{"embeddable":true,"href":"https:\/\/acontecenafronteira.com.br\/index.php\/wp-json\/wp\/v2\/comments?post=11084"}],"version-history":[{"count":1,"href":"https:\/\/acontecenafronteira.com.br\/index.php\/wp-json\/wp\/v2\/posts\/11084\/revisions"}],"predecessor-version":[{"id":11087,"href":"https:\/\/acontecenafronteira.com.br\/index.php\/wp-json\/wp\/v2\/posts\/11084\/revisions\/11087"}],"wp:featuredmedia":[{"embeddable":true,"href":"https:\/\/acontecenafronteira.com.br\/index.php\/wp-json\/wp\/v2\/media\/11086"}],"wp:attachment":[{"href":"https:\/\/acontecenafronteira.com.br\/index.php\/wp-json\/wp\/v2\/media?parent=11084"}],"wp:term":[{"taxonomy":"category","embeddable":true,"href":"https:\/\/acontecenafronteira.com.br\/index.php\/wp-json\/wp\/v2\/categories?post=11084"},{"taxonomy":"post_tag","embeddable":true,"href":"https:\/\/acontecenafronteira.com.br\/index.php\/wp-json\/wp\/v2\/tags?post=11084"}],"curies":[{"name":"wp","href":"https:\/\/api.w.org\/{rel}","templated":true}]}}