{"id":11035,"date":"2022-07-12T12:18:16","date_gmt":"2022-07-12T15:18:16","guid":{"rendered":"https:\/\/acontecenafronteira.com.br\/?p=11035"},"modified":"2022-07-12T12:18:17","modified_gmt":"2022-07-12T15:18:17","slug":"gentili-posta-mensagem-que-recebeu-de-homem-que-matou-petista-em-foz","status":"publish","type":"post","link":"https:\/\/acontecenafronteira.com.br\/index.php\/2022\/07\/12\/gentili-posta-mensagem-que-recebeu-de-homem-que-matou-petista-em-foz\/","title":{"rendered":"Gentili posta mensagem que recebeu de homem que matou petista em Foz"},"content":{"rendered":"\n<p>Apresentador do The Noite postou um print de um coment\u00e1rio de Jorge Jos\u00e9 da Rocha Guaranho em uma de suas publica\u00e7\u00f5es.<\/p>\n\n\n\n<p>O apresentador\u00a0Danilo Gentili, que comanda o The Noite no SBT, exp\u00f4s uma mensagem que recebeu de Jorge Jos\u00e9 da Rocha Guaranho, policial\u00a0apoiador do presidente Jair Bolsonaro (PL) que matou o dirigente petista Marcelo Arruda,\u00a0no s\u00e1bado (9\/7), em Foz do Igua\u00e7u (PR).<\/p>\n\n\n\n<p>Em seu Twitter, Gentili postou um print de um coment\u00e1rio de Guaranho em uma de suas publica\u00e7\u00f5es. \u201cEncontre na imagem abaixo algu\u00e9m que n\u00e3o seja mamador de dinheiro p\u00fablico ou fracassado\u201d, escreveu o apresentador, junto com uma foto de v\u00e1rios pol\u00edticos.<\/p>\n\n\n\n<figure class=\"wp-block-embed is-type-rich is-provider-twitter wp-block-embed-twitter\"><div class=\"wp-block-embed__wrapper\">\n<blockquote class=\"twitter-tweet\" data-width=\"550\" data-dnt=\"true\"><p lang=\"pt\" dir=\"ltr\">Fico feliz por saber que ao contr\u00e1rio desses que est\u00e3o me processando por essa tuitada, assassino n\u00e3o me admira. <a href=\"https:\/\/t.co\/Nqa6HdNsoy\">pic.twitter.com\/Nqa6HdNsoy<\/a><\/p>&mdash; Danilo Gentili (@DaniloGentili) <a href=\"https:\/\/twitter.com\/DaniloGentili\/status\/1546541710162989059?ref_src=twsrc%5Etfw\">July 11, 2022<\/a><\/blockquote><script async src=\"https:\/\/platform.twitter.com\/widgets.js\" charset=\"utf-8\"><\/script>\n<\/div><\/figure>\n\n\n\n<p>\u201cFico feliz por saber que ao contr\u00e1rio desses que est\u00e3o me processando por essa tuitada, assassino n\u00e3o me admira\u201d, disse Gentili sobre o coment\u00e1rio do homem.<\/p>\n\n\n\n<p>Via: Metropoles<br>Imagem: Divulga\u00e7\u00e3o\/SBT<\/p>\n","protected":false},"excerpt":{"rendered":"<p>Apresentador do The Noite postou um print de um coment\u00e1rio de Jorge Jos\u00e9 da Rocha Guaranho em uma de suas publica\u00e7\u00f5es. O apresentador\u00a0Danilo Gentili, que comanda o The Noite no SBT, exp\u00f4s uma mensagem que recebeu de Jorge Jos\u00e9 da Rocha Guaranho, policial\u00a0apoiador do presidente Jair Bolsonaro (PL) que matou o dirigente petista Marcelo Arruda,\u00a0no [&hellip;]<\/p>\n","protected":false},"author":2,"featured_media":11036,"comment_status":"open","ping_status":"open","sticky":false,"template":"","format":"standard","meta":{"om_disable_all_campaigns":false,"_monsterinsights_skip_tracking":false,"_monsterinsights_sitenote_active":false,"_monsterinsights_sitenote_note":"","_monsterinsights_sitenote_category":0,"footnotes":""},"categories":[1],"tags":[],"class_list":["post-11035","post","type-post","status-publish","format-standard","has-post-thumbnail","hentry","category-sem-categoria"],"_links":{"self":[{"href":"https:\/\/acontecenafronteira.com.br\/index.php\/wp-json\/wp\/v2\/posts\/11035","targetHints":{"allow":["GET"]}}],"collection":[{"href":"https:\/\/acontecenafronteira.com.br\/index.php\/wp-json\/wp\/v2\/posts"}],"about":[{"href":"https:\/\/acontecenafronteira.com.br\/index.php\/wp-json\/wp\/v2\/types\/post"}],"author":[{"embeddable":true,"href":"https:\/\/acontecenafronteira.com.br\/index.php\/wp-json\/wp\/v2\/users\/2"}],"replies":[{"embeddable":true,"href":"https:\/\/acontecenafronteira.com.br\/index.php\/wp-json\/wp\/v2\/comments?post=11035"}],"version-history":[{"count":1,"href":"https:\/\/acontecenafronteira.com.br\/index.php\/wp-json\/wp\/v2\/posts\/11035\/revisions"}],"predecessor-version":[{"id":11037,"href":"https:\/\/acontecenafronteira.com.br\/index.php\/wp-json\/wp\/v2\/posts\/11035\/revisions\/11037"}],"wp:featuredmedia":[{"embeddable":true,"href":"https:\/\/acontecenafronteira.com.br\/index.php\/wp-json\/wp\/v2\/media\/11036"}],"wp:attachment":[{"href":"https:\/\/acontecenafronteira.com.br\/index.php\/wp-json\/wp\/v2\/media?parent=11035"}],"wp:term":[{"taxonomy":"category","embeddable":true,"href":"https:\/\/acontecenafronteira.com.br\/index.php\/wp-json\/wp\/v2\/categories?post=11035"},{"taxonomy":"post_tag","embeddable":true,"href":"https:\/\/acontecenafronteira.com.br\/index.php\/wp-json\/wp\/v2\/tags?post=11035"}],"curies":[{"name":"wp","href":"https:\/\/api.w.org\/{rel}","templated":true}]}}