{"id":11014,"date":"2022-07-11T17:04:35","date_gmt":"2022-07-11T20:04:35","guid":{"rendered":"https:\/\/acontecenafronteira.com.br\/?p=11014"},"modified":"2022-07-11T17:04:35","modified_gmt":"2022-07-11T20:04:35","slug":"prefeitura-inicia-pavimentacao-em-vias-da-regiao-central-de-foz","status":"publish","type":"post","link":"https:\/\/acontecenafronteira.com.br\/index.php\/2022\/07\/11\/prefeitura-inicia-pavimentacao-em-vias-da-regiao-central-de-foz\/","title":{"rendered":"Prefeitura inicia pavimenta\u00e7\u00e3o em vias da regi\u00e3o central de Foz"},"content":{"rendered":"\n<p>Ao todo, cinco ruas receber\u00e3o as melhorias na regi\u00e3o central; tamb\u00e9m recebe asfaltamento uma via na \u00e1rea rural da cidade.<\/p>\n\n\n\n<p><em>Foto: Thiago Dutra\/PMFI.<\/em><br><br>Nesta segunda-feira (11), a Prefeitura de Foz do Igua\u00e7u, por meio da Secretaria Municipal de Obras, iniciou os trabalhos de pavimenta\u00e7\u00e3o em tr\u00eas ruas e duas travessas na regi\u00e3o central da cidade.<br><br>Seguindo o cronograma, as vias que receber\u00e3o os servi\u00e7os de limpeza e pavimenta\u00e7\u00e3o s\u00e3o: Rua das Miss\u00f5es, Travessa Kayaby, Travessa Miguel Smack, Rua Jorge Sanwais e Rua Adellaide Vale Budel.&nbsp;<br><br>A primeira rua que recebe as melhorias, nesta segunda-feira (11), \u00e9 a Rua das Miss\u00f5es, pr\u00f3xima \u00e0 localidade conhecida como Monsenhor Guilherme. A via faz liga\u00e7\u00e3o com as ruas Xavier da Silva e Jorge Sanwais, e ser\u00e1 totalmente pavimentada.<br><br>Em seguida, as equipes partem para a Travessa Kayaby, em toda sua extens\u00e3o. A Travessa Miguel Smack ser\u00e1 toda pavimentada.&nbsp;<br><br>As obras tamb\u00e9m acontecem na Rua Jorge Sanwais, no trecho que vai at\u00e9 a Rua Naipi. Os trabalhos ser\u00e3o finalizados em toda extens\u00e3o da Rua Adellaide Vale Budel.&nbsp;<br><br>A previs\u00e3o \u00e9 de que todas as ruas e travessas previstas no cronograma sejam finalizadas em 10 dias, dependendo das condi\u00e7\u00f5es clim\u00e1ticas.&nbsp;<br><br>Angelita Meire, moradora da Rua Das Miss\u00f5es h\u00e1 sete anos, comemora a chegada das m\u00e1quinas e trabalhadores no local. \u201cSabemos que aqui n\u00e3o estamos distantes da cidade e esse \u00e9 um pedido antigo. Quando cheguei os moradores j\u00e1 comentavam sobre a falta de asfalto. Agora, as crian\u00e7as poder\u00e3o brincar, andar de bicicleta, jogar bola, e os carros n\u00e3o v\u00e3o estragar mais\u201d, comentou a moradora.&nbsp;<br><br><strong>\u00c1rea Rural<br><br><\/strong>Simultaneamente, outra equipe da Secretaria Municipal de Obras deu in\u00edcio ao trabalho de recape asf\u00e1ltico na Rua Cosmo\u00e9tica, que d\u00e1 acesso \u00e0 Avenida Felipe Wandscheer, na \u00e1rea rural de Foz.&nbsp;<br><br>Nesta via, o trecho que recebe as melhorias \u00e9 de 550 metros. A rua sem sa\u00edda \u00e9 bastante utilizada por moradores e trabalhadores das empresas da regi\u00e3o. Os trabalhos dever\u00e3o ser conclu\u00eddos ainda nesta semana.<\/p>\n","protected":false},"excerpt":{"rendered":"<p>Ao todo, cinco ruas receber\u00e3o as melhorias na regi\u00e3o central; tamb\u00e9m recebe asfaltamento uma via na \u00e1rea rural da cidade. Foto: Thiago Dutra\/PMFI. Nesta segunda-feira (11), a Prefeitura de Foz do Igua\u00e7u, por meio da Secretaria Municipal de Obras, iniciou os trabalhos de pavimenta\u00e7\u00e3o em tr\u00eas ruas e duas travessas na regi\u00e3o central da cidade. [&hellip;]<\/p>\n","protected":false},"author":2,"featured_media":11016,"comment_status":"open","ping_status":"open","sticky":false,"template":"","format":"standard","meta":{"om_disable_all_campaigns":false,"_monsterinsights_skip_tracking":false,"_monsterinsights_sitenote_active":false,"_monsterinsights_sitenote_note":"","_monsterinsights_sitenote_category":0,"footnotes":""},"categories":[4],"tags":[],"class_list":["post-11014","post","type-post","status-publish","format-standard","has-post-thumbnail","hentry","category-cidade"],"_links":{"self":[{"href":"https:\/\/acontecenafronteira.com.br\/index.php\/wp-json\/wp\/v2\/posts\/11014","targetHints":{"allow":["GET"]}}],"collection":[{"href":"https:\/\/acontecenafronteira.com.br\/index.php\/wp-json\/wp\/v2\/posts"}],"about":[{"href":"https:\/\/acontecenafronteira.com.br\/index.php\/wp-json\/wp\/v2\/types\/post"}],"author":[{"embeddable":true,"href":"https:\/\/acontecenafronteira.com.br\/index.php\/wp-json\/wp\/v2\/users\/2"}],"replies":[{"embeddable":true,"href":"https:\/\/acontecenafronteira.com.br\/index.php\/wp-json\/wp\/v2\/comments?post=11014"}],"version-history":[{"count":1,"href":"https:\/\/acontecenafronteira.com.br\/index.php\/wp-json\/wp\/v2\/posts\/11014\/revisions"}],"predecessor-version":[{"id":11017,"href":"https:\/\/acontecenafronteira.com.br\/index.php\/wp-json\/wp\/v2\/posts\/11014\/revisions\/11017"}],"wp:featuredmedia":[{"embeddable":true,"href":"https:\/\/acontecenafronteira.com.br\/index.php\/wp-json\/wp\/v2\/media\/11016"}],"wp:attachment":[{"href":"https:\/\/acontecenafronteira.com.br\/index.php\/wp-json\/wp\/v2\/media?parent=11014"}],"wp:term":[{"taxonomy":"category","embeddable":true,"href":"https:\/\/acontecenafronteira.com.br\/index.php\/wp-json\/wp\/v2\/categories?post=11014"},{"taxonomy":"post_tag","embeddable":true,"href":"https:\/\/acontecenafronteira.com.br\/index.php\/wp-json\/wp\/v2\/tags?post=11014"}],"curies":[{"name":"wp","href":"https:\/\/api.w.org\/{rel}","templated":true}]}}