{"id":10941,"date":"2022-07-08T17:52:52","date_gmt":"2022-07-08T20:52:52","guid":{"rendered":"https:\/\/acontecenafronteira.com.br\/?p=10941"},"modified":"2022-07-08T17:52:53","modified_gmt":"2022-07-08T20:52:53","slug":"produtos-da-agricultura-familiar-garantem-refeicoes-saudaveis-para-mais-de-25-mil-alunos-da-rede-municipal-de-ensino","status":"publish","type":"post","link":"https:\/\/acontecenafronteira.com.br\/index.php\/2022\/07\/08\/produtos-da-agricultura-familiar-garantem-refeicoes-saudaveis-para-mais-de-25-mil-alunos-da-rede-municipal-de-ensino\/","title":{"rendered":"Produtos da agricultura familiar garantem refei\u00e7\u00f5es saud\u00e1veis para mais de 25 mil alunos da rede municipal de ensino"},"content":{"rendered":"\n<p>S\u00e3o quase dez toneladas de produtos variados entregues semanalmente para a cooperativa que realiza a distribui\u00e7\u00e3o para as escolas e CMEIs<\/p>\n\n\n\n<p><em>Foto: Thiago Dutra\/PMFI.<br><br><\/em>Antes de chegarem aos pratos dos mais de 25 mil alunos da rede municipal de ensino, cada alimento \u00e9 tratado com cuidado e zelo pelos produtores da agricultura familiar de Foz do Igua\u00e7u. O cultivo dos alimentos nas lavouras permite que as crian\u00e7as tenham uma alimenta\u00e7\u00e3o saud\u00e1vel e produtos sempre frescos, com quase dez toneladas das entregues semanalmente.<br><br>Am\u00e9rico Wandscheer produz e distribui milho e mandiocas. Todo o processo \u00e9 feito por ele de forma quase artesanal, desde o plantio \u00e0 separa\u00e7\u00e3o. Com a renda que obt\u00e9m por meio da destina\u00e7\u00e3o aos produtos para a merenda dos alunos do Munic\u00edpio, consegue manter e at\u00e9 mesmo expandir a produ\u00e7\u00e3o.<br><br>\u201cVender somente no mercado informal n\u00e3o seria muito vi\u00e1vel, ent\u00e3o o programa nos ajuda muito a sobreviver. Nos programamos sempre para entregar o que \u00e9 necess\u00e1rio e n\u00e3o deixar faltar nada. Com a expans\u00e3o, conseguimos melhorar o trabalho, usando mais recursos e ganhando mais\u201d, contou.<br><br>Todos os produtos passam pela Cooperativa da Agricultura Familiar. S\u00e3o p\u00e3es, legumes, verduras e tub\u00e9rculos, sempre conferidos pela equipe antes de embarcarem nos caminh\u00f5es que os levam para as escolas, centros de educa\u00e7\u00e3o infantil, centros de conviv\u00eancia e institui\u00e7\u00f5es conveniadas.<br><br>A presidente da cooperativa, Luci Andreghetti, explica o papel central da institui\u00e7\u00e3o nesse contato entre a Prefeitura e os 170 produtores. \u201cSe o produto \u00e9 produzido em Foz, a Prefeitura faz quest\u00e3o de compr\u00e1-lo, ou seja, n\u00e3o \u00e9 somente adquirir a quantidade m\u00ednima, mas garantir que mais produtores sejam beneficiados\u201d, destacou.<br><br><strong>Aumento no investimento<br><br><\/strong>Com o objetivo de ampliar essa parceria, a Prefeitura, por meio da Secretaria Municipal da Educa\u00e7\u00e3o, vai investir R$ 5,2 milh\u00f5es ao ano em uma nova chamada p\u00fablica para a compra dos alimentos. O valor \u00e9 80% maior em compara\u00e7\u00e3o com o \u00faltimo contrato, cujo investimento foi de R$ 2,9 milh\u00f5es.&nbsp;<br><br>O prefeito Chico Brasileiro conta que em 2021 a prefeitura investiu R$ 16 milh\u00f5es com a alimenta\u00e7\u00e3o dos alunos. Somados aos R$ 3 milh\u00f5es repassados pelo Governo Federal, os gastos foram em merenda escolar, transporte dos alimentos e m\u00e3o de obra das cozinheiras.&nbsp;<br><br>\u201cFoi preciso corrigir o valor do repasse segundo a infla\u00e7\u00e3o para tornar o valor mais justo e digno para esses produtores. Tamb\u00e9m estamos aumentando a demanda de produtos que ser\u00e3o comprados, sempre pensando no bem estar dessas crian\u00e7as que ir\u00e3o receber comida de qualidade\u201d, garantiu o prefeito Chico Brasileiro.<br><br>Agricultores familiares, empreendedores rurais e organiza\u00e7\u00f5es podem entregar a documenta\u00e7\u00e3o necess\u00e1ria para a inscri\u00e7\u00e3o e o projeto de venda at\u00e9 o dia 19 de julho, \u00e0s 9h, na sede da Secretaria da Educa\u00e7\u00e3o, no Complexo Bordin (Avenida JK, n\u00ba 3.225 \u2013 sala 28).<br><br><strong>Alimenta\u00e7\u00e3o escolar<br><br><\/strong>As refei\u00e7\u00f5es servidas aos alunos da rede municipal s\u00e3o elaboradas pelas nutricionistas da Secretaria da Educa\u00e7\u00e3o e atendem ao Programa Nacional de Alimenta\u00e7\u00e3o Escolar (PNAE), que tem como objetivos a forma\u00e7\u00e3o de h\u00e1bitos saud\u00e1veis, o crescimento e o desenvolvimento da crian\u00e7a e a seguran\u00e7a alimentar e nutricional.<br><br>As escolas de atendimento parcial ofertam uma refei\u00e7\u00e3o por dia aos alunos, enquanto para o per\u00edodo integral, s\u00e3o tr\u00eas refei\u00e7\u00f5es. Nos Cmeis de per\u00edodo parcial, s\u00e3o ofertadas duas refei\u00e7\u00f5es por dia e para os de per\u00edodo integral, s\u00e3o quatro.<br><br>Os alunos que frequentam a modalidade Educa\u00e7\u00e3o de Jovens e Adultos (EJA) recebem no per\u00edodo noturno o jantar. Os Centros Escola Bairro tamb\u00e9m fornecem lanches aos alunos, 01 refei\u00e7\u00e3o por per\u00edodo. Em 2021, a prefeitura investiu R$ 16,3 milh\u00f5es com a alimenta\u00e7\u00e3o dos alunos.<\/p>\n","protected":false},"excerpt":{"rendered":"<p>S\u00e3o quase dez toneladas de produtos variados entregues semanalmente para a cooperativa que realiza a distribui\u00e7\u00e3o para as escolas e CMEIs Foto: Thiago Dutra\/PMFI. Antes de chegarem aos pratos dos mais de 25 mil alunos da rede municipal de ensino, cada alimento \u00e9 tratado com cuidado e zelo pelos produtores da agricultura familiar de Foz [&hellip;]<\/p>\n","protected":false},"author":2,"featured_media":10943,"comment_status":"open","ping_status":"open","sticky":false,"template":"","format":"standard","meta":{"om_disable_all_campaigns":false,"_monsterinsights_skip_tracking":false,"_monsterinsights_sitenote_active":false,"_monsterinsights_sitenote_note":"","_monsterinsights_sitenote_category":0,"footnotes":""},"categories":[4,8],"tags":[],"class_list":["post-10941","post","type-post","status-publish","format-standard","has-post-thumbnail","hentry","category-cidade","category-educaca0"],"_links":{"self":[{"href":"https:\/\/acontecenafronteira.com.br\/index.php\/wp-json\/wp\/v2\/posts\/10941","targetHints":{"allow":["GET"]}}],"collection":[{"href":"https:\/\/acontecenafronteira.com.br\/index.php\/wp-json\/wp\/v2\/posts"}],"about":[{"href":"https:\/\/acontecenafronteira.com.br\/index.php\/wp-json\/wp\/v2\/types\/post"}],"author":[{"embeddable":true,"href":"https:\/\/acontecenafronteira.com.br\/index.php\/wp-json\/wp\/v2\/users\/2"}],"replies":[{"embeddable":true,"href":"https:\/\/acontecenafronteira.com.br\/index.php\/wp-json\/wp\/v2\/comments?post=10941"}],"version-history":[{"count":1,"href":"https:\/\/acontecenafronteira.com.br\/index.php\/wp-json\/wp\/v2\/posts\/10941\/revisions"}],"predecessor-version":[{"id":10944,"href":"https:\/\/acontecenafronteira.com.br\/index.php\/wp-json\/wp\/v2\/posts\/10941\/revisions\/10944"}],"wp:featuredmedia":[{"embeddable":true,"href":"https:\/\/acontecenafronteira.com.br\/index.php\/wp-json\/wp\/v2\/media\/10943"}],"wp:attachment":[{"href":"https:\/\/acontecenafronteira.com.br\/index.php\/wp-json\/wp\/v2\/media?parent=10941"}],"wp:term":[{"taxonomy":"category","embeddable":true,"href":"https:\/\/acontecenafronteira.com.br\/index.php\/wp-json\/wp\/v2\/categories?post=10941"},{"taxonomy":"post_tag","embeddable":true,"href":"https:\/\/acontecenafronteira.com.br\/index.php\/wp-json\/wp\/v2\/tags?post=10941"}],"curies":[{"name":"wp","href":"https:\/\/api.w.org\/{rel}","templated":true}]}}