{"id":10915,"date":"2022-07-08T11:30:58","date_gmt":"2022-07-08T14:30:58","guid":{"rendered":"https:\/\/acontecenafronteira.com.br\/?p=10915"},"modified":"2022-07-08T11:30:59","modified_gmt":"2022-07-08T14:30:59","slug":"assaltante-e-morto-em-confronto-com-policiais-militares-em-foz-do-iguacu","status":"publish","type":"post","link":"https:\/\/acontecenafronteira.com.br\/index.php\/2022\/07\/08\/assaltante-e-morto-em-confronto-com-policiais-militares-em-foz-do-iguacu\/","title":{"rendered":"Assaltante \u00e9 morto em confronto com policiais militares em Foz do Igua\u00e7u"},"content":{"rendered":"\n<p>Por volta das 20h de quinta-feira (7), policiais militares do Grupo ROCAM, foram informados de um roubo na Vila Portes, iniciando buscas pelo criminosos. Em dado momento, a equipe localizou o ve\u00edculo Peugeot, utilizado no crime, sendo iniciado um acompanhamento t\u00e1tico.<\/p>\n\n\n\n<p>Durante o acompanhamento o condutor do ve\u00edculo caiu em um c\u00f3rrego e a equipe ao se aproximar foi recebida a tiros, sendo revidado pelos policiais.<\/p>\n\n\n\n<p>O autor dos disparos foi atingido, sendo acionada a equipe do SIATE para prestar atendimento. Quando os socorristas chegaram o suspeito j\u00e1 estava morto.<\/p>\n\n\n\n<p>No interior do ve\u00edculo foram localizados R$ 2.500,00 e uma pistola cal 9mm. Ainda contra o indiv\u00edduo, foi localizado um mandado de pris\u00e3o. O material apreendido foi encaminhado para a Delegacia da Pol\u00edcia Civil, onde foi apresentado para os procedimentos de praxe.<\/p>\n\n\n\n<figure class=\"wp-block-gallery has-nested-images columns-default is-cropped wp-block-gallery-1 is-layout-flex wp-block-gallery-is-layout-flex\">\n<figure class=\"wp-block-image size-large is-style-default\"><img loading=\"lazy\" decoding=\"async\" width=\"1024\" height=\"768\" data-id=\"10917\" src=\"https:\/\/acontecenafronteira.com.br\/wp-content\/uploads\/2022\/07\/a42121cb-0d5e-488c-9009-93c4c999b8b7-1024x768.jpg\" alt=\"\" class=\"wp-image-10917\" srcset=\"https:\/\/acontecenafronteira.com.br\/wp-content\/uploads\/2022\/07\/a42121cb-0d5e-488c-9009-93c4c999b8b7-1024x768.jpg 1024w, https:\/\/acontecenafronteira.com.br\/wp-content\/uploads\/2022\/07\/a42121cb-0d5e-488c-9009-93c4c999b8b7-300x225.jpg 300w, https:\/\/acontecenafronteira.com.br\/wp-content\/uploads\/2022\/07\/a42121cb-0d5e-488c-9009-93c4c999b8b7-768x576.jpg 768w, https:\/\/acontecenafronteira.com.br\/wp-content\/uploads\/2022\/07\/a42121cb-0d5e-488c-9009-93c4c999b8b7.jpg 1280w\" sizes=\"auto, (max-width: 1024px) 100vw, 1024px\" \/><\/figure>\n\n\n\n<figure class=\"wp-block-image size-large is-style-default\"><img loading=\"lazy\" decoding=\"async\" width=\"1024\" height=\"768\" data-id=\"10919\" src=\"https:\/\/acontecenafronteira.com.br\/wp-content\/uploads\/2022\/07\/84f9bfa7-c343-4c69-8452-2e27b28da836-1024x768.jpg\" alt=\"\" class=\"wp-image-10919\" srcset=\"https:\/\/acontecenafronteira.com.br\/wp-content\/uploads\/2022\/07\/84f9bfa7-c343-4c69-8452-2e27b28da836-1024x768.jpg 1024w, https:\/\/acontecenafronteira.com.br\/wp-content\/uploads\/2022\/07\/84f9bfa7-c343-4c69-8452-2e27b28da836-300x225.jpg 300w, https:\/\/acontecenafronteira.com.br\/wp-content\/uploads\/2022\/07\/84f9bfa7-c343-4c69-8452-2e27b28da836-768x576.jpg 768w, https:\/\/acontecenafronteira.com.br\/wp-content\/uploads\/2022\/07\/84f9bfa7-c343-4c69-8452-2e27b28da836.jpg 1280w\" sizes=\"auto, (max-width: 1024px) 100vw, 1024px\" \/><\/figure>\n\n\n\n<figure class=\"wp-block-image size-large is-style-default\"><img loading=\"lazy\" decoding=\"async\" width=\"1024\" height=\"768\" data-id=\"10918\" src=\"https:\/\/acontecenafronteira.com.br\/wp-content\/uploads\/2022\/07\/1b651aba-3c9e-4205-9465-648c60315eab-1024x768.jpg\" alt=\"\" class=\"wp-image-10918\" srcset=\"https:\/\/acontecenafronteira.com.br\/wp-content\/uploads\/2022\/07\/1b651aba-3c9e-4205-9465-648c60315eab-1024x768.jpg 1024w, https:\/\/acontecenafronteira.com.br\/wp-content\/uploads\/2022\/07\/1b651aba-3c9e-4205-9465-648c60315eab-300x225.jpg 300w, https:\/\/acontecenafronteira.com.br\/wp-content\/uploads\/2022\/07\/1b651aba-3c9e-4205-9465-648c60315eab-768x576.jpg 768w, https:\/\/acontecenafronteira.com.br\/wp-content\/uploads\/2022\/07\/1b651aba-3c9e-4205-9465-648c60315eab.jpg 1280w\" sizes=\"auto, (max-width: 1024px) 100vw, 1024px\" \/><\/figure>\n\n\n\n<figure class=\"wp-block-image size-large is-style-default\"><img loading=\"lazy\" decoding=\"async\" width=\"1024\" height=\"512\" data-id=\"10916\" src=\"https:\/\/acontecenafronteira.com.br\/wp-content\/uploads\/2022\/07\/8826f542-7df8-4e8e-a876-74d750c25728-1140x570-1-1024x512.jpg\" alt=\"\" class=\"wp-image-10916\" srcset=\"https:\/\/acontecenafronteira.com.br\/wp-content\/uploads\/2022\/07\/8826f542-7df8-4e8e-a876-74d750c25728-1140x570-1-1024x512.jpg 1024w, https:\/\/acontecenafronteira.com.br\/wp-content\/uploads\/2022\/07\/8826f542-7df8-4e8e-a876-74d750c25728-1140x570-1-300x150.jpg 300w, https:\/\/acontecenafronteira.com.br\/wp-content\/uploads\/2022\/07\/8826f542-7df8-4e8e-a876-74d750c25728-1140x570-1-768x384.jpg 768w, https:\/\/acontecenafronteira.com.br\/wp-content\/uploads\/2022\/07\/8826f542-7df8-4e8e-a876-74d750c25728-1140x570-1.jpg 1140w\" sizes=\"auto, (max-width: 1024px) 100vw, 1024px\" \/><\/figure>\n<\/figure>\n\n\n\n<p>14\u00baBPM\/Radio Cultura Foz<\/p>\n","protected":false},"excerpt":{"rendered":"<p>Por volta das 20h de quinta-feira (7), policiais militares do Grupo ROCAM, foram informados de um roubo na Vila Portes, iniciando buscas pelo criminosos. Em dado momento, a equipe localizou o ve\u00edculo Peugeot, utilizado no crime, sendo iniciado um acompanhamento t\u00e1tico. Durante o acompanhamento o condutor do ve\u00edculo caiu em um c\u00f3rrego e a equipe [&hellip;]<\/p>\n","protected":false},"author":2,"featured_media":10920,"comment_status":"open","ping_status":"open","sticky":false,"template":"","format":"standard","meta":{"om_disable_all_campaigns":false,"_monsterinsights_skip_tracking":false,"_monsterinsights_sitenote_active":false,"_monsterinsights_sitenote_note":"","_monsterinsights_sitenote_category":0,"footnotes":""},"categories":[4,5],"tags":[],"class_list":["post-10915","post","type-post","status-publish","format-standard","has-post-thumbnail","hentry","category-cidade","category-policia"],"_links":{"self":[{"href":"https:\/\/acontecenafronteira.com.br\/index.php\/wp-json\/wp\/v2\/posts\/10915","targetHints":{"allow":["GET"]}}],"collection":[{"href":"https:\/\/acontecenafronteira.com.br\/index.php\/wp-json\/wp\/v2\/posts"}],"about":[{"href":"https:\/\/acontecenafronteira.com.br\/index.php\/wp-json\/wp\/v2\/types\/post"}],"author":[{"embeddable":true,"href":"https:\/\/acontecenafronteira.com.br\/index.php\/wp-json\/wp\/v2\/users\/2"}],"replies":[{"embeddable":true,"href":"https:\/\/acontecenafronteira.com.br\/index.php\/wp-json\/wp\/v2\/comments?post=10915"}],"version-history":[{"count":1,"href":"https:\/\/acontecenafronteira.com.br\/index.php\/wp-json\/wp\/v2\/posts\/10915\/revisions"}],"predecessor-version":[{"id":10921,"href":"https:\/\/acontecenafronteira.com.br\/index.php\/wp-json\/wp\/v2\/posts\/10915\/revisions\/10921"}],"wp:featuredmedia":[{"embeddable":true,"href":"https:\/\/acontecenafronteira.com.br\/index.php\/wp-json\/wp\/v2\/media\/10920"}],"wp:attachment":[{"href":"https:\/\/acontecenafronteira.com.br\/index.php\/wp-json\/wp\/v2\/media?parent=10915"}],"wp:term":[{"taxonomy":"category","embeddable":true,"href":"https:\/\/acontecenafronteira.com.br\/index.php\/wp-json\/wp\/v2\/categories?post=10915"},{"taxonomy":"post_tag","embeddable":true,"href":"https:\/\/acontecenafronteira.com.br\/index.php\/wp-json\/wp\/v2\/tags?post=10915"}],"curies":[{"name":"wp","href":"https:\/\/api.w.org\/{rel}","templated":true}]}}