{"id":10894,"date":"2022-07-07T16:35:40","date_gmt":"2022-07-07T19:35:40","guid":{"rendered":"https:\/\/acontecenafronteira.com.br\/?p=10894"},"modified":"2022-07-07T16:35:42","modified_gmt":"2022-07-07T19:35:42","slug":"moradia-legal-mais-de-300-familias-do-morenitas-ii-iniciam-processo-para-receber-o-titulo-de-propriedade","status":"publish","type":"post","link":"https:\/\/acontecenafronteira.com.br\/index.php\/2022\/07\/07\/moradia-legal-mais-de-300-familias-do-morenitas-ii-iniciam-processo-para-receber-o-titulo-de-propriedade\/","title":{"rendered":"<br>Moradia Legal: Mais de 300 fam\u00edlias do Morenitas II iniciam processo para receber o t\u00edtulo de propriedade"},"content":{"rendered":"\n<p>Cadastramento ser\u00e1 no dia 11 de julho. Ao todo, 330 pessoas est\u00e3o aptas a participar da iniciativa<\/p>\n\n\n\n<p><em>Foto: Christian Rizzi\/PMFI.<\/em><br><br>A Par\u00f3quia Esp\u00edrito Santo e Nossa Senhora Aparecida, no bairro Morenitas II, ficou lotada na noite de quarta-feira (07), com moradores interessados em aderir ao Programa Moradia Legal para terem a regulariza\u00e7\u00e3o de suas resid\u00eancias.\u00a0<br><br>Participaram do encontro representantes da Prefeitura Municipal, do Fozhabita, do Tribunal de Justi\u00e7a do Paran\u00e1 (TJ-PR) e da C\u00e2mara de Vereadores, representada pelo presidente Ney Patr\u00edcio. Ao todo, 330 fam\u00edlias do bairro est\u00e3o aptas a participar da iniciativa do TJ-PR, a qual a administra\u00e7\u00e3o municipal aderiu em 2020.\u00a0<br><br>A reuni\u00e3o na par\u00f3quia faz parte da primeira fase do programa. Em seguida, inicia o cadastramento das fam\u00edlias que receber\u00e3o o t\u00edtulo da moradia pr\u00f3pria. O processo ser\u00e1 feito a partir da pr\u00f3xima segunda-feira (11) no mesmo endere\u00e7o &#8211; na Par\u00f3quia Esp\u00edrito Santo e Nossa Senhora Aparecida, das 8h \u00e0s 18h.<br><br>Em Foz do Igua\u00e7u, o Programa Moradia Legal j\u00e1 entregou 366 t\u00edtulos \u00e0s fam\u00edlias do Jardim Paran\u00e1, Vila Borges, Novo Mundo e Morumbi II e III. Foram cadastradas 1.800 fam\u00edlias dos bairros Morumbi I, Morumbi IV, Portal da Foz, Jardim S\u00e3o Paulo, Jardim Cl\u00e1udia, Vila Miranda, Conjunto Sohab, Jardim Bela Vista, Vila C, Jardim Dourado que est\u00e3o em processo aguardando senten\u00e7a.\u00a0<br><br>Com os n\u00fameros expressivos, Foz do Igua\u00e7u est\u00e1 na vanguarda da regulariza\u00e7\u00e3o fundi\u00e1ria urbana. A cidade ultrapassa os 160 munic\u00edpios inscritos no programa em n\u00famero de processos em andamento. A meta \u00e9 atender mais de 3 mil processos ainda neste ano.\u00a0<br><br>O Poder Judici\u00e1rio n\u00e3o cobra nenhuma taxa para a execu\u00e7\u00e3o dos processos. Os moradores pagar\u00e3o apenas os custos das documenta\u00e7\u00f5es e levantamento de dados por parte da empresa conveniada que realizar\u00e1 a formaliza\u00e7\u00e3o. A estimativa do Tribunal de Justi\u00e7a \u00e9 que a regulariza\u00e7\u00e3o ocorra num prazo de at\u00e9 seis meses ap\u00f3s a apresenta\u00e7\u00e3o dos documentos necess\u00e1rios.<br><br>Qualquer d\u00favida pode ser esclarecida atrav\u00e9s do atendimento do Fozhabita, que fica na Rua Quintino Bocai\u00fava, 595 &#8211; Centro,\u00a0 ou pelo telefone (45) 2105-8280. O atendimento \u00e9 feito das 8h \u00e0s 14h.<\/p>\n\n\n\n<figure class=\"wp-block-gallery has-nested-images columns-default is-cropped wp-block-gallery-1 is-layout-flex wp-block-gallery-is-layout-flex\">\n<figure class=\"wp-block-image size-large is-style-default\"><img loading=\"lazy\" decoding=\"async\" width=\"799\" height=\"565\" data-id=\"10895\" src=\"https:\/\/acontecenafronteira.com.br\/wp-content\/uploads\/2022\/07\/WhatsApp-Image-2022-07-07-at-14.55.58.jpeg\" alt=\"\" class=\"wp-image-10895\" srcset=\"https:\/\/acontecenafronteira.com.br\/wp-content\/uploads\/2022\/07\/WhatsApp-Image-2022-07-07-at-14.55.58.jpeg 799w, https:\/\/acontecenafronteira.com.br\/wp-content\/uploads\/2022\/07\/WhatsApp-Image-2022-07-07-at-14.55.58-300x212.jpeg 300w, https:\/\/acontecenafronteira.com.br\/wp-content\/uploads\/2022\/07\/WhatsApp-Image-2022-07-07-at-14.55.58-768x543.jpeg 768w\" sizes=\"auto, (max-width: 799px) 100vw, 799px\" \/><\/figure>\n\n\n\n<figure class=\"wp-block-image size-large is-style-default\"><img loading=\"lazy\" decoding=\"async\" width=\"799\" height=\"540\" data-id=\"10896\" src=\"https:\/\/acontecenafronteira.com.br\/wp-content\/uploads\/2022\/07\/WhatsApp-Image-2022-07-07-at-14.55.57-1.jpeg\" alt=\"\" class=\"wp-image-10896\" srcset=\"https:\/\/acontecenafronteira.com.br\/wp-content\/uploads\/2022\/07\/WhatsApp-Image-2022-07-07-at-14.55.57-1.jpeg 799w, https:\/\/acontecenafronteira.com.br\/wp-content\/uploads\/2022\/07\/WhatsApp-Image-2022-07-07-at-14.55.57-1-300x203.jpeg 300w, https:\/\/acontecenafronteira.com.br\/wp-content\/uploads\/2022\/07\/WhatsApp-Image-2022-07-07-at-14.55.57-1-768x519.jpeg 768w\" sizes=\"auto, (max-width: 799px) 100vw, 799px\" \/><\/figure>\n\n\n\n<figure class=\"wp-block-image size-large is-style-default\"><img loading=\"lazy\" decoding=\"async\" width=\"799\" height=\"533\" data-id=\"10897\" src=\"https:\/\/acontecenafronteira.com.br\/wp-content\/uploads\/2022\/07\/WhatsApp-Image-2022-07-07-at-14.55.57.jpeg\" alt=\"\" class=\"wp-image-10897\" srcset=\"https:\/\/acontecenafronteira.com.br\/wp-content\/uploads\/2022\/07\/WhatsApp-Image-2022-07-07-at-14.55.57.jpeg 799w, https:\/\/acontecenafronteira.com.br\/wp-content\/uploads\/2022\/07\/WhatsApp-Image-2022-07-07-at-14.55.57-300x200.jpeg 300w, https:\/\/acontecenafronteira.com.br\/wp-content\/uploads\/2022\/07\/WhatsApp-Image-2022-07-07-at-14.55.57-768x512.jpeg 768w\" sizes=\"auto, (max-width: 799px) 100vw, 799px\" \/><\/figure>\n\n\n\n<figure class=\"wp-block-image size-large is-style-default\"><img loading=\"lazy\" decoding=\"async\" width=\"799\" height=\"525\" data-id=\"10898\" src=\"https:\/\/acontecenafronteira.com.br\/wp-content\/uploads\/2022\/07\/WhatsApp-Image-2022-07-07-at-14.55.56.jpeg\" alt=\"\" class=\"wp-image-10898\" srcset=\"https:\/\/acontecenafronteira.com.br\/wp-content\/uploads\/2022\/07\/WhatsApp-Image-2022-07-07-at-14.55.56.jpeg 799w, https:\/\/acontecenafronteira.com.br\/wp-content\/uploads\/2022\/07\/WhatsApp-Image-2022-07-07-at-14.55.56-300x197.jpeg 300w, https:\/\/acontecenafronteira.com.br\/wp-content\/uploads\/2022\/07\/WhatsApp-Image-2022-07-07-at-14.55.56-768x505.jpeg 768w\" sizes=\"auto, (max-width: 799px) 100vw, 799px\" \/><\/figure>\n<\/figure>\n","protected":false},"excerpt":{"rendered":"<p>Cadastramento ser\u00e1 no dia 11 de julho. Ao todo, 330 pessoas est\u00e3o aptas a participar da iniciativa Foto: Christian Rizzi\/PMFI. A Par\u00f3quia Esp\u00edrito Santo e Nossa Senhora Aparecida, no bairro Morenitas II, ficou lotada na noite de quarta-feira (07), com moradores interessados em aderir ao Programa Moradia Legal para terem a regulariza\u00e7\u00e3o de suas resid\u00eancias.\u00a0 [&hellip;]<\/p>\n","protected":false},"author":2,"featured_media":10899,"comment_status":"open","ping_status":"open","sticky":false,"template":"","format":"standard","meta":{"om_disable_all_campaigns":false,"_monsterinsights_skip_tracking":false,"_monsterinsights_sitenote_active":false,"_monsterinsights_sitenote_note":"","_monsterinsights_sitenote_category":0,"footnotes":""},"categories":[4],"tags":[],"class_list":["post-10894","post","type-post","status-publish","format-standard","has-post-thumbnail","hentry","category-cidade"],"_links":{"self":[{"href":"https:\/\/acontecenafronteira.com.br\/index.php\/wp-json\/wp\/v2\/posts\/10894","targetHints":{"allow":["GET"]}}],"collection":[{"href":"https:\/\/acontecenafronteira.com.br\/index.php\/wp-json\/wp\/v2\/posts"}],"about":[{"href":"https:\/\/acontecenafronteira.com.br\/index.php\/wp-json\/wp\/v2\/types\/post"}],"author":[{"embeddable":true,"href":"https:\/\/acontecenafronteira.com.br\/index.php\/wp-json\/wp\/v2\/users\/2"}],"replies":[{"embeddable":true,"href":"https:\/\/acontecenafronteira.com.br\/index.php\/wp-json\/wp\/v2\/comments?post=10894"}],"version-history":[{"count":1,"href":"https:\/\/acontecenafronteira.com.br\/index.php\/wp-json\/wp\/v2\/posts\/10894\/revisions"}],"predecessor-version":[{"id":10900,"href":"https:\/\/acontecenafronteira.com.br\/index.php\/wp-json\/wp\/v2\/posts\/10894\/revisions\/10900"}],"wp:featuredmedia":[{"embeddable":true,"href":"https:\/\/acontecenafronteira.com.br\/index.php\/wp-json\/wp\/v2\/media\/10899"}],"wp:attachment":[{"href":"https:\/\/acontecenafronteira.com.br\/index.php\/wp-json\/wp\/v2\/media?parent=10894"}],"wp:term":[{"taxonomy":"category","embeddable":true,"href":"https:\/\/acontecenafronteira.com.br\/index.php\/wp-json\/wp\/v2\/categories?post=10894"},{"taxonomy":"post_tag","embeddable":true,"href":"https:\/\/acontecenafronteira.com.br\/index.php\/wp-json\/wp\/v2\/tags?post=10894"}],"curies":[{"name":"wp","href":"https:\/\/api.w.org\/{rel}","templated":true}]}}