{"id":10886,"date":"2022-07-07T16:32:36","date_gmt":"2022-07-07T19:32:36","guid":{"rendered":"https:\/\/acontecenafronteira.com.br\/?p=10886"},"modified":"2022-07-07T16:32:37","modified_gmt":"2022-07-07T19:32:37","slug":"foz-do-iguacu-recebe-dois-voos-extras-nas-ferias-de-julho","status":"publish","type":"post","link":"https:\/\/acontecenafronteira.com.br\/index.php\/2022\/07\/07\/foz-do-iguacu-recebe-dois-voos-extras-nas-ferias-de-julho\/","title":{"rendered":"Foz do Igua\u00e7u recebe dois voos extras nas f\u00e9rias de julho"},"content":{"rendered":"\n<p>Viagens diretas para Florian\u00f3polis e Belo Horizonte iniciaram no \u00faltimo final de semana<\/p>\n\n\n\n<p><em>Foto: Jonathan Campos\/AEN.<\/em><br><br>O Aeroporto Internacional de Foz do Igua\u00e7u recebeu voos extras nas f\u00e9rias de julho. As viagens diretas para Florian\u00f3polis (SC) e Belo Horizonte (MG) entraram em opera\u00e7\u00e3o no \u00faltimo final de semana. A boa perspectiva de julho, afirma o prefeito Chico Brasileiro, j\u00e1 traz o resultado das campanhas e a\u00e7\u00f5es de divulga\u00e7\u00e3o do destino. &#8220;Nossa cidade est\u00e1 preparada para receber os turistas&#8221;.<br><br>Os voos extras fazem parte da parceria da concession\u00e1ria CCR com a companhia a\u00e9rea Azul. As partidas t\u00eam frequ\u00eancia segunda, quarta, sexta, s\u00e1bado e domingo, com decolagem de ida para Belo Horizonte \u00e0s 16h e retorno no dia seguinte, \u00e0s 13h10. A rota com Florian\u00f3polis sai sempre \u00e0s 17h40, com retorno \u00e0s 15h30 do dia seguinte.<br><br>O secret\u00e1rio de Turismo, Paulo Angeli, disse que as conversas com a concession\u00e1ria do terminal aeroportu\u00e1rio e as companhias a\u00e9reas t\u00eam ocorrido constantemente. &#8220;Foz do Igua\u00e7u \u00e9 um dos destinos tur\u00edsticos mais procurados em todo o mundo e a conectividade a\u00e9rea ser\u00e1 fundamental para atender esta demanda&#8221;, disse.<br><br><strong>Pr\u00e9-pandemia<\/strong><br><br>A meta, segundo o prefeito Chico Brasileiro, \u00e9 alcan\u00e7ar n\u00fameros como os de julho de 2019, quando 225.588 visitaram o parque. No mesmo m\u00eas, em 2020, a unidade ficou fechada por causa da pandemia. Em 2021, o atrativo recebeu 56.819 visitantes no mesmo per\u00edodo.<br><br>&#8220;Temos a nosso favor as campanhas e a\u00e7\u00f5es de promo\u00e7\u00e3o e divulga\u00e7\u00e3o desenvolvidas pelos \u00f3rg\u00e3os de turismo no mercado interno e junto a Argentina e o Paraguai&#8221;, disse o prefeito. Foz do Igua\u00e7u, em especial as Cataratas do Igua\u00e7u, est\u00e1 nas campanhas internacionais da Embratur, o que refor\u00e7a a imagem do destino em pa\u00edses da Am\u00e9rica Latina, lembra.<br><br>Outro fator, ainda de acordo com Chico Brasileiro, s\u00e3o os novos atrativos como a Roda Gigante, Dreamland, Museu de Cera e Movies Cars, que tamb\u00e9m aguardam o incremento no movimento. A Roda Gigante tem uma vista geral das cidades da tr\u00edplice fronteira, j\u00e1 Dreamland, Museu de Cera e Movies Cars apontam no turismo indoor, mais comuns no inverno.<br><br><strong>Preparativos<\/strong><br><br>As proje\u00e7\u00f5es indicam que a movimenta\u00e7\u00e3o tur\u00edstica em julho deste ano pode chegar muito pr\u00f3xima do pico registrado no mesmo per\u00edodo em 2019, antes da pandemia. O aumento na procura motivou os atrativos tur\u00edsticos ajustar os hor\u00e1rios de atendimento aos visitantes.<br><br>O Parque Nacional do Igua\u00e7u, s\u00e9tima atra\u00e7\u00e3o tur\u00edstica no mundo, voltar\u00e1 a abrir todos os dias a partir deste s\u00e1bado, 9. Do dia 9 a 24 de julho, abrir\u00e1 uma hora mais cedo, das 8h \u00e0s 16h. Na Itaipu, a novidade \u00e9 o aplicativo \u201cItaipu Turismo\u201d que traz informa\u00e7\u00f5es do complexo e permite a compra de passeios, avaliar e acessar curiosidades e experi\u00eancias sobre as atra\u00e7\u00f5es.<br><br>O Marco das Tr\u00eas Fronteiras organiza uma programa\u00e7\u00e3o especial para suas atra\u00e7\u00f5es art\u00edstico-culturais, al\u00e9m da vista da tr\u00edplice fronteira (foz do rio Igua\u00e7u com o rio Paran\u00e1), dos marcos instalados em Puerto Iguaz\u00fa e Presidente Franco e do restaurante no local que funciona a partir das 17h.<br><br>A ocupa\u00e7\u00e3o da rede hoteleira tamb\u00e9m aponta para uma m\u00e9dia de 50% a 75% no m\u00eas de julho, afirma Marcelo Martini, presidente do Sindhot\u00e9is. \u201cA expectativa \u00e9 de um m\u00eas \u00f3timo para hotelaria de Foz do Igua\u00e7u&#8221;. Os estabelecimentos v\u00e3o ofertar atra\u00e7\u00f5es para crian\u00e7as e festas tem\u00e1ticas no per\u00edodo.<\/p>\n","protected":false},"excerpt":{"rendered":"<p>Viagens diretas para Florian\u00f3polis e Belo Horizonte iniciaram no \u00faltimo final de semana Foto: Jonathan Campos\/AEN. O Aeroporto Internacional de Foz do Igua\u00e7u recebeu voos extras nas f\u00e9rias de julho. As viagens diretas para Florian\u00f3polis (SC) e Belo Horizonte (MG) entraram em opera\u00e7\u00e3o no \u00faltimo final de semana. A boa perspectiva de julho, afirma o [&hellip;]<\/p>\n","protected":false},"author":2,"featured_media":10887,"comment_status":"open","ping_status":"open","sticky":false,"template":"","format":"standard","meta":{"om_disable_all_campaigns":false,"_monsterinsights_skip_tracking":false,"_monsterinsights_sitenote_active":false,"_monsterinsights_sitenote_note":"","_monsterinsights_sitenote_category":0,"footnotes":""},"categories":[4,9],"tags":[],"class_list":["post-10886","post","type-post","status-publish","format-standard","has-post-thumbnail","hentry","category-cidade","category-turismo"],"_links":{"self":[{"href":"https:\/\/acontecenafronteira.com.br\/index.php\/wp-json\/wp\/v2\/posts\/10886","targetHints":{"allow":["GET"]}}],"collection":[{"href":"https:\/\/acontecenafronteira.com.br\/index.php\/wp-json\/wp\/v2\/posts"}],"about":[{"href":"https:\/\/acontecenafronteira.com.br\/index.php\/wp-json\/wp\/v2\/types\/post"}],"author":[{"embeddable":true,"href":"https:\/\/acontecenafronteira.com.br\/index.php\/wp-json\/wp\/v2\/users\/2"}],"replies":[{"embeddable":true,"href":"https:\/\/acontecenafronteira.com.br\/index.php\/wp-json\/wp\/v2\/comments?post=10886"}],"version-history":[{"count":1,"href":"https:\/\/acontecenafronteira.com.br\/index.php\/wp-json\/wp\/v2\/posts\/10886\/revisions"}],"predecessor-version":[{"id":10888,"href":"https:\/\/acontecenafronteira.com.br\/index.php\/wp-json\/wp\/v2\/posts\/10886\/revisions\/10888"}],"wp:featuredmedia":[{"embeddable":true,"href":"https:\/\/acontecenafronteira.com.br\/index.php\/wp-json\/wp\/v2\/media\/10887"}],"wp:attachment":[{"href":"https:\/\/acontecenafronteira.com.br\/index.php\/wp-json\/wp\/v2\/media?parent=10886"}],"wp:term":[{"taxonomy":"category","embeddable":true,"href":"https:\/\/acontecenafronteira.com.br\/index.php\/wp-json\/wp\/v2\/categories?post=10886"},{"taxonomy":"post_tag","embeddable":true,"href":"https:\/\/acontecenafronteira.com.br\/index.php\/wp-json\/wp\/v2\/tags?post=10886"}],"curies":[{"name":"wp","href":"https:\/\/api.w.org\/{rel}","templated":true}]}}